{"id":3352,"date":"2016-02-28T15:46:46","date_gmt":"2016-02-28T15:46:46","guid":{"rendered":"http:\/\/www.teo.com.br\/?p=3352"},"modified":"2016-02-28T15:46:46","modified_gmt":"2016-02-28T15:46:46","slug":"entrou-na-plataforma-vtex-entra-no-marketplace-b2w","status":"publish","type":"post","link":"https:\/\/teo.com.br\/noticias\/2016\/02\/28\/entrou-na-plataforma-vtex-entra-no-marketplace-b2w\/","title":{"rendered":"Entrou na plataforma Vtex, entra no Marketplace B2W"},"content":{"rendered":"<p>Ontem a noite o Mariano da Vtex, junto com o Pessin da B2W anunciaram:<br \/>\n&#8220;Entrou na Vtex, est\u00e1 dentro da B2W&#8221;.<\/p>\n<p>O que isso demonstra? A import\u00e2ncia de estar presente no Marketplace.<\/p>\n<p>A grande dica que fica \u00e9 encontrar uma plataforma plugada nos marketplaces.<\/p>\n","protected":false},"excerpt":{"rendered":"<p>Ontem a noite o Mariano da Vtex, junto com o Pessin da B2W anunciaram: &#8220;Entrou na Vtex, est\u00e1 dentro da B2W&#8221;. O que isso demonstra? A import\u00e2ncia de estar presente&hellip;<\/p>\n","protected":false},"author":1,"featured_media":0,"comment_status":"open","ping_status":"closed","sticky":false,"template":"","format":"standard","meta":{"footnotes":""},"categories":[9],"tags":[],"class_list":["post-3352","post","type-post","status-publish","format-standard","hentry","category-adwords"],"aioseo_notices":[],"aioseo_head":"\n\t\t<!-- All in One SEO 5.0.0.1 - aioseo.com -->\n\t<meta name=\"description\" content=\"Ontem a noite o Mariano da Vtex, junto com o Pessin da B2W anunciaram: &quot;Entrou na Vtex, est\u00e1 dentro da B2W&quot;. O que isso demonstra? A import\u00e2ncia de estar presente no Marketplace. A grande dica que fica \u00e9 encontrar uma plataforma plugada nos marketplaces.\" \/>\n\t<meta name=\"robots\" content=\"max-image-preview:large\" \/>\n\t<meta name=\"author\" content=\"teocosta\"\/>\n\t<link rel=\"canonical\" href=\"https:\/\/teo.com.br\/noticias\/2016\/02\/28\/entrou-na-plataforma-vtex-entra-no-marketplace-b2w\/\" \/>\n\t<meta name=\"generator\" content=\"All in One SEO (AIOSEO) 5.0.0.1\" \/>\n\t\t<meta property=\"og:locale\" content=\"pt_BR\" \/>\n\t\t<meta property=\"og:site_name\" content=\"Teo - Head TI - DPO\" \/>\n\t\t<meta property=\"og:type\" content=\"article\" \/>\n\t\t<meta property=\"og:title\" content=\"Entrou na plataforma Vtex, entra no Marketplace B2W - Teo\" \/>\n\t\t<meta property=\"og:description\" content=\"Ontem a noite o Mariano da Vtex, junto com o Pessin da B2W anunciaram: &quot;Entrou na Vtex, est\u00e1 dentro da B2W&quot;. O que isso demonstra? A import\u00e2ncia de estar presente no Marketplace. A grande dica que fica \u00e9 encontrar uma plataforma plugada nos marketplaces.\" \/>\n\t\t<meta property=\"og:url\" content=\"https:\/\/teo.com.br\/noticias\/2016\/02\/28\/entrou-na-plataforma-vtex-entra-no-marketplace-b2w\/\" \/>\n\t\t<meta property=\"og:image\" content=\"https:\/\/teo.com.br\/wp-content\/uploads\/2024\/03\/cropped-teo.jpg\" \/>\n\t\t<meta property=\"og:image:secure_url\" content=\"https:\/\/teo.com.br\/wp-content\/uploads\/2024\/03\/cropped-teo.jpg\" \/>\n\t\t<meta property=\"article:published_time\" content=\"2016-02-28T15:46:46+00:00\" \/>\n\t\t<meta property=\"article:modified_time\" content=\"2016-02-28T15:46:46+00:00\" \/>\n\t\t<meta name=\"twitter:card\" content=\"summary_large_image\" \/>\n\t\t<meta name=\"twitter:title\" content=\"Entrou na plataforma Vtex, entra no Marketplace B2W - Teo\" \/>\n\t\t<meta name=\"twitter:description\" content=\"Ontem a noite o Mariano da Vtex, junto com o Pessin da B2W anunciaram: &quot;Entrou na Vtex, est\u00e1 dentro da B2W&quot;. O que isso demonstra? A import\u00e2ncia de estar presente no Marketplace. A grande dica que fica \u00e9 encontrar uma plataforma plugada nos marketplaces.\" \/>\n\t\t<meta name=\"twitter:image\" content=\"https:\/\/teo.com.br\/wp-content\/uploads\/2024\/03\/cropped-teo.jpg\" \/>\n\t\t<script type=\"application\/ld+json\" class=\"aioseo-schema\">\n\t\t\t{\"@context\":\"https:\\\/\\\/schema.org\",\"@graph\":[{\"@type\":\"BlogPosting\",\"@id\":\"https:\\\/\\\/teo.com.br\\\/noticias\\\/2016\\\/02\\\/28\\\/entrou-na-plataforma-vtex-entra-no-marketplace-b2w\\\/#blogposting\",\"name\":\"Entrou na plataforma Vtex, entra no Marketplace B2W - Teo\",\"headline\":\"Entrou na plataforma Vtex, entra no Marketplace B2W\",\"author\":{\"@id\":\"https:\\\/\\\/teo.com.br\\\/noticias\\\/author\\\/temcosta\\\/#author\"},\"publisher\":{\"@id\":\"https:\\\/\\\/teo.com.br\\\/noticias\\\/#organization\"},\"datePublished\":\"2016-02-28T15:46:46-03:00\",\"dateModified\":\"2016-02-28T15:46:46-03:00\",\"inLanguage\":\"pt-BR\",\"mainEntityOfPage\":{\"@id\":\"https:\\\/\\\/teo.com.br\\\/noticias\\\/2016\\\/02\\\/28\\\/entrou-na-plataforma-vtex-entra-no-marketplace-b2w\\\/#webpage\"},\"isPartOf\":{\"@id\":\"https:\\\/\\\/teo.com.br\\\/noticias\\\/2016\\\/02\\\/28\\\/entrou-na-plataforma-vtex-entra-no-marketplace-b2w\\\/#webpage\"},\"articleSection\":\"Adwords\"},{\"@type\":\"BreadcrumbList\",\"@id\":\"https:\\\/\\\/teo.com.br\\\/noticias\\\/2016\\\/02\\\/28\\\/entrou-na-plataforma-vtex-entra-no-marketplace-b2w\\\/#breadcrumblist\",\"itemListElement\":[{\"@type\":\"ListItem\",\"@id\":\"https:\\\/\\\/teo.com.br\\\/noticias#listItem\",\"position\":1,\"name\":\"Home\",\"item\":\"https:\\\/\\\/teo.com.br\\\/noticias\",\"nextItem\":{\"@type\":\"ListItem\",\"@id\":\"https:\\\/\\\/teo.com.br\\\/noticias\\\/categoria\\\/adwords\\\/#listItem\",\"name\":\"Adwords\"}},{\"@type\":\"ListItem\",\"@id\":\"https:\\\/\\\/teo.com.br\\\/noticias\\\/categoria\\\/adwords\\\/#listItem\",\"position\":2,\"name\":\"Adwords\",\"item\":\"https:\\\/\\\/teo.com.br\\\/noticias\\\/categoria\\\/adwords\\\/\",\"nextItem\":{\"@type\":\"ListItem\",\"@id\":\"https:\\\/\\\/teo.com.br\\\/noticias\\\/2016\\\/02\\\/28\\\/entrou-na-plataforma-vtex-entra-no-marketplace-b2w\\\/#listItem\",\"name\":\"Entrou na plataforma Vtex, entra no Marketplace B2W\"},\"previousItem\":{\"@type\":\"ListItem\",\"@id\":\"https:\\\/\\\/teo.com.br\\\/noticias#listItem\",\"name\":\"Home\"}},{\"@type\":\"ListItem\",\"@id\":\"https:\\\/\\\/teo.com.br\\\/noticias\\\/2016\\\/02\\\/28\\\/entrou-na-plataforma-vtex-entra-no-marketplace-b2w\\\/#listItem\",\"position\":3,\"name\":\"Entrou na plataforma Vtex, entra no Marketplace B2W\",\"previousItem\":{\"@type\":\"ListItem\",\"@id\":\"https:\\\/\\\/teo.com.br\\\/noticias\\\/categoria\\\/adwords\\\/#listItem\",\"name\":\"Adwords\"}}]},{\"@type\":\"Organization\",\"@id\":\"https:\\\/\\\/teo.com.br\\\/noticias\\\/#organization\",\"name\":\"Teo Costa - Tecnologia e Solu\\u00e7\\u00f5es Corporativas em Seguran\\u00e7a Contra Inc\\u00eandio Pesquisa de Satisfa\\u00e7\\u00e3o\",\"description\":\"Head TI - DPO\",\"url\":\"https:\\\/\\\/teo.com.br\\\/noticias\\\/\"},{\"@type\":\"Person\",\"@id\":\"https:\\\/\\\/teo.com.br\\\/noticias\\\/author\\\/temcosta\\\/#author\",\"url\":\"https:\\\/\\\/teo.com.br\\\/noticias\\\/author\\\/temcosta\\\/\",\"name\":\"teocosta\",\"image\":{\"@type\":\"ImageObject\",\"@id\":\"https:\\\/\\\/teo.com.br\\\/noticias\\\/2016\\\/02\\\/28\\\/entrou-na-plataforma-vtex-entra-no-marketplace-b2w\\\/#authorImage\",\"url\":\"https:\\\/\\\/secure.gravatar.com\\\/avatar\\\/9eaa33a8942fc7cb0be99e3b8f5a8f798b4647876bd8c39ebfc4b1f5753beac2?s=96&d=mm&r=g\",\"width\":96,\"height\":96,\"caption\":\"teocosta\"}},{\"@type\":\"WebPage\",\"@id\":\"https:\\\/\\\/teo.com.br\\\/noticias\\\/2016\\\/02\\\/28\\\/entrou-na-plataforma-vtex-entra-no-marketplace-b2w\\\/#webpage\",\"url\":\"https:\\\/\\\/teo.com.br\\\/noticias\\\/2016\\\/02\\\/28\\\/entrou-na-plataforma-vtex-entra-no-marketplace-b2w\\\/\",\"name\":\"Entrou na plataforma Vtex, entra no Marketplace B2W - Teo\",\"description\":\"Ontem a noite o Mariano da Vtex, junto com o Pessin da B2W anunciaram: \\\"Entrou na Vtex, est\\u00e1 dentro da B2W\\\". O que isso demonstra? A import\\u00e2ncia de estar presente no Marketplace. A grande dica que fica \\u00e9 encontrar uma plataforma plugada nos marketplaces.\",\"inLanguage\":\"pt-BR\",\"isPartOf\":{\"@id\":\"https:\\\/\\\/teo.com.br\\\/noticias\\\/#website\"},\"breadcrumb\":{\"@id\":\"https:\\\/\\\/teo.com.br\\\/noticias\\\/2016\\\/02\\\/28\\\/entrou-na-plataforma-vtex-entra-no-marketplace-b2w\\\/#breadcrumblist\"},\"author\":{\"@id\":\"https:\\\/\\\/teo.com.br\\\/noticias\\\/author\\\/temcosta\\\/#author\"},\"creator\":{\"@id\":\"https:\\\/\\\/teo.com.br\\\/noticias\\\/author\\\/temcosta\\\/#author\"},\"datePublished\":\"2016-02-28T15:46:46-03:00\",\"dateModified\":\"2016-02-28T15:46:46-03:00\"},{\"@type\":\"WebSite\",\"@id\":\"https:\\\/\\\/teo.com.br\\\/noticias\\\/#website\",\"url\":\"https:\\\/\\\/teo.com.br\\\/noticias\\\/\",\"name\":\"Teo Costa - Tecnologia e Solu\\u00e7\\u00f5es Corporativas em Seguran\\u00e7a Contra Inc\\u00eandio Pesquisa de Satisfa\\u00e7\\u00e3o\",\"description\":\"Head TI - DPO\",\"inLanguage\":\"pt-BR\",\"publisher\":{\"@id\":\"https:\\\/\\\/teo.com.br\\\/noticias\\\/#organization\"}}]}\n\t\t<\/script>\n\t\t<!-- All in One SEO -->\n\n","aioseo_head_json":{"title":"Entrou na plataforma Vtex, entra no Marketplace B2W - Teo","description":"Ontem a noite o Mariano da Vtex, junto com o Pessin da B2W anunciaram: \"Entrou na Vtex, est\u00e1 dentro da B2W\". O que isso demonstra? A import\u00e2ncia de estar presente no Marketplace. A grande dica que fica \u00e9 encontrar uma plataforma plugada nos marketplaces.","canonical_url":"https:\/\/teo.com.br\/noticias\/2016\/02\/28\/entrou-na-plataforma-vtex-entra-no-marketplace-b2w\/","robots":"max-image-preview:large","keywords":"","webmasterTools":{"miscellaneous":""},"schema":{"@context":"https:\/\/schema.org","@graph":[{"@type":"BlogPosting","@id":"https:\/\/teo.com.br\/noticias\/2016\/02\/28\/entrou-na-plataforma-vtex-entra-no-marketplace-b2w\/#blogposting","name":"Entrou na plataforma Vtex, entra no Marketplace B2W - Teo","headline":"Entrou na plataforma Vtex, entra no Marketplace B2W","author":{"@id":"https:\/\/teo.com.br\/noticias\/author\/temcosta\/#author"},"publisher":{"@id":"https:\/\/teo.com.br\/noticias\/#organization"},"datePublished":"2016-02-28T15:46:46-03:00","dateModified":"2016-02-28T15:46:46-03:00","inLanguage":"pt-BR","mainEntityOfPage":{"@id":"https:\/\/teo.com.br\/noticias\/2016\/02\/28\/entrou-na-plataforma-vtex-entra-no-marketplace-b2w\/#webpage"},"isPartOf":{"@id":"https:\/\/teo.com.br\/noticias\/2016\/02\/28\/entrou-na-plataforma-vtex-entra-no-marketplace-b2w\/#webpage"},"articleSection":"Adwords"},{"@type":"BreadcrumbList","@id":"https:\/\/teo.com.br\/noticias\/2016\/02\/28\/entrou-na-plataforma-vtex-entra-no-marketplace-b2w\/#breadcrumblist","itemListElement":[{"@type":"ListItem","@id":"https:\/\/teo.com.br\/noticias#listItem","position":1,"name":"Home","item":"https:\/\/teo.com.br\/noticias","nextItem":{"@type":"ListItem","@id":"https:\/\/teo.com.br\/noticias\/categoria\/adwords\/#listItem","name":"Adwords"}},{"@type":"ListItem","@id":"https:\/\/teo.com.br\/noticias\/categoria\/adwords\/#listItem","position":2,"name":"Adwords","item":"https:\/\/teo.com.br\/noticias\/categoria\/adwords\/","nextItem":{"@type":"ListItem","@id":"https:\/\/teo.com.br\/noticias\/2016\/02\/28\/entrou-na-plataforma-vtex-entra-no-marketplace-b2w\/#listItem","name":"Entrou na plataforma Vtex, entra no Marketplace B2W"},"previousItem":{"@type":"ListItem","@id":"https:\/\/teo.com.br\/noticias#listItem","name":"Home"}},{"@type":"ListItem","@id":"https:\/\/teo.com.br\/noticias\/2016\/02\/28\/entrou-na-plataforma-vtex-entra-no-marketplace-b2w\/#listItem","position":3,"name":"Entrou na plataforma Vtex, entra no Marketplace B2W","previousItem":{"@type":"ListItem","@id":"https:\/\/teo.com.br\/noticias\/categoria\/adwords\/#listItem","name":"Adwords"}}]},{"@type":"Organization","@id":"https:\/\/teo.com.br\/noticias\/#organization","name":"Teo Costa - Tecnologia e Solu\u00e7\u00f5es Corporativas em Seguran\u00e7a Contra Inc\u00eandio Pesquisa de Satisfa\u00e7\u00e3o","description":"Head TI - DPO","url":"https:\/\/teo.com.br\/noticias\/"},{"@type":"Person","@id":"https:\/\/teo.com.br\/noticias\/author\/temcosta\/#author","url":"https:\/\/teo.com.br\/noticias\/author\/temcosta\/","name":"teocosta","image":{"@type":"ImageObject","@id":"https:\/\/teo.com.br\/noticias\/2016\/02\/28\/entrou-na-plataforma-vtex-entra-no-marketplace-b2w\/#authorImage","url":"https:\/\/secure.gravatar.com\/avatar\/9eaa33a8942fc7cb0be99e3b8f5a8f798b4647876bd8c39ebfc4b1f5753beac2?s=96&d=mm&r=g","width":96,"height":96,"caption":"teocosta"}},{"@type":"WebPage","@id":"https:\/\/teo.com.br\/noticias\/2016\/02\/28\/entrou-na-plataforma-vtex-entra-no-marketplace-b2w\/#webpage","url":"https:\/\/teo.com.br\/noticias\/2016\/02\/28\/entrou-na-plataforma-vtex-entra-no-marketplace-b2w\/","name":"Entrou na plataforma Vtex, entra no Marketplace B2W - Teo","description":"Ontem a noite o Mariano da Vtex, junto com o Pessin da B2W anunciaram: \"Entrou na Vtex, est\u00e1 dentro da B2W\". O que isso demonstra? A import\u00e2ncia de estar presente no Marketplace. A grande dica que fica \u00e9 encontrar uma plataforma plugada nos marketplaces.","inLanguage":"pt-BR","isPartOf":{"@id":"https:\/\/teo.com.br\/noticias\/#website"},"breadcrumb":{"@id":"https:\/\/teo.com.br\/noticias\/2016\/02\/28\/entrou-na-plataforma-vtex-entra-no-marketplace-b2w\/#breadcrumblist"},"author":{"@id":"https:\/\/teo.com.br\/noticias\/author\/temcosta\/#author"},"creator":{"@id":"https:\/\/teo.com.br\/noticias\/author\/temcosta\/#author"},"datePublished":"2016-02-28T15:46:46-03:00","dateModified":"2016-02-28T15:46:46-03:00"},{"@type":"WebSite","@id":"https:\/\/teo.com.br\/noticias\/#website","url":"https:\/\/teo.com.br\/noticias\/","name":"Teo Costa - Tecnologia e Solu\u00e7\u00f5es Corporativas em Seguran\u00e7a Contra Inc\u00eandio Pesquisa de Satisfa\u00e7\u00e3o","description":"Head TI - DPO","inLanguage":"pt-BR","publisher":{"@id":"https:\/\/teo.com.br\/noticias\/#organization"}}]},"og:locale":"pt_BR","og:site_name":"Teo - Head TI - DPO","og:type":"article","og:title":"Entrou na plataforma Vtex, entra no Marketplace B2W - Teo","og:description":"Ontem a noite o Mariano da Vtex, junto com o Pessin da B2W anunciaram: &quot;Entrou na Vtex, est\u00e1 dentro da B2W&quot;. O que isso demonstra? A import\u00e2ncia de estar presente no Marketplace. A grande dica que fica \u00e9 encontrar uma plataforma plugada nos marketplaces.","og:url":"https:\/\/teo.com.br\/noticias\/2016\/02\/28\/entrou-na-plataforma-vtex-entra-no-marketplace-b2w\/","og:image":"https:\/\/teo.com.br\/wp-content\/uploads\/2024\/03\/cropped-teo.jpg","og:image:secure_url":"https:\/\/teo.com.br\/wp-content\/uploads\/2024\/03\/cropped-teo.jpg","article:published_time":"2016-02-28T15:46:46+00:00","article:modified_time":"2016-02-28T15:46:46+00:00","twitter:card":"summary_large_image","twitter:title":"Entrou na plataforma Vtex, entra no Marketplace B2W - Teo","twitter:description":"Ontem a noite o Mariano da Vtex, junto com o Pessin da B2W anunciaram: &quot;Entrou na Vtex, est\u00e1 dentro da B2W&quot;. O que isso demonstra? A import\u00e2ncia de estar presente no Marketplace. A grande dica que fica \u00e9 encontrar uma plataforma plugada nos marketplaces.","twitter:image":"https:\/\/teo.com.br\/wp-content\/uploads\/2024\/03\/cropped-teo.jpg"},"aioseo_meta_data":{"post_id":"3352","title":null,"description":null,"keywords":null,"keyphrases":null,"primary_term":null,"canonical_url":null,"og_title":null,"og_description":null,"og_object_type":"default","og_image_type":"default","og_image_url":null,"og_image_width":null,"og_image_height":null,"og_image_custom_url":null,"og_image_custom_fields":null,"og_video":null,"og_custom_url":null,"og_article_section":null,"og_article_tags":null,"twitter_use_og":false,"twitter_card":"default","twitter_image_type":"default","twitter_image_url":null,"twitter_image_custom_url":null,"twitter_image_custom_fields":null,"twitter_title":null,"twitter_description":null,"schema":{"blockGraphs":[],"customGraphs":[],"default":{"data":{"Article":[],"Course":[],"Dataset":[],"FAQPage":[],"Movie":[],"Person":[],"Product":[],"ProductReview":[],"Car":[],"Recipe":[],"Service":[],"SoftwareApplication":[],"WebPage":[]},"graphName":"","isEnabled":true},"graphs":[]},"schema_type":"default","schema_type_options":null,"pillar_content":false,"robots_default":true,"robots_noindex":false,"robots_noarchive":false,"robots_nosnippet":false,"robots_nofollow":false,"robots_noimageindex":false,"robots_noodp":false,"robots_notranslate":false,"robots_max_snippet":null,"robots_max_videopreview":null,"robots_max_imagepreview":"large","priority":null,"frequency":null,"local_seo":null,"breadcrumb_settings":null,"limit_modified_date":false,"ai":null,"created":"2024-04-08 21:55:49","updated":"2025-09-12 20:43:27","seo_analyzer_scan_date":null,"focus_keyword":null,"additional_keywords":null,"truseo_locale":null},"aioseo_breadcrumb":"<div class=\"aioseo-breadcrumbs\"><span class=\"aioseo-breadcrumb\">\n\t\t\t<a href=\"https:\/\/teo.com.br\/noticias\" title=\"Home\">Home<\/a>\n\t\t<\/span><span class=\"aioseo-breadcrumb-separator\">&raquo;<\/span><span class=\"aioseo-breadcrumb\">\n\t\t\t<a href=\"https:\/\/teo.com.br\/noticias\/categoria\/adwords\/\" title=\"Adwords\">Adwords<\/a>\n\t\t<\/span><span class=\"aioseo-breadcrumb-separator\">&raquo;<\/span><span class=\"aioseo-breadcrumb\">\n\t\t\tEntrou na plataforma Vtex, entra no Marketplace B2W\n\t\t<\/span><\/div>","aioseo_breadcrumb_json":[{"label":"Home","link":"https:\/\/teo.com.br\/noticias"},{"label":"Adwords","link":"https:\/\/teo.com.br\/noticias\/categoria\/adwords\/"},{"label":"Entrou na plataforma Vtex, entra no Marketplace B2W","link":"https:\/\/teo.com.br\/noticias\/2016\/02\/28\/entrou-na-plataforma-vtex-entra-no-marketplace-b2w\/"}],"_links":{"self":[{"href":"https:\/\/teo.com.br\/noticias\/wp-json\/wp\/v2\/posts\/3352","targetHints":{"allow":["GET"]}}],"collection":[{"href":"https:\/\/teo.com.br\/noticias\/wp-json\/wp\/v2\/posts"}],"about":[{"href":"https:\/\/teo.com.br\/noticias\/wp-json\/wp\/v2\/types\/post"}],"author":[{"embeddable":true,"href":"https:\/\/teo.com.br\/noticias\/wp-json\/wp\/v2\/users\/1"}],"replies":[{"embeddable":true,"href":"https:\/\/teo.com.br\/noticias\/wp-json\/wp\/v2\/comments?post=3352"}],"version-history":[{"count":0,"href":"https:\/\/teo.com.br\/noticias\/wp-json\/wp\/v2\/posts\/3352\/revisions"}],"wp:attachment":[{"href":"https:\/\/teo.com.br\/noticias\/wp-json\/wp\/v2\/media?parent=3352"}],"wp:term":[{"taxonomy":"category","embeddable":true,"href":"https:\/\/teo.com.br\/noticias\/wp-json\/wp\/v2\/categories?post=3352"},{"taxonomy":"post_tag","embeddable":true,"href":"https:\/\/teo.com.br\/noticias\/wp-json\/wp\/v2\/tags?post=3352"}],"curies":[{"name":"wp","href":"https:\/\/api.w.org\/{rel}","templated":true}]}}