{"id":3354,"date":"2016-02-28T15:47:58","date_gmt":"2016-02-28T15:47:58","guid":{"rendered":"http:\/\/www.teo.com.br\/?p=3354"},"modified":"2016-02-28T15:47:58","modified_gmt":"2016-02-28T15:47:58","slug":"andreas-weigend-igor-beuker-e-fernando-mattar-conference-do-vtex-day-2016","status":"publish","type":"post","link":"https:\/\/teo.com.br\/noticias\/2016\/02\/28\/andreas-weigend-igor-beuker-e-fernando-mattar-conference-do-vtex-day-2016\/","title":{"rendered":"Andreas Weigend, Igor Beuker e Fernando Mattar : Conference do VTEX Day 2016."},"content":{"rendered":"<div class=\"_1dwg\">\n<div id=\"js_1j\" class=\"_5pbx userContent\" data-ft=\"{&quot;tn&quot;:&quot;K&quot;}\">\n<p>Andreas Weigend, Igor Beuker e Fernando Mattar confirmam presen\u00e7a na sala e-Commerce Conference do VTEX Day 2016.<br \/>\nO evento acontece no dia 12 de maio na Bienal de S\u00e3o Paulo. Inscreva-se: <a href=\"http:\/\/l.facebook.com\/l.php?u=http%3A%2F%2Fhubs.ly%2FH02chNR0&amp;h=TAQEKDZ6SAQG5LDrbkJ3BHHX6F3EE0V_HSHVNodjp8Bbx6Q&amp;enc=AZPwr9ZEMijOysZwncWxcckm2YdrQUlfBKWYRbCTiQaubfSMnKWSTchpbtf3SXaR9XtmC_fefafRJBV1E6B5VUMhMAkcAj6goelUseryNAj0D2Fb3TmC6IRYXEmz0oydR0d6HuTgkACMFfpQWhzMlCzI9jTii9Mqh56WpoPRi9GXkuRCgOEjwTl6Ki3bQYU6NPKVPU8lX2XmMdGxt3W2Yx-b&amp;s=1\" target=\"_blank\" rel=\"nofollow noopener\">http:\/\/hubs.ly\/H02chNR0<\/a><\/p>\n<div class=\"_5wpt\"><\/div>\n<\/div>\n<div class=\"_3x-2\">\n<div data-ft=\"{&quot;tn&quot;:&quot;H&quot;}\">\n<div class=\"mtm\">\n<div class=\"uiScaledImageContainer _517g\"><img loading=\"lazy\" decoding=\"async\" class=\"scaledImageFitWidth img\" src=\"https:\/\/fbcdn-photos-f-a.akamaihd.net\/hphotos-ak-xal1\/v\/t1.0-0\/p480x480\/12801254_986356344785798_7972560911293508164_n.jpg?oh=6f7e415c0b8c246f3ae52a499a050524&amp;oe=576D1912&amp;__gda__=1466016097_1b91f8a63f32efcd140200176babad4a\" alt=\"Foto de VTEX.\" width=\"470\" height=\"470\" \/><\/div>\n<\/div>\n<\/div>\n<\/div>\n<\/div>\n<div>\n<form id=\"u_jsonp_3_15\" class=\"commentable_item\" action=\"https:\/\/www.facebook.com\/ajax\/ufi\/modify.php\" method=\"post\" data-ft=\"{&quot;tn&quot;:&quot;]&quot;}\">\n<div class=\"_sa_ _5vsi _ca7\">\n<div class=\"_37uu\">\n<div data-reactroot=\"\">\n<div class=\"_3399 _a7s\">\n<div class=\"_3m9g\">\n<div class=\"_40yk _pbn\"><span class=\"_6vh\"><span data-hover=\"tooltip\" data-tooltip-content=\"Curtindo e comentando como Teo Costa\"><a class=\"_4z8- _55pi _2agf _4jy0 _4jy3 _517h _51sy _59pe _42ft\" href=\"https:\/\/www.facebook.com\/vtexonline\/?fref=ts#\" type=\"button\"><span class=\"_55pe\"><img loading=\"lazy\" decoding=\"async\" class=\"_6vg img\" src=\"https:\/\/fbcdn-profile-a.akamaihd.net\/hprofile-ak-xtf1\/v\/t1.0-1\/p32x32\/10437783_1137891942897028_7960105576000927236_n.jpg?oh=a9fb7b83666c86c24b12bea3a9b43883&amp;oe=57515A35&amp;__gda__=1465897336_9d8bf89826caa5890e38dabd3851f1fb\" alt=\"\" width=\"16\" height=\"16\" \/><\/span><i class=\"_3-99 img sp_bENs7aMILtV sx_794c0c\"><\/i><\/a><\/span><\/span><\/div>\n<\/div>\n<div class=\"_524d\">\n<div class=\"_42nr\">\n<div class=\"uiContextualLayerParent _khz\"><a class=\"UFILikeLink _48-k\" tabindex=\"-1\" href=\"https:\/\/www.facebook.com\/vtexonline\/?fref=ts#\" data-testid=\"fb-ufi-likelink\">Curtir<\/a><\/div>\n<\/div>\n<\/div>\n<\/div>\n<\/div>\n<\/div>\n<\/div>\n<\/form>\n<\/div>\n","protected":false},"excerpt":{"rendered":"<p>Andreas Weigend, Igor Beuker e Fernando Mattar confirmam presen\u00e7a na sala e-Commerce Conference do VTEX Day 2016. O evento acontece no dia 12 de maio na Bienal de S\u00e3o Paulo.&hellip;<\/p>\n","protected":false},"author":1,"featured_media":0,"comment_status":"open","ping_status":"closed","sticky":false,"template":"","format":"standard","meta":{"footnotes":""},"categories":[9],"tags":[],"class_list":["post-3354","post","type-post","status-publish","format-standard","hentry","category-adwords"],"aioseo_notices":[],"aioseo_head":"\n\t\t<!-- All in One SEO 5.0.0.1 - aioseo.com -->\n\t<meta name=\"description\" content=\"Andreas Weigend, Igor Beuker e Fernando Mattar confirmam presen\u00e7a na sala e-Commerce Conference do VTEX Day 2016. O evento acontece no dia 12 de maio na Bienal de S\u00e3o Paulo. Inscreva-se: http:\/\/hubs.ly\/H02chNR0 Curtir\" \/>\n\t<meta name=\"robots\" content=\"max-image-preview:large\" \/>\n\t<meta name=\"author\" content=\"teocosta\"\/>\n\t<link rel=\"canonical\" href=\"https:\/\/teo.com.br\/noticias\/2016\/02\/28\/andreas-weigend-igor-beuker-e-fernando-mattar-conference-do-vtex-day-2016\/\" \/>\n\t<meta name=\"generator\" content=\"All in One SEO (AIOSEO) 5.0.0.1\" \/>\n\t\t<meta property=\"og:locale\" content=\"pt_BR\" \/>\n\t\t<meta property=\"og:site_name\" content=\"Teo - Head TI - DPO\" \/>\n\t\t<meta property=\"og:type\" content=\"article\" \/>\n\t\t<meta property=\"og:title\" content=\"Andreas Weigend, Igor Beuker e Fernando Mattar : Conference do VTEX Day 2016. - Teo\" \/>\n\t\t<meta property=\"og:description\" content=\"Andreas Weigend, Igor Beuker e Fernando Mattar confirmam presen\u00e7a na sala e-Commerce Conference do VTEX Day 2016. O evento acontece no dia 12 de maio na Bienal de S\u00e3o Paulo. Inscreva-se: http:\/\/hubs.ly\/H02chNR0 Curtir\" \/>\n\t\t<meta property=\"og:url\" content=\"https:\/\/teo.com.br\/noticias\/2016\/02\/28\/andreas-weigend-igor-beuker-e-fernando-mattar-conference-do-vtex-day-2016\/\" \/>\n\t\t<meta property=\"og:image\" content=\"https:\/\/teo.com.br\/wp-content\/uploads\/2024\/03\/cropped-teo.jpg\" \/>\n\t\t<meta property=\"og:image:secure_url\" content=\"https:\/\/teo.com.br\/wp-content\/uploads\/2024\/03\/cropped-teo.jpg\" \/>\n\t\t<meta property=\"article:published_time\" content=\"2016-02-28T15:47:58+00:00\" \/>\n\t\t<meta property=\"article:modified_time\" content=\"2016-02-28T15:47:58+00:00\" \/>\n\t\t<meta name=\"twitter:card\" content=\"summary_large_image\" \/>\n\t\t<meta name=\"twitter:title\" content=\"Andreas Weigend, Igor Beuker e Fernando Mattar : Conference do VTEX Day 2016. - Teo\" \/>\n\t\t<meta name=\"twitter:description\" content=\"Andreas Weigend, Igor Beuker e Fernando Mattar confirmam presen\u00e7a na sala e-Commerce Conference do VTEX Day 2016. O evento acontece no dia 12 de maio na Bienal de S\u00e3o Paulo. Inscreva-se: http:\/\/hubs.ly\/H02chNR0 Curtir\" \/>\n\t\t<meta name=\"twitter:image\" content=\"https:\/\/teo.com.br\/wp-content\/uploads\/2024\/03\/cropped-teo.jpg\" \/>\n\t\t<script type=\"application\/ld+json\" class=\"aioseo-schema\">\n\t\t\t{\"@context\":\"https:\\\/\\\/schema.org\",\"@graph\":[{\"@type\":\"BlogPosting\",\"@id\":\"https:\\\/\\\/teo.com.br\\\/noticias\\\/2016\\\/02\\\/28\\\/andreas-weigend-igor-beuker-e-fernando-mattar-conference-do-vtex-day-2016\\\/#blogposting\",\"name\":\"Andreas Weigend, Igor Beuker e Fernando Mattar : Conference do VTEX Day 2016. - Teo\",\"headline\":\"Andreas Weigend, Igor Beuker e Fernando Mattar : Conference do VTEX Day 2016.\",\"author\":{\"@id\":\"https:\\\/\\\/teo.com.br\\\/noticias\\\/author\\\/temcosta\\\/#author\"},\"publisher\":{\"@id\":\"https:\\\/\\\/teo.com.br\\\/noticias\\\/#organization\"},\"image\":{\"@type\":\"ImageObject\",\"url\":\"https:\\\/\\\/fbcdn-photos-f-a.akamaihd.net\\\/hphotos-ak-xal1\\\/v\\\/t1.0-0\\\/p480x480\\\/12801254_986356344785798_7972560911293508164_n.jpg?oh=6f7e415c0b8c246f3ae52a499a050524&amp;oe=576D1912&amp;__gda__=1466016097_1b91f8a63f32efcd140200176babad4a\",\"@id\":\"https:\\\/\\\/teo.com.br\\\/noticias\\\/2016\\\/02\\\/28\\\/andreas-weigend-igor-beuker-e-fernando-mattar-conference-do-vtex-day-2016\\\/#articleImage\"},\"datePublished\":\"2016-02-28T15:47:58-03:00\",\"dateModified\":\"2016-02-28T15:47:58-03:00\",\"inLanguage\":\"pt-BR\",\"mainEntityOfPage\":{\"@id\":\"https:\\\/\\\/teo.com.br\\\/noticias\\\/2016\\\/02\\\/28\\\/andreas-weigend-igor-beuker-e-fernando-mattar-conference-do-vtex-day-2016\\\/#webpage\"},\"isPartOf\":{\"@id\":\"https:\\\/\\\/teo.com.br\\\/noticias\\\/2016\\\/02\\\/28\\\/andreas-weigend-igor-beuker-e-fernando-mattar-conference-do-vtex-day-2016\\\/#webpage\"},\"articleSection\":\"Adwords\"},{\"@type\":\"BreadcrumbList\",\"@id\":\"https:\\\/\\\/teo.com.br\\\/noticias\\\/2016\\\/02\\\/28\\\/andreas-weigend-igor-beuker-e-fernando-mattar-conference-do-vtex-day-2016\\\/#breadcrumblist\",\"itemListElement\":[{\"@type\":\"ListItem\",\"@id\":\"https:\\\/\\\/teo.com.br\\\/noticias#listItem\",\"position\":1,\"name\":\"Home\",\"item\":\"https:\\\/\\\/teo.com.br\\\/noticias\",\"nextItem\":{\"@type\":\"ListItem\",\"@id\":\"https:\\\/\\\/teo.com.br\\\/noticias\\\/categoria\\\/adwords\\\/#listItem\",\"name\":\"Adwords\"}},{\"@type\":\"ListItem\",\"@id\":\"https:\\\/\\\/teo.com.br\\\/noticias\\\/categoria\\\/adwords\\\/#listItem\",\"position\":2,\"name\":\"Adwords\",\"item\":\"https:\\\/\\\/teo.com.br\\\/noticias\\\/categoria\\\/adwords\\\/\",\"nextItem\":{\"@type\":\"ListItem\",\"@id\":\"https:\\\/\\\/teo.com.br\\\/noticias\\\/2016\\\/02\\\/28\\\/andreas-weigend-igor-beuker-e-fernando-mattar-conference-do-vtex-day-2016\\\/#listItem\",\"name\":\"Andreas Weigend, Igor Beuker e Fernando Mattar : Conference do VTEX Day 2016.\"},\"previousItem\":{\"@type\":\"ListItem\",\"@id\":\"https:\\\/\\\/teo.com.br\\\/noticias#listItem\",\"name\":\"Home\"}},{\"@type\":\"ListItem\",\"@id\":\"https:\\\/\\\/teo.com.br\\\/noticias\\\/2016\\\/02\\\/28\\\/andreas-weigend-igor-beuker-e-fernando-mattar-conference-do-vtex-day-2016\\\/#listItem\",\"position\":3,\"name\":\"Andreas Weigend, Igor Beuker e Fernando Mattar : Conference do VTEX Day 2016.\",\"previousItem\":{\"@type\":\"ListItem\",\"@id\":\"https:\\\/\\\/teo.com.br\\\/noticias\\\/categoria\\\/adwords\\\/#listItem\",\"name\":\"Adwords\"}}]},{\"@type\":\"Organization\",\"@id\":\"https:\\\/\\\/teo.com.br\\\/noticias\\\/#organization\",\"name\":\"Teo Costa - Tecnologia e Solu\\u00e7\\u00f5es Corporativas em Seguran\\u00e7a Contra Inc\\u00eandio Pesquisa de Satisfa\\u00e7\\u00e3o\",\"description\":\"Head TI - DPO\",\"url\":\"https:\\\/\\\/teo.com.br\\\/noticias\\\/\"},{\"@type\":\"Person\",\"@id\":\"https:\\\/\\\/teo.com.br\\\/noticias\\\/author\\\/temcosta\\\/#author\",\"url\":\"https:\\\/\\\/teo.com.br\\\/noticias\\\/author\\\/temcosta\\\/\",\"name\":\"teocosta\",\"image\":{\"@type\":\"ImageObject\",\"@id\":\"https:\\\/\\\/teo.com.br\\\/noticias\\\/2016\\\/02\\\/28\\\/andreas-weigend-igor-beuker-e-fernando-mattar-conference-do-vtex-day-2016\\\/#authorImage\",\"url\":\"https:\\\/\\\/secure.gravatar.com\\\/avatar\\\/9eaa33a8942fc7cb0be99e3b8f5a8f798b4647876bd8c39ebfc4b1f5753beac2?s=96&d=mm&r=g\",\"width\":96,\"height\":96,\"caption\":\"teocosta\"}},{\"@type\":\"WebPage\",\"@id\":\"https:\\\/\\\/teo.com.br\\\/noticias\\\/2016\\\/02\\\/28\\\/andreas-weigend-igor-beuker-e-fernando-mattar-conference-do-vtex-day-2016\\\/#webpage\",\"url\":\"https:\\\/\\\/teo.com.br\\\/noticias\\\/2016\\\/02\\\/28\\\/andreas-weigend-igor-beuker-e-fernando-mattar-conference-do-vtex-day-2016\\\/\",\"name\":\"Andreas Weigend, Igor Beuker e Fernando Mattar : Conference do VTEX Day 2016. - Teo\",\"description\":\"Andreas Weigend, Igor Beuker e Fernando Mattar confirmam presen\\u00e7a na sala e-Commerce Conference do VTEX Day 2016. O evento acontece no dia 12 de maio na Bienal de S\\u00e3o Paulo. Inscreva-se: http:\\\/\\\/hubs.ly\\\/H02chNR0 Curtir\",\"inLanguage\":\"pt-BR\",\"isPartOf\":{\"@id\":\"https:\\\/\\\/teo.com.br\\\/noticias\\\/#website\"},\"breadcrumb\":{\"@id\":\"https:\\\/\\\/teo.com.br\\\/noticias\\\/2016\\\/02\\\/28\\\/andreas-weigend-igor-beuker-e-fernando-mattar-conference-do-vtex-day-2016\\\/#breadcrumblist\"},\"author\":{\"@id\":\"https:\\\/\\\/teo.com.br\\\/noticias\\\/author\\\/temcosta\\\/#author\"},\"creator\":{\"@id\":\"https:\\\/\\\/teo.com.br\\\/noticias\\\/author\\\/temcosta\\\/#author\"},\"datePublished\":\"2016-02-28T15:47:58-03:00\",\"dateModified\":\"2016-02-28T15:47:58-03:00\"},{\"@type\":\"WebSite\",\"@id\":\"https:\\\/\\\/teo.com.br\\\/noticias\\\/#website\",\"url\":\"https:\\\/\\\/teo.com.br\\\/noticias\\\/\",\"name\":\"Teo Costa - Tecnologia e Solu\\u00e7\\u00f5es Corporativas em Seguran\\u00e7a Contra Inc\\u00eandio Pesquisa de Satisfa\\u00e7\\u00e3o\",\"description\":\"Head TI - DPO\",\"inLanguage\":\"pt-BR\",\"publisher\":{\"@id\":\"https:\\\/\\\/teo.com.br\\\/noticias\\\/#organization\"}}]}\n\t\t<\/script>\n\t\t<!-- All in One SEO -->\n\n","aioseo_head_json":{"title":"Andreas Weigend, Igor Beuker e Fernando Mattar : Conference do VTEX Day 2016. - Teo","description":"Andreas Weigend, Igor Beuker e Fernando Mattar confirmam presen\u00e7a na sala e-Commerce Conference do VTEX Day 2016. O evento acontece no dia 12 de maio na Bienal de S\u00e3o Paulo. Inscreva-se: http:\/\/hubs.ly\/H02chNR0 Curtir","canonical_url":"https:\/\/teo.com.br\/noticias\/2016\/02\/28\/andreas-weigend-igor-beuker-e-fernando-mattar-conference-do-vtex-day-2016\/","robots":"max-image-preview:large","keywords":"","webmasterTools":{"miscellaneous":""},"schema":{"@context":"https:\/\/schema.org","@graph":[{"@type":"BlogPosting","@id":"https:\/\/teo.com.br\/noticias\/2016\/02\/28\/andreas-weigend-igor-beuker-e-fernando-mattar-conference-do-vtex-day-2016\/#blogposting","name":"Andreas Weigend, Igor Beuker e Fernando Mattar : Conference do VTEX Day 2016. - Teo","headline":"Andreas Weigend, Igor Beuker e Fernando Mattar : Conference do VTEX Day 2016.","author":{"@id":"https:\/\/teo.com.br\/noticias\/author\/temcosta\/#author"},"publisher":{"@id":"https:\/\/teo.com.br\/noticias\/#organization"},"image":{"@type":"ImageObject","url":"https:\/\/fbcdn-photos-f-a.akamaihd.net\/hphotos-ak-xal1\/v\/t1.0-0\/p480x480\/12801254_986356344785798_7972560911293508164_n.jpg?oh=6f7e415c0b8c246f3ae52a499a050524&amp;oe=576D1912&amp;__gda__=1466016097_1b91f8a63f32efcd140200176babad4a","@id":"https:\/\/teo.com.br\/noticias\/2016\/02\/28\/andreas-weigend-igor-beuker-e-fernando-mattar-conference-do-vtex-day-2016\/#articleImage"},"datePublished":"2016-02-28T15:47:58-03:00","dateModified":"2016-02-28T15:47:58-03:00","inLanguage":"pt-BR","mainEntityOfPage":{"@id":"https:\/\/teo.com.br\/noticias\/2016\/02\/28\/andreas-weigend-igor-beuker-e-fernando-mattar-conference-do-vtex-day-2016\/#webpage"},"isPartOf":{"@id":"https:\/\/teo.com.br\/noticias\/2016\/02\/28\/andreas-weigend-igor-beuker-e-fernando-mattar-conference-do-vtex-day-2016\/#webpage"},"articleSection":"Adwords"},{"@type":"BreadcrumbList","@id":"https:\/\/teo.com.br\/noticias\/2016\/02\/28\/andreas-weigend-igor-beuker-e-fernando-mattar-conference-do-vtex-day-2016\/#breadcrumblist","itemListElement":[{"@type":"ListItem","@id":"https:\/\/teo.com.br\/noticias#listItem","position":1,"name":"Home","item":"https:\/\/teo.com.br\/noticias","nextItem":{"@type":"ListItem","@id":"https:\/\/teo.com.br\/noticias\/categoria\/adwords\/#listItem","name":"Adwords"}},{"@type":"ListItem","@id":"https:\/\/teo.com.br\/noticias\/categoria\/adwords\/#listItem","position":2,"name":"Adwords","item":"https:\/\/teo.com.br\/noticias\/categoria\/adwords\/","nextItem":{"@type":"ListItem","@id":"https:\/\/teo.com.br\/noticias\/2016\/02\/28\/andreas-weigend-igor-beuker-e-fernando-mattar-conference-do-vtex-day-2016\/#listItem","name":"Andreas Weigend, Igor Beuker e Fernando Mattar : Conference do VTEX Day 2016."},"previousItem":{"@type":"ListItem","@id":"https:\/\/teo.com.br\/noticias#listItem","name":"Home"}},{"@type":"ListItem","@id":"https:\/\/teo.com.br\/noticias\/2016\/02\/28\/andreas-weigend-igor-beuker-e-fernando-mattar-conference-do-vtex-day-2016\/#listItem","position":3,"name":"Andreas Weigend, Igor Beuker e Fernando Mattar : Conference do VTEX Day 2016.","previousItem":{"@type":"ListItem","@id":"https:\/\/teo.com.br\/noticias\/categoria\/adwords\/#listItem","name":"Adwords"}}]},{"@type":"Organization","@id":"https:\/\/teo.com.br\/noticias\/#organization","name":"Teo Costa - Tecnologia e Solu\u00e7\u00f5es Corporativas em Seguran\u00e7a Contra Inc\u00eandio Pesquisa de Satisfa\u00e7\u00e3o","description":"Head TI - DPO","url":"https:\/\/teo.com.br\/noticias\/"},{"@type":"Person","@id":"https:\/\/teo.com.br\/noticias\/author\/temcosta\/#author","url":"https:\/\/teo.com.br\/noticias\/author\/temcosta\/","name":"teocosta","image":{"@type":"ImageObject","@id":"https:\/\/teo.com.br\/noticias\/2016\/02\/28\/andreas-weigend-igor-beuker-e-fernando-mattar-conference-do-vtex-day-2016\/#authorImage","url":"https:\/\/secure.gravatar.com\/avatar\/9eaa33a8942fc7cb0be99e3b8f5a8f798b4647876bd8c39ebfc4b1f5753beac2?s=96&d=mm&r=g","width":96,"height":96,"caption":"teocosta"}},{"@type":"WebPage","@id":"https:\/\/teo.com.br\/noticias\/2016\/02\/28\/andreas-weigend-igor-beuker-e-fernando-mattar-conference-do-vtex-day-2016\/#webpage","url":"https:\/\/teo.com.br\/noticias\/2016\/02\/28\/andreas-weigend-igor-beuker-e-fernando-mattar-conference-do-vtex-day-2016\/","name":"Andreas Weigend, Igor Beuker e Fernando Mattar : Conference do VTEX Day 2016. - Teo","description":"Andreas Weigend, Igor Beuker e Fernando Mattar confirmam presen\u00e7a na sala e-Commerce Conference do VTEX Day 2016. O evento acontece no dia 12 de maio na Bienal de S\u00e3o Paulo. Inscreva-se: http:\/\/hubs.ly\/H02chNR0 Curtir","inLanguage":"pt-BR","isPartOf":{"@id":"https:\/\/teo.com.br\/noticias\/#website"},"breadcrumb":{"@id":"https:\/\/teo.com.br\/noticias\/2016\/02\/28\/andreas-weigend-igor-beuker-e-fernando-mattar-conference-do-vtex-day-2016\/#breadcrumblist"},"author":{"@id":"https:\/\/teo.com.br\/noticias\/author\/temcosta\/#author"},"creator":{"@id":"https:\/\/teo.com.br\/noticias\/author\/temcosta\/#author"},"datePublished":"2016-02-28T15:47:58-03:00","dateModified":"2016-02-28T15:47:58-03:00"},{"@type":"WebSite","@id":"https:\/\/teo.com.br\/noticias\/#website","url":"https:\/\/teo.com.br\/noticias\/","name":"Teo Costa - Tecnologia e Solu\u00e7\u00f5es Corporativas em Seguran\u00e7a Contra Inc\u00eandio Pesquisa de Satisfa\u00e7\u00e3o","description":"Head TI - DPO","inLanguage":"pt-BR","publisher":{"@id":"https:\/\/teo.com.br\/noticias\/#organization"}}]},"og:locale":"pt_BR","og:site_name":"Teo - Head TI - DPO","og:type":"article","og:title":"Andreas Weigend, Igor Beuker e Fernando Mattar : Conference do VTEX Day 2016. - Teo","og:description":"Andreas Weigend, Igor Beuker e Fernando Mattar confirmam presen\u00e7a na sala e-Commerce Conference do VTEX Day 2016. O evento acontece no dia 12 de maio na Bienal de S\u00e3o Paulo. Inscreva-se: http:\/\/hubs.ly\/H02chNR0 Curtir","og:url":"https:\/\/teo.com.br\/noticias\/2016\/02\/28\/andreas-weigend-igor-beuker-e-fernando-mattar-conference-do-vtex-day-2016\/","og:image":"https:\/\/teo.com.br\/wp-content\/uploads\/2024\/03\/cropped-teo.jpg","og:image:secure_url":"https:\/\/teo.com.br\/wp-content\/uploads\/2024\/03\/cropped-teo.jpg","article:published_time":"2016-02-28T15:47:58+00:00","article:modified_time":"2016-02-28T15:47:58+00:00","twitter:card":"summary_large_image","twitter:title":"Andreas Weigend, Igor Beuker e Fernando Mattar : Conference do VTEX Day 2016. - Teo","twitter:description":"Andreas Weigend, Igor Beuker e Fernando Mattar confirmam presen\u00e7a na sala e-Commerce Conference do VTEX Day 2016. O evento acontece no dia 12 de maio na Bienal de S\u00e3o Paulo. Inscreva-se: http:\/\/hubs.ly\/H02chNR0 Curtir","twitter:image":"https:\/\/teo.com.br\/wp-content\/uploads\/2024\/03\/cropped-teo.jpg"},"aioseo_meta_data":{"post_id":"3354","title":null,"description":null,"keywords":null,"keyphrases":null,"primary_term":null,"canonical_url":null,"og_title":null,"og_description":null,"og_object_type":"default","og_image_type":"default","og_image_url":null,"og_image_width":null,"og_image_height":null,"og_image_custom_url":null,"og_image_custom_fields":null,"og_video":null,"og_custom_url":null,"og_article_section":null,"og_article_tags":null,"twitter_use_og":false,"twitter_card":"default","twitter_image_type":"default","twitter_image_url":null,"twitter_image_custom_url":null,"twitter_image_custom_fields":null,"twitter_title":null,"twitter_description":null,"schema":{"blockGraphs":[],"customGraphs":[],"default":{"data":{"Article":[],"Course":[],"Dataset":[],"FAQPage":[],"Movie":[],"Person":[],"Product":[],"ProductReview":[],"Car":[],"Recipe":[],"Service":[],"SoftwareApplication":[],"WebPage":[]},"graphName":"","isEnabled":true},"graphs":[]},"schema_type":"default","schema_type_options":null,"pillar_content":false,"robots_default":true,"robots_noindex":false,"robots_noarchive":false,"robots_nosnippet":false,"robots_nofollow":false,"robots_noimageindex":false,"robots_noodp":false,"robots_notranslate":false,"robots_max_snippet":null,"robots_max_videopreview":null,"robots_max_imagepreview":"large","priority":null,"frequency":null,"local_seo":null,"breadcrumb_settings":null,"limit_modified_date":false,"ai":null,"created":"2024-04-08 21:55:49","updated":"2025-09-12 20:43:27","seo_analyzer_scan_date":null,"focus_keyword":null,"additional_keywords":null,"truseo_locale":null},"aioseo_breadcrumb":"<div class=\"aioseo-breadcrumbs\"><span class=\"aioseo-breadcrumb\">\n\t\t\t<a href=\"https:\/\/teo.com.br\/noticias\" title=\"Home\">Home<\/a>\n\t\t<\/span><span class=\"aioseo-breadcrumb-separator\">&raquo;<\/span><span class=\"aioseo-breadcrumb\">\n\t\t\t<a href=\"https:\/\/teo.com.br\/noticias\/categoria\/adwords\/\" title=\"Adwords\">Adwords<\/a>\n\t\t<\/span><span class=\"aioseo-breadcrumb-separator\">&raquo;<\/span><span class=\"aioseo-breadcrumb\">\n\t\t\tAndreas Weigend, Igor Beuker e Fernando Mattar : Conference do VTEX Day 2016.\n\t\t<\/span><\/div>","aioseo_breadcrumb_json":[{"label":"Home","link":"https:\/\/teo.com.br\/noticias"},{"label":"Adwords","link":"https:\/\/teo.com.br\/noticias\/categoria\/adwords\/"},{"label":"Andreas Weigend, Igor Beuker e Fernando Mattar : Conference do VTEX Day 2016.","link":"https:\/\/teo.com.br\/noticias\/2016\/02\/28\/andreas-weigend-igor-beuker-e-fernando-mattar-conference-do-vtex-day-2016\/"}],"_links":{"self":[{"href":"https:\/\/teo.com.br\/noticias\/wp-json\/wp\/v2\/posts\/3354","targetHints":{"allow":["GET"]}}],"collection":[{"href":"https:\/\/teo.com.br\/noticias\/wp-json\/wp\/v2\/posts"}],"about":[{"href":"https:\/\/teo.com.br\/noticias\/wp-json\/wp\/v2\/types\/post"}],"author":[{"embeddable":true,"href":"https:\/\/teo.com.br\/noticias\/wp-json\/wp\/v2\/users\/1"}],"replies":[{"embeddable":true,"href":"https:\/\/teo.com.br\/noticias\/wp-json\/wp\/v2\/comments?post=3354"}],"version-history":[{"count":0,"href":"https:\/\/teo.com.br\/noticias\/wp-json\/wp\/v2\/posts\/3354\/revisions"}],"wp:attachment":[{"href":"https:\/\/teo.com.br\/noticias\/wp-json\/wp\/v2\/media?parent=3354"}],"wp:term":[{"taxonomy":"category","embeddable":true,"href":"https:\/\/teo.com.br\/noticias\/wp-json\/wp\/v2\/categories?post=3354"},{"taxonomy":"post_tag","embeddable":true,"href":"https:\/\/teo.com.br\/noticias\/wp-json\/wp\/v2\/tags?post=3354"}],"curies":[{"name":"wp","href":"https:\/\/api.w.org\/{rel}","templated":true}]}}