{"id":3360,"date":"2016-02-28T15:54:10","date_gmt":"2016-02-28T15:54:10","guid":{"rendered":"http:\/\/www.teo.com.br\/?p=3360"},"modified":"2016-02-28T15:54:10","modified_gmt":"2016-02-28T15:54:10","slug":"congresso-e-commerce-brasil-vendas-dois-dias-com-os-principais-executivos-do-comercio-eletronico","status":"publish","type":"post","link":"https:\/\/teo.com.br\/noticias\/2016\/02\/28\/congresso-e-commerce-brasil-vendas-dois-dias-com-os-principais-executivos-do-comercio-eletronico\/","title":{"rendered":"Congresso E-Commerce Brasil Vendas: Dois dias com os principais executivos do com\u00e9rcio eletr\u00f4nico"},"content":{"rendered":"<p>Dois dias de evento com os principais executivos do com\u00e9rcio eletr\u00f4nico. O <a href=\"https:\/\/www.ecommercebrasil.com.br\/congresso-vendas-2016\">Congresso E-Commerce Brasil Vendas 2016 <\/a>reunir\u00e1 1.800 congressistas e 56 expositores em S\u00e3o Paulo, nos dias 9 e 10 de mar\u00e7o. O evento, realizado desde 2012, \u00e9 o mais tradicional do setor focado em vendas, e receber\u00e1 cinco formatos de atra\u00e7\u00e3o.<\/p>\n<p><strong>1. Congresso<\/strong><\/p>\n<p>Audit\u00f3rio principal, realizado no segundo dia do evento, reunindo as palestras e atividades principais do Congresso E-Commerce Brasil 2016. Entre os palestrantes confirmados est\u00e3o empresas como: Unilever, Walmart, Netshoes, Ambev, Google, Magazine Luiza, Insper, Livraria Cultura, VTEX, Sephora, eNext, Leroy Merlin Brasil, E-Cadeiras, Precifica e Salesforce. Confira programa\u00e7\u00e3o completa <a href=\"https:\/\/www.ecommercebrasil.com.br\/congresso-vendas-2016\">aqui<\/a>.<\/p>\n<p><strong>2. Workshops<\/strong><\/p>\n<p>Realiza\u00e7\u00e3o de 8 workshops t\u00e9cnicos e com maior dura\u00e7\u00e3o, focado nos pilares da venda online. Limitado a 2 workshops por participante. Confira os temas e speakers:<\/p>\n<p><strong>Dia 09<\/strong><\/p>\n<p><strong>Google Analytics:<\/strong> o que pode ser melhorado na configura\u00e7\u00e3o e no funil de vendas \u2013 Guilherme Paes, Platform Specialist Google, Platform Specialist do Google, dedicado a Web Analytics e Ad Exchange.<\/p>\n<p><strong>Merchandising digital no e-commerce:\u00a0como fazer a curadoria de conte\u00fado dos seus produtos<\/strong> \u2013 Tiago Rosa, Supervisor de Merchandising Digital | UX Leroy Merlin Brasil.<\/p>\n<p><strong>Frete e Parcelamento: eles tamb\u00e9m fazem parte da forma\u00e7\u00e3o do pre\u00e7o de venda<\/strong> \u2013 Ricardo Ramos, CEO Precifica<\/p>\n<p><strong>Facebook: Ads e perfomance<\/strong>, Ariel Alexandre, CEO e Co-Founder Reminds<\/p>\n<p>Dia 10<\/p>\n<p><strong>20 m\u00e9tricas e indicadores para melhorar a efici\u00eancia do e-commerce<\/strong> \u2013 comparando diferentes resultados em diferentes categorias, Dante Lima, Chief Revenue Officer eNext<\/p>\n<p><strong>Mapeamento dos momentos de intera\u00e7\u00e3o com seu p\u00fablico e como converter isso em oportunidades de vendas<\/strong>, Regina Garrido, Consultora Especialista em Marketing Salesforce<\/p>\n<p><strong>Desenvolvimento e Gest\u00e3o de um programa de afiliados para e-commerce,<\/strong> Rodrigo Genoveze, Country Manager Zanox<\/p>\n<p><strong>Jornada da Experi\u00eancia do Consumidor<\/strong> \u2013 UX, testes A\/B e o contexto de uso, \u00c9rico Fileno, Professor Insper<\/p>\n<p><strong>3. Mentorias<\/strong><\/p>\n<p>As mentorias s\u00e3o conversas exclusivas para varejistas, em grupo reduzido, com 1h30 de dura\u00e7\u00e3o. Confira os temas e os mentores:<\/p>\n<p><strong>Mentoring com Fabio Pereira:<\/strong> KPIs e gest\u00e3o de e-commerce (Fabio Pereira, Diretor de E-Commerce Sephora)<\/p>\n<p>Foi um dos fundadores do site Submarino, trabalhou na Globo.com sendo respons\u00e1vel pela \u00e1rea de e-commerce e ger\u00eancia de publicidade, foi diretor de e-commerce na Fnac.com.br, \u00e9 atualmente \u00e9 professor convidado da ESPM e Diretor de E-Commerce da Sephora.<\/p>\n<p><strong>Mentoring com Sergio Herz<\/strong>\u00a0: O que aprendi vendendo livros e experi\u00eancias (Sergio Herz, Presidente Livraria Cultura)<\/p>\n<p>Presidente da Livraria Cultura, Herz transformou a livraria fundada pela av\u00f3 em uma rede de 17 lojas e 2.000 funcion\u00e1rios.<\/p>\n<p><strong>4. Sal\u00e3o de Neg\u00f3cios<\/strong><\/p>\n<p>Sal\u00e3o de neg\u00f3cios com exposi\u00e7\u00e3o de 56 fornecedores l\u00edderes do setor, lounges de negocia\u00e7\u00e3o e caf\u00e9s de relacionamento.<\/p>\n<p><strong>5. E-Commerce PUB<\/strong><\/p>\n<p>Momento de networking e relacionamento entre os participantes do congresso, no sal\u00e3o de neg\u00f3cios, com m\u00fasica boa e servi\u00e7o de bebidas.<\/p>\n<p><strong>Desconto nas passagens \u00e1reas<\/strong><\/p>\n<p>A TAM, como transportadora a\u00e9rea oficial do Congresso E-Commerce Brasil de Vendas 2016, est\u00e1 disponibilizando bilhete a\u00e9reo com descontos oficiais atrav\u00e9s do www.tam.com.br. Os valores est\u00e3o sujeitos \u00e0 disponibilidade de assentos e regras de cada tarifa. Outras informa\u00e7\u00f5es sobre a parceria est\u00e3o no site do evento \u2013 https:\/\/www.ecommercebrasil.com.br\/congresso-vendas-2016.<\/p>\n<p><strong>Servi\u00e7o<\/strong><br \/>\nEvento: Congresso E-Commerce Brasil Vendas 2016<br \/>\nLocal: WTC Events Center \u2013 S\u00e3o Paulo<br \/>\nData: 9 e 10 de mar\u00e7o<br \/>\nPrograma\u00e7\u00e3o e Inscri\u00e7\u00e3o: <a href=\"https:\/\/www.ecommercebrasil.com.br\/congresso-vendas-2016\">https:\/\/www.ecommercebrasil.com.br\/congresso-vendas-2016<\/a><\/p>\n","protected":false},"excerpt":{"rendered":"<p>Dois dias de evento com os principais executivos do com\u00e9rcio eletr\u00f4nico. O Congresso E-Commerce Brasil Vendas 2016 reunir\u00e1 1.800 congressistas e 56 expositores em S\u00e3o Paulo, nos dias 9 e&hellip;<\/p>\n","protected":false},"author":1,"featured_media":0,"comment_status":"open","ping_status":"closed","sticky":false,"template":"","format":"standard","meta":{"footnotes":""},"categories":[9],"tags":[],"class_list":["post-3360","post","type-post","status-publish","format-standard","hentry","category-adwords"],"aioseo_notices":[],"aioseo_head":"\n\t\t<!-- All in One SEO 5.0.0.1 - aioseo.com -->\n\t<meta name=\"description\" content=\"Dois dias de evento com os principais executivos do com\u00e9rcio eletr\u00f4nico. O Congresso E-Commerce Brasil Vendas 2016 reunir\u00e1 1.800 congressistas e 56 expositores em S\u00e3o Paulo, nos dias 9 e 10 de mar\u00e7o. O evento, realizado desde 2012, \u00e9 o mais tradicional do setor focado em vendas, e receber\u00e1 cinco formatos de atra\u00e7\u00e3o. 1. Congresso\" \/>\n\t<meta name=\"robots\" content=\"max-image-preview:large\" \/>\n\t<meta name=\"author\" content=\"teocosta\"\/>\n\t<link rel=\"canonical\" href=\"https:\/\/teo.com.br\/noticias\/2016\/02\/28\/congresso-e-commerce-brasil-vendas-dois-dias-com-os-principais-executivos-do-comercio-eletronico\/\" \/>\n\t<meta name=\"generator\" content=\"All in One SEO (AIOSEO) 5.0.0.1\" \/>\n\t\t<meta property=\"og:locale\" content=\"pt_BR\" \/>\n\t\t<meta property=\"og:site_name\" content=\"Teo - Head TI - DPO\" \/>\n\t\t<meta property=\"og:type\" content=\"article\" \/>\n\t\t<meta property=\"og:title\" content=\"Congresso E-Commerce Brasil Vendas: Dois dias com os principais executivos do com\u00e9rcio eletr\u00f4nico - Teo\" \/>\n\t\t<meta property=\"og:description\" content=\"Dois dias de evento com os principais executivos do com\u00e9rcio eletr\u00f4nico. O Congresso E-Commerce Brasil Vendas 2016 reunir\u00e1 1.800 congressistas e 56 expositores em S\u00e3o Paulo, nos dias 9 e 10 de mar\u00e7o. O evento, realizado desde 2012, \u00e9 o mais tradicional do setor focado em vendas, e receber\u00e1 cinco formatos de atra\u00e7\u00e3o. 1. Congresso\" \/>\n\t\t<meta property=\"og:url\" content=\"https:\/\/teo.com.br\/noticias\/2016\/02\/28\/congresso-e-commerce-brasil-vendas-dois-dias-com-os-principais-executivos-do-comercio-eletronico\/\" \/>\n\t\t<meta property=\"og:image\" content=\"https:\/\/teo.com.br\/wp-content\/uploads\/2024\/03\/cropped-teo.jpg\" \/>\n\t\t<meta property=\"og:image:secure_url\" content=\"https:\/\/teo.com.br\/wp-content\/uploads\/2024\/03\/cropped-teo.jpg\" \/>\n\t\t<meta property=\"article:published_time\" content=\"2016-02-28T15:54:10+00:00\" \/>\n\t\t<meta property=\"article:modified_time\" content=\"2016-02-28T15:54:10+00:00\" \/>\n\t\t<meta name=\"twitter:card\" content=\"summary_large_image\" \/>\n\t\t<meta name=\"twitter:title\" content=\"Congresso E-Commerce Brasil Vendas: Dois dias com os principais executivos do com\u00e9rcio eletr\u00f4nico - Teo\" \/>\n\t\t<meta name=\"twitter:description\" content=\"Dois dias de evento com os principais executivos do com\u00e9rcio eletr\u00f4nico. O Congresso E-Commerce Brasil Vendas 2016 reunir\u00e1 1.800 congressistas e 56 expositores em S\u00e3o Paulo, nos dias 9 e 10 de mar\u00e7o. O evento, realizado desde 2012, \u00e9 o mais tradicional do setor focado em vendas, e receber\u00e1 cinco formatos de atra\u00e7\u00e3o. 1. Congresso\" \/>\n\t\t<meta name=\"twitter:image\" content=\"https:\/\/teo.com.br\/wp-content\/uploads\/2024\/03\/cropped-teo.jpg\" \/>\n\t\t<script type=\"application\/ld+json\" class=\"aioseo-schema\">\n\t\t\t{\"@context\":\"https:\\\/\\\/schema.org\",\"@graph\":[{\"@type\":\"BlogPosting\",\"@id\":\"https:\\\/\\\/teo.com.br\\\/noticias\\\/2016\\\/02\\\/28\\\/congresso-e-commerce-brasil-vendas-dois-dias-com-os-principais-executivos-do-comercio-eletronico\\\/#blogposting\",\"name\":\"Congresso E-Commerce Brasil Vendas: Dois dias com os principais executivos do com\\u00e9rcio eletr\\u00f4nico - Teo\",\"headline\":\"Congresso E-Commerce Brasil Vendas: Dois dias com os principais executivos do com\\u00e9rcio eletr\\u00f4nico\",\"author\":{\"@id\":\"https:\\\/\\\/teo.com.br\\\/noticias\\\/author\\\/temcosta\\\/#author\"},\"publisher\":{\"@id\":\"https:\\\/\\\/teo.com.br\\\/noticias\\\/#organization\"},\"datePublished\":\"2016-02-28T15:54:10-03:00\",\"dateModified\":\"2016-02-28T15:54:10-03:00\",\"inLanguage\":\"pt-BR\",\"mainEntityOfPage\":{\"@id\":\"https:\\\/\\\/teo.com.br\\\/noticias\\\/2016\\\/02\\\/28\\\/congresso-e-commerce-brasil-vendas-dois-dias-com-os-principais-executivos-do-comercio-eletronico\\\/#webpage\"},\"isPartOf\":{\"@id\":\"https:\\\/\\\/teo.com.br\\\/noticias\\\/2016\\\/02\\\/28\\\/congresso-e-commerce-brasil-vendas-dois-dias-com-os-principais-executivos-do-comercio-eletronico\\\/#webpage\"},\"articleSection\":\"Adwords\"},{\"@type\":\"BreadcrumbList\",\"@id\":\"https:\\\/\\\/teo.com.br\\\/noticias\\\/2016\\\/02\\\/28\\\/congresso-e-commerce-brasil-vendas-dois-dias-com-os-principais-executivos-do-comercio-eletronico\\\/#breadcrumblist\",\"itemListElement\":[{\"@type\":\"ListItem\",\"@id\":\"https:\\\/\\\/teo.com.br\\\/noticias#listItem\",\"position\":1,\"name\":\"Home\",\"item\":\"https:\\\/\\\/teo.com.br\\\/noticias\",\"nextItem\":{\"@type\":\"ListItem\",\"@id\":\"https:\\\/\\\/teo.com.br\\\/noticias\\\/categoria\\\/adwords\\\/#listItem\",\"name\":\"Adwords\"}},{\"@type\":\"ListItem\",\"@id\":\"https:\\\/\\\/teo.com.br\\\/noticias\\\/categoria\\\/adwords\\\/#listItem\",\"position\":2,\"name\":\"Adwords\",\"item\":\"https:\\\/\\\/teo.com.br\\\/noticias\\\/categoria\\\/adwords\\\/\",\"nextItem\":{\"@type\":\"ListItem\",\"@id\":\"https:\\\/\\\/teo.com.br\\\/noticias\\\/2016\\\/02\\\/28\\\/congresso-e-commerce-brasil-vendas-dois-dias-com-os-principais-executivos-do-comercio-eletronico\\\/#listItem\",\"name\":\"Congresso E-Commerce Brasil Vendas: Dois dias com os principais executivos do com\\u00e9rcio eletr\\u00f4nico\"},\"previousItem\":{\"@type\":\"ListItem\",\"@id\":\"https:\\\/\\\/teo.com.br\\\/noticias#listItem\",\"name\":\"Home\"}},{\"@type\":\"ListItem\",\"@id\":\"https:\\\/\\\/teo.com.br\\\/noticias\\\/2016\\\/02\\\/28\\\/congresso-e-commerce-brasil-vendas-dois-dias-com-os-principais-executivos-do-comercio-eletronico\\\/#listItem\",\"position\":3,\"name\":\"Congresso E-Commerce Brasil Vendas: Dois dias com os principais executivos do com\\u00e9rcio eletr\\u00f4nico\",\"previousItem\":{\"@type\":\"ListItem\",\"@id\":\"https:\\\/\\\/teo.com.br\\\/noticias\\\/categoria\\\/adwords\\\/#listItem\",\"name\":\"Adwords\"}}]},{\"@type\":\"Organization\",\"@id\":\"https:\\\/\\\/teo.com.br\\\/noticias\\\/#organization\",\"name\":\"Teo Costa - Tecnologia e Solu\\u00e7\\u00f5es Corporativas em Seguran\\u00e7a Contra Inc\\u00eandio Pesquisa de Satisfa\\u00e7\\u00e3o\",\"description\":\"Head TI - DPO\",\"url\":\"https:\\\/\\\/teo.com.br\\\/noticias\\\/\"},{\"@type\":\"Person\",\"@id\":\"https:\\\/\\\/teo.com.br\\\/noticias\\\/author\\\/temcosta\\\/#author\",\"url\":\"https:\\\/\\\/teo.com.br\\\/noticias\\\/author\\\/temcosta\\\/\",\"name\":\"teocosta\",\"image\":{\"@type\":\"ImageObject\",\"@id\":\"https:\\\/\\\/teo.com.br\\\/noticias\\\/2016\\\/02\\\/28\\\/congresso-e-commerce-brasil-vendas-dois-dias-com-os-principais-executivos-do-comercio-eletronico\\\/#authorImage\",\"url\":\"https:\\\/\\\/secure.gravatar.com\\\/avatar\\\/9eaa33a8942fc7cb0be99e3b8f5a8f798b4647876bd8c39ebfc4b1f5753beac2?s=96&d=mm&r=g\",\"width\":96,\"height\":96,\"caption\":\"teocosta\"}},{\"@type\":\"WebPage\",\"@id\":\"https:\\\/\\\/teo.com.br\\\/noticias\\\/2016\\\/02\\\/28\\\/congresso-e-commerce-brasil-vendas-dois-dias-com-os-principais-executivos-do-comercio-eletronico\\\/#webpage\",\"url\":\"https:\\\/\\\/teo.com.br\\\/noticias\\\/2016\\\/02\\\/28\\\/congresso-e-commerce-brasil-vendas-dois-dias-com-os-principais-executivos-do-comercio-eletronico\\\/\",\"name\":\"Congresso E-Commerce Brasil Vendas: Dois dias com os principais executivos do com\\u00e9rcio eletr\\u00f4nico - Teo\",\"description\":\"Dois dias de evento com os principais executivos do com\\u00e9rcio eletr\\u00f4nico. O Congresso E-Commerce Brasil Vendas 2016 reunir\\u00e1 1.800 congressistas e 56 expositores em S\\u00e3o Paulo, nos dias 9 e 10 de mar\\u00e7o. O evento, realizado desde 2012, \\u00e9 o mais tradicional do setor focado em vendas, e receber\\u00e1 cinco formatos de atra\\u00e7\\u00e3o. 1. Congresso\",\"inLanguage\":\"pt-BR\",\"isPartOf\":{\"@id\":\"https:\\\/\\\/teo.com.br\\\/noticias\\\/#website\"},\"breadcrumb\":{\"@id\":\"https:\\\/\\\/teo.com.br\\\/noticias\\\/2016\\\/02\\\/28\\\/congresso-e-commerce-brasil-vendas-dois-dias-com-os-principais-executivos-do-comercio-eletronico\\\/#breadcrumblist\"},\"author\":{\"@id\":\"https:\\\/\\\/teo.com.br\\\/noticias\\\/author\\\/temcosta\\\/#author\"},\"creator\":{\"@id\":\"https:\\\/\\\/teo.com.br\\\/noticias\\\/author\\\/temcosta\\\/#author\"},\"datePublished\":\"2016-02-28T15:54:10-03:00\",\"dateModified\":\"2016-02-28T15:54:10-03:00\"},{\"@type\":\"WebSite\",\"@id\":\"https:\\\/\\\/teo.com.br\\\/noticias\\\/#website\",\"url\":\"https:\\\/\\\/teo.com.br\\\/noticias\\\/\",\"name\":\"Teo Costa - Tecnologia e Solu\\u00e7\\u00f5es Corporativas em Seguran\\u00e7a Contra Inc\\u00eandio Pesquisa de Satisfa\\u00e7\\u00e3o\",\"description\":\"Head TI - DPO\",\"inLanguage\":\"pt-BR\",\"publisher\":{\"@id\":\"https:\\\/\\\/teo.com.br\\\/noticias\\\/#organization\"}}]}\n\t\t<\/script>\n\t\t<!-- All in One SEO -->\n\n","aioseo_head_json":{"title":"Congresso E-Commerce Brasil Vendas: Dois dias com os principais executivos do com\u00e9rcio eletr\u00f4nico - Teo","description":"Dois dias de evento com os principais executivos do com\u00e9rcio eletr\u00f4nico. O Congresso E-Commerce Brasil Vendas 2016 reunir\u00e1 1.800 congressistas e 56 expositores em S\u00e3o Paulo, nos dias 9 e 10 de mar\u00e7o. O evento, realizado desde 2012, \u00e9 o mais tradicional do setor focado em vendas, e receber\u00e1 cinco formatos de atra\u00e7\u00e3o. 1. Congresso","canonical_url":"https:\/\/teo.com.br\/noticias\/2016\/02\/28\/congresso-e-commerce-brasil-vendas-dois-dias-com-os-principais-executivos-do-comercio-eletronico\/","robots":"max-image-preview:large","keywords":"","webmasterTools":{"miscellaneous":""},"schema":{"@context":"https:\/\/schema.org","@graph":[{"@type":"BlogPosting","@id":"https:\/\/teo.com.br\/noticias\/2016\/02\/28\/congresso-e-commerce-brasil-vendas-dois-dias-com-os-principais-executivos-do-comercio-eletronico\/#blogposting","name":"Congresso E-Commerce Brasil Vendas: Dois dias com os principais executivos do com\u00e9rcio eletr\u00f4nico - Teo","headline":"Congresso E-Commerce Brasil Vendas: Dois dias com os principais executivos do com\u00e9rcio eletr\u00f4nico","author":{"@id":"https:\/\/teo.com.br\/noticias\/author\/temcosta\/#author"},"publisher":{"@id":"https:\/\/teo.com.br\/noticias\/#organization"},"datePublished":"2016-02-28T15:54:10-03:00","dateModified":"2016-02-28T15:54:10-03:00","inLanguage":"pt-BR","mainEntityOfPage":{"@id":"https:\/\/teo.com.br\/noticias\/2016\/02\/28\/congresso-e-commerce-brasil-vendas-dois-dias-com-os-principais-executivos-do-comercio-eletronico\/#webpage"},"isPartOf":{"@id":"https:\/\/teo.com.br\/noticias\/2016\/02\/28\/congresso-e-commerce-brasil-vendas-dois-dias-com-os-principais-executivos-do-comercio-eletronico\/#webpage"},"articleSection":"Adwords"},{"@type":"BreadcrumbList","@id":"https:\/\/teo.com.br\/noticias\/2016\/02\/28\/congresso-e-commerce-brasil-vendas-dois-dias-com-os-principais-executivos-do-comercio-eletronico\/#breadcrumblist","itemListElement":[{"@type":"ListItem","@id":"https:\/\/teo.com.br\/noticias#listItem","position":1,"name":"Home","item":"https:\/\/teo.com.br\/noticias","nextItem":{"@type":"ListItem","@id":"https:\/\/teo.com.br\/noticias\/categoria\/adwords\/#listItem","name":"Adwords"}},{"@type":"ListItem","@id":"https:\/\/teo.com.br\/noticias\/categoria\/adwords\/#listItem","position":2,"name":"Adwords","item":"https:\/\/teo.com.br\/noticias\/categoria\/adwords\/","nextItem":{"@type":"ListItem","@id":"https:\/\/teo.com.br\/noticias\/2016\/02\/28\/congresso-e-commerce-brasil-vendas-dois-dias-com-os-principais-executivos-do-comercio-eletronico\/#listItem","name":"Congresso E-Commerce Brasil Vendas: Dois dias com os principais executivos do com\u00e9rcio eletr\u00f4nico"},"previousItem":{"@type":"ListItem","@id":"https:\/\/teo.com.br\/noticias#listItem","name":"Home"}},{"@type":"ListItem","@id":"https:\/\/teo.com.br\/noticias\/2016\/02\/28\/congresso-e-commerce-brasil-vendas-dois-dias-com-os-principais-executivos-do-comercio-eletronico\/#listItem","position":3,"name":"Congresso E-Commerce Brasil Vendas: Dois dias com os principais executivos do com\u00e9rcio eletr\u00f4nico","previousItem":{"@type":"ListItem","@id":"https:\/\/teo.com.br\/noticias\/categoria\/adwords\/#listItem","name":"Adwords"}}]},{"@type":"Organization","@id":"https:\/\/teo.com.br\/noticias\/#organization","name":"Teo Costa - Tecnologia e Solu\u00e7\u00f5es Corporativas em Seguran\u00e7a Contra Inc\u00eandio Pesquisa de Satisfa\u00e7\u00e3o","description":"Head TI - DPO","url":"https:\/\/teo.com.br\/noticias\/"},{"@type":"Person","@id":"https:\/\/teo.com.br\/noticias\/author\/temcosta\/#author","url":"https:\/\/teo.com.br\/noticias\/author\/temcosta\/","name":"teocosta","image":{"@type":"ImageObject","@id":"https:\/\/teo.com.br\/noticias\/2016\/02\/28\/congresso-e-commerce-brasil-vendas-dois-dias-com-os-principais-executivos-do-comercio-eletronico\/#authorImage","url":"https:\/\/secure.gravatar.com\/avatar\/9eaa33a8942fc7cb0be99e3b8f5a8f798b4647876bd8c39ebfc4b1f5753beac2?s=96&d=mm&r=g","width":96,"height":96,"caption":"teocosta"}},{"@type":"WebPage","@id":"https:\/\/teo.com.br\/noticias\/2016\/02\/28\/congresso-e-commerce-brasil-vendas-dois-dias-com-os-principais-executivos-do-comercio-eletronico\/#webpage","url":"https:\/\/teo.com.br\/noticias\/2016\/02\/28\/congresso-e-commerce-brasil-vendas-dois-dias-com-os-principais-executivos-do-comercio-eletronico\/","name":"Congresso E-Commerce Brasil Vendas: Dois dias com os principais executivos do com\u00e9rcio eletr\u00f4nico - Teo","description":"Dois dias de evento com os principais executivos do com\u00e9rcio eletr\u00f4nico. O Congresso E-Commerce Brasil Vendas 2016 reunir\u00e1 1.800 congressistas e 56 expositores em S\u00e3o Paulo, nos dias 9 e 10 de mar\u00e7o. O evento, realizado desde 2012, \u00e9 o mais tradicional do setor focado em vendas, e receber\u00e1 cinco formatos de atra\u00e7\u00e3o. 1. Congresso","inLanguage":"pt-BR","isPartOf":{"@id":"https:\/\/teo.com.br\/noticias\/#website"},"breadcrumb":{"@id":"https:\/\/teo.com.br\/noticias\/2016\/02\/28\/congresso-e-commerce-brasil-vendas-dois-dias-com-os-principais-executivos-do-comercio-eletronico\/#breadcrumblist"},"author":{"@id":"https:\/\/teo.com.br\/noticias\/author\/temcosta\/#author"},"creator":{"@id":"https:\/\/teo.com.br\/noticias\/author\/temcosta\/#author"},"datePublished":"2016-02-28T15:54:10-03:00","dateModified":"2016-02-28T15:54:10-03:00"},{"@type":"WebSite","@id":"https:\/\/teo.com.br\/noticias\/#website","url":"https:\/\/teo.com.br\/noticias\/","name":"Teo Costa - Tecnologia e Solu\u00e7\u00f5es Corporativas em Seguran\u00e7a Contra Inc\u00eandio Pesquisa de Satisfa\u00e7\u00e3o","description":"Head TI - DPO","inLanguage":"pt-BR","publisher":{"@id":"https:\/\/teo.com.br\/noticias\/#organization"}}]},"og:locale":"pt_BR","og:site_name":"Teo - Head TI - DPO","og:type":"article","og:title":"Congresso E-Commerce Brasil Vendas: Dois dias com os principais executivos do com\u00e9rcio eletr\u00f4nico - Teo","og:description":"Dois dias de evento com os principais executivos do com\u00e9rcio eletr\u00f4nico. O Congresso E-Commerce Brasil Vendas 2016 reunir\u00e1 1.800 congressistas e 56 expositores em S\u00e3o Paulo, nos dias 9 e 10 de mar\u00e7o. O evento, realizado desde 2012, \u00e9 o mais tradicional do setor focado em vendas, e receber\u00e1 cinco formatos de atra\u00e7\u00e3o. 1. Congresso","og:url":"https:\/\/teo.com.br\/noticias\/2016\/02\/28\/congresso-e-commerce-brasil-vendas-dois-dias-com-os-principais-executivos-do-comercio-eletronico\/","og:image":"https:\/\/teo.com.br\/wp-content\/uploads\/2024\/03\/cropped-teo.jpg","og:image:secure_url":"https:\/\/teo.com.br\/wp-content\/uploads\/2024\/03\/cropped-teo.jpg","article:published_time":"2016-02-28T15:54:10+00:00","article:modified_time":"2016-02-28T15:54:10+00:00","twitter:card":"summary_large_image","twitter:title":"Congresso E-Commerce Brasil Vendas: Dois dias com os principais executivos do com\u00e9rcio eletr\u00f4nico - Teo","twitter:description":"Dois dias de evento com os principais executivos do com\u00e9rcio eletr\u00f4nico. O Congresso E-Commerce Brasil Vendas 2016 reunir\u00e1 1.800 congressistas e 56 expositores em S\u00e3o Paulo, nos dias 9 e 10 de mar\u00e7o. O evento, realizado desde 2012, \u00e9 o mais tradicional do setor focado em vendas, e receber\u00e1 cinco formatos de atra\u00e7\u00e3o. 1. Congresso","twitter:image":"https:\/\/teo.com.br\/wp-content\/uploads\/2024\/03\/cropped-teo.jpg"},"aioseo_meta_data":{"post_id":"3360","title":null,"description":null,"keywords":null,"keyphrases":null,"primary_term":null,"canonical_url":null,"og_title":null,"og_description":null,"og_object_type":"default","og_image_type":"default","og_image_url":null,"og_image_width":null,"og_image_height":null,"og_image_custom_url":null,"og_image_custom_fields":null,"og_video":null,"og_custom_url":null,"og_article_section":null,"og_article_tags":null,"twitter_use_og":false,"twitter_card":"default","twitter_image_type":"default","twitter_image_url":null,"twitter_image_custom_url":null,"twitter_image_custom_fields":null,"twitter_title":null,"twitter_description":null,"schema":{"blockGraphs":[],"customGraphs":[],"default":{"data":{"Article":[],"Course":[],"Dataset":[],"FAQPage":[],"Movie":[],"Person":[],"Product":[],"ProductReview":[],"Car":[],"Recipe":[],"Service":[],"SoftwareApplication":[],"WebPage":[]},"graphName":"","isEnabled":true},"graphs":[]},"schema_type":"default","schema_type_options":null,"pillar_content":false,"robots_default":true,"robots_noindex":false,"robots_noarchive":false,"robots_nosnippet":false,"robots_nofollow":false,"robots_noimageindex":false,"robots_noodp":false,"robots_notranslate":false,"robots_max_snippet":null,"robots_max_videopreview":null,"robots_max_imagepreview":"large","priority":null,"frequency":null,"local_seo":null,"breadcrumb_settings":null,"limit_modified_date":false,"ai":null,"created":"2024-04-08 21:55:49","updated":"2025-09-12 20:45:28","seo_analyzer_scan_date":null,"focus_keyword":null,"additional_keywords":null,"truseo_locale":null},"aioseo_breadcrumb":"<div class=\"aioseo-breadcrumbs\"><span class=\"aioseo-breadcrumb\">\n\t\t\t<a href=\"https:\/\/teo.com.br\/noticias\" title=\"Home\">Home<\/a>\n\t\t<\/span><span class=\"aioseo-breadcrumb-separator\">&raquo;<\/span><span class=\"aioseo-breadcrumb\">\n\t\t\t<a href=\"https:\/\/teo.com.br\/noticias\/categoria\/adwords\/\" title=\"Adwords\">Adwords<\/a>\n\t\t<\/span><span class=\"aioseo-breadcrumb-separator\">&raquo;<\/span><span class=\"aioseo-breadcrumb\">\n\t\t\tCongresso E-Commerce Brasil Vendas: Dois dias com os principais executivos do com\u00e9rcio eletr\u00f4nico\n\t\t<\/span><\/div>","aioseo_breadcrumb_json":[{"label":"Home","link":"https:\/\/teo.com.br\/noticias"},{"label":"Adwords","link":"https:\/\/teo.com.br\/noticias\/categoria\/adwords\/"},{"label":"Congresso E-Commerce Brasil Vendas: Dois dias com os principais executivos do com\u00e9rcio eletr\u00f4nico","link":"https:\/\/teo.com.br\/noticias\/2016\/02\/28\/congresso-e-commerce-brasil-vendas-dois-dias-com-os-principais-executivos-do-comercio-eletronico\/"}],"_links":{"self":[{"href":"https:\/\/teo.com.br\/noticias\/wp-json\/wp\/v2\/posts\/3360","targetHints":{"allow":["GET"]}}],"collection":[{"href":"https:\/\/teo.com.br\/noticias\/wp-json\/wp\/v2\/posts"}],"about":[{"href":"https:\/\/teo.com.br\/noticias\/wp-json\/wp\/v2\/types\/post"}],"author":[{"embeddable":true,"href":"https:\/\/teo.com.br\/noticias\/wp-json\/wp\/v2\/users\/1"}],"replies":[{"embeddable":true,"href":"https:\/\/teo.com.br\/noticias\/wp-json\/wp\/v2\/comments?post=3360"}],"version-history":[{"count":0,"href":"https:\/\/teo.com.br\/noticias\/wp-json\/wp\/v2\/posts\/3360\/revisions"}],"wp:attachment":[{"href":"https:\/\/teo.com.br\/noticias\/wp-json\/wp\/v2\/media?parent=3360"}],"wp:term":[{"taxonomy":"category","embeddable":true,"href":"https:\/\/teo.com.br\/noticias\/wp-json\/wp\/v2\/categories?post=3360"},{"taxonomy":"post_tag","embeddable":true,"href":"https:\/\/teo.com.br\/noticias\/wp-json\/wp\/v2\/tags?post=3360"}],"curies":[{"name":"wp","href":"https:\/\/api.w.org\/{rel}","templated":true}]}}