{"id":3410,"date":"2016-04-01T15:13:37","date_gmt":"2016-04-01T15:13:37","guid":{"rendered":"http:\/\/www.teo.com.br\/?p=3410"},"modified":"2016-04-01T15:13:37","modified_gmt":"2016-04-01T15:13:37","slug":"fotos-do-instagram-nao-aparecem-mais-no-seu-site-blog-ou-e-commerce","status":"publish","type":"post","link":"https:\/\/teo.com.br\/noticias\/2016\/04\/01\/fotos-do-instagram-nao-aparecem-mais-no-seu-site-blog-ou-e-commerce\/","title":{"rendered":"Fotos do Instagram n\u00e3o aparecem mais no seu site, blog ou e-commerce?"},"content":{"rendered":"<p>O instagram mudou sua forma de liberar sua app de integra\u00e7\u00e3o, antes era somente entrar em sua conta e criar um usu\u00e1rio para conex\u00e3o, agora eles est\u00e3o aprovando este usu\u00e1rio. Seria bom que\u00a0voc\u00ea entrassem em contato solicitando aprova\u00e7\u00e3o com urg\u00eancia, quando eles liberarem, as imagens ir\u00e3o aparecer no rodap\u00e9 do seu site, ok?<\/p>\n<p><a href=\"https:\/\/www.instagram.com\/developer\" target=\"_blank\" rel=\"noreferrer noopener\">https:\/\/www.instagram.com\/<wbr \/>developer<\/a> \u00a0 &#8211; link onde \u00e9 criada a conta.<\/p>\n","protected":false},"excerpt":{"rendered":"<p>O instagram mudou sua forma de liberar sua app de integra\u00e7\u00e3o, antes era somente entrar em sua conta e criar um usu\u00e1rio para conex\u00e3o, agora eles est\u00e3o aprovando este usu\u00e1rio.&hellip;<\/p>\n","protected":false},"author":1,"featured_media":0,"comment_status":"open","ping_status":"closed","sticky":false,"template":"","format":"standard","meta":{"footnotes":""},"categories":[9],"tags":[53],"class_list":["post-3410","post","type-post","status-publish","format-standard","hentry","category-adwords","tag-instagram"],"aioseo_notices":[],"aioseo_head":"\n\t\t<!-- All in One SEO 5.0.0.1 - aioseo.com -->\n\t<meta name=\"description\" content=\"O instagram mudou sua forma de liberar sua app de integra\u00e7\u00e3o, antes era somente entrar em sua conta e criar um usu\u00e1rio para conex\u00e3o, agora eles est\u00e3o aprovando este usu\u00e1rio. Seria bom que voc\u00ea entrassem em contato solicitando aprova\u00e7\u00e3o com urg\u00eancia, quando eles liberarem, as imagens ir\u00e3o aparecer no rodap\u00e9 do seu site, ok? https:\/\/www.instagram.com\/developer\" \/>\n\t<meta name=\"robots\" content=\"max-image-preview:large\" \/>\n\t<meta name=\"author\" content=\"teocosta\"\/>\n\t<link rel=\"canonical\" href=\"https:\/\/teo.com.br\/noticias\/2016\/04\/01\/fotos-do-instagram-nao-aparecem-mais-no-seu-site-blog-ou-e-commerce\/\" \/>\n\t<meta name=\"generator\" content=\"All in One SEO (AIOSEO) 5.0.0.1\" \/>\n\t\t<meta property=\"og:locale\" content=\"pt_BR\" \/>\n\t\t<meta property=\"og:site_name\" content=\"Teo - Head TI - DPO\" \/>\n\t\t<meta property=\"og:type\" content=\"article\" \/>\n\t\t<meta property=\"og:title\" content=\"Fotos do Instagram n\u00e3o aparecem mais no seu site, blog ou e-commerce? - Teo\" \/>\n\t\t<meta property=\"og:description\" content=\"O instagram mudou sua forma de liberar sua app de integra\u00e7\u00e3o, antes era somente entrar em sua conta e criar um usu\u00e1rio para conex\u00e3o, agora eles est\u00e3o aprovando este usu\u00e1rio. Seria bom que voc\u00ea entrassem em contato solicitando aprova\u00e7\u00e3o com urg\u00eancia, quando eles liberarem, as imagens ir\u00e3o aparecer no rodap\u00e9 do seu site, ok? https:\/\/www.instagram.com\/developer\" \/>\n\t\t<meta property=\"og:url\" content=\"https:\/\/teo.com.br\/noticias\/2016\/04\/01\/fotos-do-instagram-nao-aparecem-mais-no-seu-site-blog-ou-e-commerce\/\" \/>\n\t\t<meta property=\"og:image\" content=\"https:\/\/teo.com.br\/wp-content\/uploads\/2024\/03\/cropped-teo.jpg\" \/>\n\t\t<meta property=\"og:image:secure_url\" content=\"https:\/\/teo.com.br\/wp-content\/uploads\/2024\/03\/cropped-teo.jpg\" \/>\n\t\t<meta property=\"article:published_time\" content=\"2016-04-01T15:13:37+00:00\" \/>\n\t\t<meta property=\"article:modified_time\" content=\"2016-04-01T15:13:37+00:00\" \/>\n\t\t<meta name=\"twitter:card\" content=\"summary_large_image\" \/>\n\t\t<meta name=\"twitter:title\" content=\"Fotos do Instagram n\u00e3o aparecem mais no seu site, blog ou e-commerce? - Teo\" \/>\n\t\t<meta name=\"twitter:description\" content=\"O instagram mudou sua forma de liberar sua app de integra\u00e7\u00e3o, antes era somente entrar em sua conta e criar um usu\u00e1rio para conex\u00e3o, agora eles est\u00e3o aprovando este usu\u00e1rio. Seria bom que voc\u00ea entrassem em contato solicitando aprova\u00e7\u00e3o com urg\u00eancia, quando eles liberarem, as imagens ir\u00e3o aparecer no rodap\u00e9 do seu site, ok? https:\/\/www.instagram.com\/developer\" \/>\n\t\t<meta name=\"twitter:image\" content=\"https:\/\/teo.com.br\/wp-content\/uploads\/2024\/03\/cropped-teo.jpg\" \/>\n\t\t<script type=\"application\/ld+json\" class=\"aioseo-schema\">\n\t\t\t{\"@context\":\"https:\\\/\\\/schema.org\",\"@graph\":[{\"@type\":\"BlogPosting\",\"@id\":\"https:\\\/\\\/teo.com.br\\\/noticias\\\/2016\\\/04\\\/01\\\/fotos-do-instagram-nao-aparecem-mais-no-seu-site-blog-ou-e-commerce\\\/#blogposting\",\"name\":\"Fotos do Instagram n\\u00e3o aparecem mais no seu site, blog ou e-commerce? - Teo\",\"headline\":\"Fotos do Instagram n\\u00e3o aparecem mais no seu site, blog ou e-commerce?\",\"author\":{\"@id\":\"https:\\\/\\\/teo.com.br\\\/noticias\\\/author\\\/temcosta\\\/#author\"},\"publisher\":{\"@id\":\"https:\\\/\\\/teo.com.br\\\/noticias\\\/#organization\"},\"datePublished\":\"2016-04-01T15:13:37-03:00\",\"dateModified\":\"2016-04-01T15:13:37-03:00\",\"inLanguage\":\"pt-BR\",\"mainEntityOfPage\":{\"@id\":\"https:\\\/\\\/teo.com.br\\\/noticias\\\/2016\\\/04\\\/01\\\/fotos-do-instagram-nao-aparecem-mais-no-seu-site-blog-ou-e-commerce\\\/#webpage\"},\"isPartOf\":{\"@id\":\"https:\\\/\\\/teo.com.br\\\/noticias\\\/2016\\\/04\\\/01\\\/fotos-do-instagram-nao-aparecem-mais-no-seu-site-blog-ou-e-commerce\\\/#webpage\"},\"articleSection\":\"Adwords, instagram\"},{\"@type\":\"BreadcrumbList\",\"@id\":\"https:\\\/\\\/teo.com.br\\\/noticias\\\/2016\\\/04\\\/01\\\/fotos-do-instagram-nao-aparecem-mais-no-seu-site-blog-ou-e-commerce\\\/#breadcrumblist\",\"itemListElement\":[{\"@type\":\"ListItem\",\"@id\":\"https:\\\/\\\/teo.com.br\\\/noticias#listItem\",\"position\":1,\"name\":\"Home\",\"item\":\"https:\\\/\\\/teo.com.br\\\/noticias\",\"nextItem\":{\"@type\":\"ListItem\",\"@id\":\"https:\\\/\\\/teo.com.br\\\/noticias\\\/categoria\\\/adwords\\\/#listItem\",\"name\":\"Adwords\"}},{\"@type\":\"ListItem\",\"@id\":\"https:\\\/\\\/teo.com.br\\\/noticias\\\/categoria\\\/adwords\\\/#listItem\",\"position\":2,\"name\":\"Adwords\",\"item\":\"https:\\\/\\\/teo.com.br\\\/noticias\\\/categoria\\\/adwords\\\/\",\"nextItem\":{\"@type\":\"ListItem\",\"@id\":\"https:\\\/\\\/teo.com.br\\\/noticias\\\/2016\\\/04\\\/01\\\/fotos-do-instagram-nao-aparecem-mais-no-seu-site-blog-ou-e-commerce\\\/#listItem\",\"name\":\"Fotos do Instagram n\\u00e3o aparecem mais no seu site, blog ou e-commerce?\"},\"previousItem\":{\"@type\":\"ListItem\",\"@id\":\"https:\\\/\\\/teo.com.br\\\/noticias#listItem\",\"name\":\"Home\"}},{\"@type\":\"ListItem\",\"@id\":\"https:\\\/\\\/teo.com.br\\\/noticias\\\/2016\\\/04\\\/01\\\/fotos-do-instagram-nao-aparecem-mais-no-seu-site-blog-ou-e-commerce\\\/#listItem\",\"position\":3,\"name\":\"Fotos do Instagram n\\u00e3o aparecem mais no seu site, blog ou e-commerce?\",\"previousItem\":{\"@type\":\"ListItem\",\"@id\":\"https:\\\/\\\/teo.com.br\\\/noticias\\\/categoria\\\/adwords\\\/#listItem\",\"name\":\"Adwords\"}}]},{\"@type\":\"Organization\",\"@id\":\"https:\\\/\\\/teo.com.br\\\/noticias\\\/#organization\",\"name\":\"Teo Costa - Tecnologia e Solu\\u00e7\\u00f5es Corporativas em Seguran\\u00e7a Contra Inc\\u00eandio Pesquisa de Satisfa\\u00e7\\u00e3o\",\"description\":\"Head TI - DPO\",\"url\":\"https:\\\/\\\/teo.com.br\\\/noticias\\\/\"},{\"@type\":\"Person\",\"@id\":\"https:\\\/\\\/teo.com.br\\\/noticias\\\/author\\\/temcosta\\\/#author\",\"url\":\"https:\\\/\\\/teo.com.br\\\/noticias\\\/author\\\/temcosta\\\/\",\"name\":\"teocosta\",\"image\":{\"@type\":\"ImageObject\",\"@id\":\"https:\\\/\\\/teo.com.br\\\/noticias\\\/2016\\\/04\\\/01\\\/fotos-do-instagram-nao-aparecem-mais-no-seu-site-blog-ou-e-commerce\\\/#authorImage\",\"url\":\"https:\\\/\\\/secure.gravatar.com\\\/avatar\\\/9eaa33a8942fc7cb0be99e3b8f5a8f798b4647876bd8c39ebfc4b1f5753beac2?s=96&d=mm&r=g\",\"width\":96,\"height\":96,\"caption\":\"teocosta\"}},{\"@type\":\"WebPage\",\"@id\":\"https:\\\/\\\/teo.com.br\\\/noticias\\\/2016\\\/04\\\/01\\\/fotos-do-instagram-nao-aparecem-mais-no-seu-site-blog-ou-e-commerce\\\/#webpage\",\"url\":\"https:\\\/\\\/teo.com.br\\\/noticias\\\/2016\\\/04\\\/01\\\/fotos-do-instagram-nao-aparecem-mais-no-seu-site-blog-ou-e-commerce\\\/\",\"name\":\"Fotos do Instagram n\\u00e3o aparecem mais no seu site, blog ou e-commerce? - Teo\",\"description\":\"O instagram mudou sua forma de liberar sua app de integra\\u00e7\\u00e3o, antes era somente entrar em sua conta e criar um usu\\u00e1rio para conex\\u00e3o, agora eles est\\u00e3o aprovando este usu\\u00e1rio. Seria bom que voc\\u00ea entrassem em contato solicitando aprova\\u00e7\\u00e3o com urg\\u00eancia, quando eles liberarem, as imagens ir\\u00e3o aparecer no rodap\\u00e9 do seu site, ok? https:\\\/\\\/www.instagram.com\\\/developer\",\"inLanguage\":\"pt-BR\",\"isPartOf\":{\"@id\":\"https:\\\/\\\/teo.com.br\\\/noticias\\\/#website\"},\"breadcrumb\":{\"@id\":\"https:\\\/\\\/teo.com.br\\\/noticias\\\/2016\\\/04\\\/01\\\/fotos-do-instagram-nao-aparecem-mais-no-seu-site-blog-ou-e-commerce\\\/#breadcrumblist\"},\"author\":{\"@id\":\"https:\\\/\\\/teo.com.br\\\/noticias\\\/author\\\/temcosta\\\/#author\"},\"creator\":{\"@id\":\"https:\\\/\\\/teo.com.br\\\/noticias\\\/author\\\/temcosta\\\/#author\"},\"datePublished\":\"2016-04-01T15:13:37-03:00\",\"dateModified\":\"2016-04-01T15:13:37-03:00\"},{\"@type\":\"WebSite\",\"@id\":\"https:\\\/\\\/teo.com.br\\\/noticias\\\/#website\",\"url\":\"https:\\\/\\\/teo.com.br\\\/noticias\\\/\",\"name\":\"Teo Costa - Tecnologia e Solu\\u00e7\\u00f5es Corporativas em Seguran\\u00e7a Contra Inc\\u00eandio Pesquisa de Satisfa\\u00e7\\u00e3o\",\"description\":\"Head TI - DPO\",\"inLanguage\":\"pt-BR\",\"publisher\":{\"@id\":\"https:\\\/\\\/teo.com.br\\\/noticias\\\/#organization\"}}]}\n\t\t<\/script>\n\t\t<!-- All in One SEO -->\n\n","aioseo_head_json":{"title":"Fotos do Instagram n\u00e3o aparecem mais no seu site, blog ou e-commerce? - Teo","description":"O instagram mudou sua forma de liberar sua app de integra\u00e7\u00e3o, antes era somente entrar em sua conta e criar um usu\u00e1rio para conex\u00e3o, agora eles est\u00e3o aprovando este usu\u00e1rio. Seria bom que voc\u00ea entrassem em contato solicitando aprova\u00e7\u00e3o com urg\u00eancia, quando eles liberarem, as imagens ir\u00e3o aparecer no rodap\u00e9 do seu site, ok? https:\/\/www.instagram.com\/developer","canonical_url":"https:\/\/teo.com.br\/noticias\/2016\/04\/01\/fotos-do-instagram-nao-aparecem-mais-no-seu-site-blog-ou-e-commerce\/","robots":"max-image-preview:large","keywords":"","webmasterTools":{"miscellaneous":""},"schema":{"@context":"https:\/\/schema.org","@graph":[{"@type":"BlogPosting","@id":"https:\/\/teo.com.br\/noticias\/2016\/04\/01\/fotos-do-instagram-nao-aparecem-mais-no-seu-site-blog-ou-e-commerce\/#blogposting","name":"Fotos do Instagram n\u00e3o aparecem mais no seu site, blog ou e-commerce? - Teo","headline":"Fotos do Instagram n\u00e3o aparecem mais no seu site, blog ou e-commerce?","author":{"@id":"https:\/\/teo.com.br\/noticias\/author\/temcosta\/#author"},"publisher":{"@id":"https:\/\/teo.com.br\/noticias\/#organization"},"datePublished":"2016-04-01T15:13:37-03:00","dateModified":"2016-04-01T15:13:37-03:00","inLanguage":"pt-BR","mainEntityOfPage":{"@id":"https:\/\/teo.com.br\/noticias\/2016\/04\/01\/fotos-do-instagram-nao-aparecem-mais-no-seu-site-blog-ou-e-commerce\/#webpage"},"isPartOf":{"@id":"https:\/\/teo.com.br\/noticias\/2016\/04\/01\/fotos-do-instagram-nao-aparecem-mais-no-seu-site-blog-ou-e-commerce\/#webpage"},"articleSection":"Adwords, instagram"},{"@type":"BreadcrumbList","@id":"https:\/\/teo.com.br\/noticias\/2016\/04\/01\/fotos-do-instagram-nao-aparecem-mais-no-seu-site-blog-ou-e-commerce\/#breadcrumblist","itemListElement":[{"@type":"ListItem","@id":"https:\/\/teo.com.br\/noticias#listItem","position":1,"name":"Home","item":"https:\/\/teo.com.br\/noticias","nextItem":{"@type":"ListItem","@id":"https:\/\/teo.com.br\/noticias\/categoria\/adwords\/#listItem","name":"Adwords"}},{"@type":"ListItem","@id":"https:\/\/teo.com.br\/noticias\/categoria\/adwords\/#listItem","position":2,"name":"Adwords","item":"https:\/\/teo.com.br\/noticias\/categoria\/adwords\/","nextItem":{"@type":"ListItem","@id":"https:\/\/teo.com.br\/noticias\/2016\/04\/01\/fotos-do-instagram-nao-aparecem-mais-no-seu-site-blog-ou-e-commerce\/#listItem","name":"Fotos do Instagram n\u00e3o aparecem mais no seu site, blog ou e-commerce?"},"previousItem":{"@type":"ListItem","@id":"https:\/\/teo.com.br\/noticias#listItem","name":"Home"}},{"@type":"ListItem","@id":"https:\/\/teo.com.br\/noticias\/2016\/04\/01\/fotos-do-instagram-nao-aparecem-mais-no-seu-site-blog-ou-e-commerce\/#listItem","position":3,"name":"Fotos do Instagram n\u00e3o aparecem mais no seu site, blog ou e-commerce?","previousItem":{"@type":"ListItem","@id":"https:\/\/teo.com.br\/noticias\/categoria\/adwords\/#listItem","name":"Adwords"}}]},{"@type":"Organization","@id":"https:\/\/teo.com.br\/noticias\/#organization","name":"Teo Costa - Tecnologia e Solu\u00e7\u00f5es Corporativas em Seguran\u00e7a Contra Inc\u00eandio Pesquisa de Satisfa\u00e7\u00e3o","description":"Head TI - DPO","url":"https:\/\/teo.com.br\/noticias\/"},{"@type":"Person","@id":"https:\/\/teo.com.br\/noticias\/author\/temcosta\/#author","url":"https:\/\/teo.com.br\/noticias\/author\/temcosta\/","name":"teocosta","image":{"@type":"ImageObject","@id":"https:\/\/teo.com.br\/noticias\/2016\/04\/01\/fotos-do-instagram-nao-aparecem-mais-no-seu-site-blog-ou-e-commerce\/#authorImage","url":"https:\/\/secure.gravatar.com\/avatar\/9eaa33a8942fc7cb0be99e3b8f5a8f798b4647876bd8c39ebfc4b1f5753beac2?s=96&d=mm&r=g","width":96,"height":96,"caption":"teocosta"}},{"@type":"WebPage","@id":"https:\/\/teo.com.br\/noticias\/2016\/04\/01\/fotos-do-instagram-nao-aparecem-mais-no-seu-site-blog-ou-e-commerce\/#webpage","url":"https:\/\/teo.com.br\/noticias\/2016\/04\/01\/fotos-do-instagram-nao-aparecem-mais-no-seu-site-blog-ou-e-commerce\/","name":"Fotos do Instagram n\u00e3o aparecem mais no seu site, blog ou e-commerce? - Teo","description":"O instagram mudou sua forma de liberar sua app de integra\u00e7\u00e3o, antes era somente entrar em sua conta e criar um usu\u00e1rio para conex\u00e3o, agora eles est\u00e3o aprovando este usu\u00e1rio. Seria bom que voc\u00ea entrassem em contato solicitando aprova\u00e7\u00e3o com urg\u00eancia, quando eles liberarem, as imagens ir\u00e3o aparecer no rodap\u00e9 do seu site, ok? https:\/\/www.instagram.com\/developer","inLanguage":"pt-BR","isPartOf":{"@id":"https:\/\/teo.com.br\/noticias\/#website"},"breadcrumb":{"@id":"https:\/\/teo.com.br\/noticias\/2016\/04\/01\/fotos-do-instagram-nao-aparecem-mais-no-seu-site-blog-ou-e-commerce\/#breadcrumblist"},"author":{"@id":"https:\/\/teo.com.br\/noticias\/author\/temcosta\/#author"},"creator":{"@id":"https:\/\/teo.com.br\/noticias\/author\/temcosta\/#author"},"datePublished":"2016-04-01T15:13:37-03:00","dateModified":"2016-04-01T15:13:37-03:00"},{"@type":"WebSite","@id":"https:\/\/teo.com.br\/noticias\/#website","url":"https:\/\/teo.com.br\/noticias\/","name":"Teo Costa - Tecnologia e Solu\u00e7\u00f5es Corporativas em Seguran\u00e7a Contra Inc\u00eandio Pesquisa de Satisfa\u00e7\u00e3o","description":"Head TI - DPO","inLanguage":"pt-BR","publisher":{"@id":"https:\/\/teo.com.br\/noticias\/#organization"}}]},"og:locale":"pt_BR","og:site_name":"Teo - Head TI - DPO","og:type":"article","og:title":"Fotos do Instagram n\u00e3o aparecem mais no seu site, blog ou e-commerce? - Teo","og:description":"O instagram mudou sua forma de liberar sua app de integra\u00e7\u00e3o, antes era somente entrar em sua conta e criar um usu\u00e1rio para conex\u00e3o, agora eles est\u00e3o aprovando este usu\u00e1rio. Seria bom que voc\u00ea entrassem em contato solicitando aprova\u00e7\u00e3o com urg\u00eancia, quando eles liberarem, as imagens ir\u00e3o aparecer no rodap\u00e9 do seu site, ok? https:\/\/www.instagram.com\/developer","og:url":"https:\/\/teo.com.br\/noticias\/2016\/04\/01\/fotos-do-instagram-nao-aparecem-mais-no-seu-site-blog-ou-e-commerce\/","og:image":"https:\/\/teo.com.br\/wp-content\/uploads\/2024\/03\/cropped-teo.jpg","og:image:secure_url":"https:\/\/teo.com.br\/wp-content\/uploads\/2024\/03\/cropped-teo.jpg","article:published_time":"2016-04-01T15:13:37+00:00","article:modified_time":"2016-04-01T15:13:37+00:00","twitter:card":"summary_large_image","twitter:title":"Fotos do Instagram n\u00e3o aparecem mais no seu site, blog ou e-commerce? - Teo","twitter:description":"O instagram mudou sua forma de liberar sua app de integra\u00e7\u00e3o, antes era somente entrar em sua conta e criar um usu\u00e1rio para conex\u00e3o, agora eles est\u00e3o aprovando este usu\u00e1rio. Seria bom que voc\u00ea entrassem em contato solicitando aprova\u00e7\u00e3o com urg\u00eancia, quando eles liberarem, as imagens ir\u00e3o aparecer no rodap\u00e9 do seu site, ok? https:\/\/www.instagram.com\/developer","twitter:image":"https:\/\/teo.com.br\/wp-content\/uploads\/2024\/03\/cropped-teo.jpg"},"aioseo_meta_data":{"post_id":"3410","title":null,"description":null,"keywords":null,"keyphrases":null,"primary_term":null,"canonical_url":null,"og_title":null,"og_description":null,"og_object_type":"default","og_image_type":"default","og_image_url":null,"og_image_width":null,"og_image_height":null,"og_image_custom_url":null,"og_image_custom_fields":null,"og_video":null,"og_custom_url":null,"og_article_section":null,"og_article_tags":null,"twitter_use_og":false,"twitter_card":"default","twitter_image_type":"default","twitter_image_url":null,"twitter_image_custom_url":null,"twitter_image_custom_fields":null,"twitter_title":null,"twitter_description":null,"schema":{"blockGraphs":[],"customGraphs":[],"default":{"data":{"Article":[],"Course":[],"Dataset":[],"FAQPage":[],"Movie":[],"Person":[],"Product":[],"ProductReview":[],"Car":[],"Recipe":[],"Service":[],"SoftwareApplication":[],"WebPage":[]},"graphName":"","isEnabled":true},"graphs":[]},"schema_type":"default","schema_type_options":null,"pillar_content":false,"robots_default":true,"robots_noindex":false,"robots_noarchive":false,"robots_nosnippet":false,"robots_nofollow":false,"robots_noimageindex":false,"robots_noodp":false,"robots_notranslate":false,"robots_max_snippet":null,"robots_max_videopreview":null,"robots_max_imagepreview":"large","priority":null,"frequency":null,"local_seo":null,"breadcrumb_settings":null,"limit_modified_date":false,"ai":null,"created":"2024-04-08 21:57:58","updated":"2025-09-12 20:49:30","seo_analyzer_scan_date":null,"focus_keyword":null,"additional_keywords":null,"truseo_locale":null},"aioseo_breadcrumb":"<div class=\"aioseo-breadcrumbs\"><span class=\"aioseo-breadcrumb\">\n\t\t\t<a href=\"https:\/\/teo.com.br\/noticias\" title=\"Home\">Home<\/a>\n\t\t<\/span><span class=\"aioseo-breadcrumb-separator\">&raquo;<\/span><span class=\"aioseo-breadcrumb\">\n\t\t\t<a href=\"https:\/\/teo.com.br\/noticias\/categoria\/adwords\/\" title=\"Adwords\">Adwords<\/a>\n\t\t<\/span><span class=\"aioseo-breadcrumb-separator\">&raquo;<\/span><span class=\"aioseo-breadcrumb\">\n\t\t\tFotos do Instagram n\u00e3o aparecem mais no seu site, blog ou e-commerce?\n\t\t<\/span><\/div>","aioseo_breadcrumb_json":[{"label":"Home","link":"https:\/\/teo.com.br\/noticias"},{"label":"Adwords","link":"https:\/\/teo.com.br\/noticias\/categoria\/adwords\/"},{"label":"Fotos do Instagram n\u00e3o aparecem mais no seu site, blog ou e-commerce?","link":"https:\/\/teo.com.br\/noticias\/2016\/04\/01\/fotos-do-instagram-nao-aparecem-mais-no-seu-site-blog-ou-e-commerce\/"}],"_links":{"self":[{"href":"https:\/\/teo.com.br\/noticias\/wp-json\/wp\/v2\/posts\/3410","targetHints":{"allow":["GET"]}}],"collection":[{"href":"https:\/\/teo.com.br\/noticias\/wp-json\/wp\/v2\/posts"}],"about":[{"href":"https:\/\/teo.com.br\/noticias\/wp-json\/wp\/v2\/types\/post"}],"author":[{"embeddable":true,"href":"https:\/\/teo.com.br\/noticias\/wp-json\/wp\/v2\/users\/1"}],"replies":[{"embeddable":true,"href":"https:\/\/teo.com.br\/noticias\/wp-json\/wp\/v2\/comments?post=3410"}],"version-history":[{"count":0,"href":"https:\/\/teo.com.br\/noticias\/wp-json\/wp\/v2\/posts\/3410\/revisions"}],"wp:attachment":[{"href":"https:\/\/teo.com.br\/noticias\/wp-json\/wp\/v2\/media?parent=3410"}],"wp:term":[{"taxonomy":"category","embeddable":true,"href":"https:\/\/teo.com.br\/noticias\/wp-json\/wp\/v2\/categories?post=3410"},{"taxonomy":"post_tag","embeddable":true,"href":"https:\/\/teo.com.br\/noticias\/wp-json\/wp\/v2\/tags?post=3410"}],"curies":[{"name":"wp","href":"https:\/\/api.w.org\/{rel}","templated":true}]}}