{"id":3428,"date":"2016-05-15T21:02:31","date_gmt":"2016-05-15T21:02:31","guid":{"rendered":"http:\/\/www.teo.com.br\/?p=3428"},"modified":"2016-05-15T21:02:31","modified_gmt":"2016-05-15T21:02:31","slug":"impacto-da-ti","status":"publish","type":"post","link":"https:\/\/teo.com.br\/noticias\/2016\/05\/15\/impacto-da-ti\/","title":{"rendered":"IMPACTO DA TI"},"content":{"rendered":"<p>Voc\u00ea h\u00e1 de concordar que a <strong>Tecnologia da Informa\u00e7\u00e3o<\/strong> trouxe aspectos positivos e negativos para a sociedade, para as empresas e para o mercado de trabalho. Aquele que n\u00e3o se adequar \u00e0s mudan\u00e7as impostas por ela ter\u00e1, com certeza, dificuldades em suas atividades. Acredito que alguns se lembrem da empresa <strong>Olivetti<\/strong> que, na d\u00e9cada de 80, fabricava m\u00e1quinas de escrever. Infelizmente o m\u00e1ximo de aperfei\u00e7oamento que ela conseguiu atingir foi o lan\u00e7amento da m\u00e1quina de escrever el\u00e9trica.<\/p>\n<p>O ramo de m\u00e1quinas de escrever deu lugar para o dos computadores e a empresa <strong>Olivetti<\/strong>, por n\u00e3o acompanhar rapidamente as inova\u00e7\u00f5es tecnol\u00f3gicas, acabou fechando sua f\u00e1brica em S\u00e3o Paulo. N\u00f3s, seres humanos, devemos nos preocupar com isso tamb\u00e9m; temos sempre que nos aperfei\u00e7oar, estar sempre atualizados em rela\u00e7\u00e3o \u00e0 tecnologia para que possamos sobreviver no mercado de trabalho.<\/p>\n<p>S\u00e3o muitos os aspectos positivos que podem ser apontados em rela\u00e7\u00e3o \u00e0 Tecnologia da Informa\u00e7\u00e3o: busca de vantagens competitivas, suporte aos processos, tomada de decis\u00e3o de forma \u00e1gil, redu\u00e7\u00e3o da exposi\u00e7\u00e3o de pessoas a situa\u00e7\u00f5es perigosas e at\u00e9 a melhoria da qualidade de vida das pessoas. Esses benef\u00edcios s\u00e3o, de modo geral, percebidos por todos que usam a Tecnologia da Informa\u00e7\u00e3o.<\/p>\n<p>No entanto, os aspectos negativos, como invas\u00e3o da privacidade, desemprego, redu\u00e7\u00e3o ou elimina\u00e7\u00e3o do elemento humano, ansiedade da informa\u00e7\u00e3o, o abismo digital tamb\u00e9m s\u00e3o, de modo geral, percebidos em nosso meio. O fato \u00e9 que as vantagens conseguidas com a Tecnologia da Informa\u00e7\u00e3o compensam os aspectos negativos, pois ela mudou e aperfei\u00e7oou drasticamente nosso estilo de viver e de fazer neg\u00f3cios.<\/p>\n<p>A Tecnologia da Informa\u00e7\u00e3o vem crescendo em ritmo vertiginoso, em especial, a partir do surgimento da Internet, que possibilitou a interconex\u00e3o de pessoas por todo o mundo. Por esse motivo \u00e9 que devemos sempre nos especializar, procurar estudar e conhecer a Tecnologia da Informa\u00e7\u00e3o para que n\u00e3o sejamos atropelados por ela.<\/p>\n","protected":false},"excerpt":{"rendered":"<p>Voc\u00ea h\u00e1 de concordar que a Tecnologia da Informa\u00e7\u00e3o trouxe aspectos positivos e negativos para a sociedade, para as empresas e para o mercado de trabalho. Aquele que n\u00e3o se&hellip;<\/p>\n","protected":false},"author":1,"featured_media":0,"comment_status":"open","ping_status":"closed","sticky":false,"template":"","format":"standard","meta":{"footnotes":""},"categories":[9],"tags":[66],"class_list":["post-3428","post","type-post","status-publish","format-standard","hentry","category-adwords","tag-olivetti"],"aioseo_notices":[],"aioseo_head":"\n\t\t<!-- All in One SEO 5.0.0.1 - aioseo.com -->\n\t<meta name=\"description\" content=\"Voc\u00ea h\u00e1 de concordar que a Tecnologia da Informa\u00e7\u00e3o trouxe aspectos positivos e negativos para a sociedade, para as empresas e para o mercado de trabalho. Aquele que n\u00e3o se adequar \u00e0s mudan\u00e7as impostas por ela ter\u00e1, com certeza, dificuldades em suas atividades. Acredito que alguns se lembrem da empresa Olivetti que, na d\u00e9cada de\" \/>\n\t<meta name=\"robots\" content=\"max-image-preview:large\" \/>\n\t<meta name=\"author\" content=\"teocosta\"\/>\n\t<link rel=\"canonical\" href=\"https:\/\/teo.com.br\/noticias\/2016\/05\/15\/impacto-da-ti\/\" \/>\n\t<meta name=\"generator\" content=\"All in One SEO (AIOSEO) 5.0.0.1\" \/>\n\t\t<meta property=\"og:locale\" content=\"pt_BR\" \/>\n\t\t<meta property=\"og:site_name\" content=\"Teo - Head TI - DPO\" \/>\n\t\t<meta property=\"og:type\" content=\"article\" \/>\n\t\t<meta property=\"og:title\" content=\"IMPACTO DA TI - Teo\" \/>\n\t\t<meta property=\"og:description\" content=\"Voc\u00ea h\u00e1 de concordar que a Tecnologia da Informa\u00e7\u00e3o trouxe aspectos positivos e negativos para a sociedade, para as empresas e para o mercado de trabalho. Aquele que n\u00e3o se adequar \u00e0s mudan\u00e7as impostas por ela ter\u00e1, com certeza, dificuldades em suas atividades. Acredito que alguns se lembrem da empresa Olivetti que, na d\u00e9cada de\" \/>\n\t\t<meta property=\"og:url\" content=\"https:\/\/teo.com.br\/noticias\/2016\/05\/15\/impacto-da-ti\/\" \/>\n\t\t<meta property=\"og:image\" content=\"https:\/\/teo.com.br\/wp-content\/uploads\/2024\/03\/cropped-teo.jpg\" \/>\n\t\t<meta property=\"og:image:secure_url\" content=\"https:\/\/teo.com.br\/wp-content\/uploads\/2024\/03\/cropped-teo.jpg\" \/>\n\t\t<meta property=\"article:published_time\" content=\"2016-05-15T21:02:31+00:00\" \/>\n\t\t<meta property=\"article:modified_time\" content=\"2016-05-15T21:02:31+00:00\" \/>\n\t\t<meta name=\"twitter:card\" content=\"summary_large_image\" \/>\n\t\t<meta name=\"twitter:title\" content=\"IMPACTO DA TI - Teo\" \/>\n\t\t<meta name=\"twitter:description\" content=\"Voc\u00ea h\u00e1 de concordar que a Tecnologia da Informa\u00e7\u00e3o trouxe aspectos positivos e negativos para a sociedade, para as empresas e para o mercado de trabalho. Aquele que n\u00e3o se adequar \u00e0s mudan\u00e7as impostas por ela ter\u00e1, com certeza, dificuldades em suas atividades. Acredito que alguns se lembrem da empresa Olivetti que, na d\u00e9cada de\" \/>\n\t\t<meta name=\"twitter:image\" content=\"https:\/\/teo.com.br\/wp-content\/uploads\/2024\/03\/cropped-teo.jpg\" \/>\n\t\t<script type=\"application\/ld+json\" class=\"aioseo-schema\">\n\t\t\t{\"@context\":\"https:\\\/\\\/schema.org\",\"@graph\":[{\"@type\":\"BlogPosting\",\"@id\":\"https:\\\/\\\/teo.com.br\\\/noticias\\\/2016\\\/05\\\/15\\\/impacto-da-ti\\\/#blogposting\",\"name\":\"IMPACTO DA TI - Teo\",\"headline\":\"IMPACTO DA TI\",\"author\":{\"@id\":\"https:\\\/\\\/teo.com.br\\\/noticias\\\/author\\\/temcosta\\\/#author\"},\"publisher\":{\"@id\":\"https:\\\/\\\/teo.com.br\\\/noticias\\\/#organization\"},\"datePublished\":\"2016-05-15T21:02:31-03:00\",\"dateModified\":\"2016-05-15T21:02:31-03:00\",\"inLanguage\":\"pt-BR\",\"mainEntityOfPage\":{\"@id\":\"https:\\\/\\\/teo.com.br\\\/noticias\\\/2016\\\/05\\\/15\\\/impacto-da-ti\\\/#webpage\"},\"isPartOf\":{\"@id\":\"https:\\\/\\\/teo.com.br\\\/noticias\\\/2016\\\/05\\\/15\\\/impacto-da-ti\\\/#webpage\"},\"articleSection\":\"Adwords, Olivetti\"},{\"@type\":\"BreadcrumbList\",\"@id\":\"https:\\\/\\\/teo.com.br\\\/noticias\\\/2016\\\/05\\\/15\\\/impacto-da-ti\\\/#breadcrumblist\",\"itemListElement\":[{\"@type\":\"ListItem\",\"@id\":\"https:\\\/\\\/teo.com.br\\\/noticias#listItem\",\"position\":1,\"name\":\"Home\",\"item\":\"https:\\\/\\\/teo.com.br\\\/noticias\",\"nextItem\":{\"@type\":\"ListItem\",\"@id\":\"https:\\\/\\\/teo.com.br\\\/noticias\\\/categoria\\\/adwords\\\/#listItem\",\"name\":\"Adwords\"}},{\"@type\":\"ListItem\",\"@id\":\"https:\\\/\\\/teo.com.br\\\/noticias\\\/categoria\\\/adwords\\\/#listItem\",\"position\":2,\"name\":\"Adwords\",\"item\":\"https:\\\/\\\/teo.com.br\\\/noticias\\\/categoria\\\/adwords\\\/\",\"nextItem\":{\"@type\":\"ListItem\",\"@id\":\"https:\\\/\\\/teo.com.br\\\/noticias\\\/2016\\\/05\\\/15\\\/impacto-da-ti\\\/#listItem\",\"name\":\"IMPACTO DA TI\"},\"previousItem\":{\"@type\":\"ListItem\",\"@id\":\"https:\\\/\\\/teo.com.br\\\/noticias#listItem\",\"name\":\"Home\"}},{\"@type\":\"ListItem\",\"@id\":\"https:\\\/\\\/teo.com.br\\\/noticias\\\/2016\\\/05\\\/15\\\/impacto-da-ti\\\/#listItem\",\"position\":3,\"name\":\"IMPACTO DA TI\",\"previousItem\":{\"@type\":\"ListItem\",\"@id\":\"https:\\\/\\\/teo.com.br\\\/noticias\\\/categoria\\\/adwords\\\/#listItem\",\"name\":\"Adwords\"}}]},{\"@type\":\"Organization\",\"@id\":\"https:\\\/\\\/teo.com.br\\\/noticias\\\/#organization\",\"name\":\"Teo Costa - Tecnologia e Solu\\u00e7\\u00f5es Corporativas em Seguran\\u00e7a Contra Inc\\u00eandio Pesquisa de Satisfa\\u00e7\\u00e3o\",\"description\":\"Head TI - DPO\",\"url\":\"https:\\\/\\\/teo.com.br\\\/noticias\\\/\"},{\"@type\":\"Person\",\"@id\":\"https:\\\/\\\/teo.com.br\\\/noticias\\\/author\\\/temcosta\\\/#author\",\"url\":\"https:\\\/\\\/teo.com.br\\\/noticias\\\/author\\\/temcosta\\\/\",\"name\":\"teocosta\",\"image\":{\"@type\":\"ImageObject\",\"@id\":\"https:\\\/\\\/teo.com.br\\\/noticias\\\/2016\\\/05\\\/15\\\/impacto-da-ti\\\/#authorImage\",\"url\":\"https:\\\/\\\/secure.gravatar.com\\\/avatar\\\/9eaa33a8942fc7cb0be99e3b8f5a8f798b4647876bd8c39ebfc4b1f5753beac2?s=96&d=mm&r=g\",\"width\":96,\"height\":96,\"caption\":\"teocosta\"}},{\"@type\":\"WebPage\",\"@id\":\"https:\\\/\\\/teo.com.br\\\/noticias\\\/2016\\\/05\\\/15\\\/impacto-da-ti\\\/#webpage\",\"url\":\"https:\\\/\\\/teo.com.br\\\/noticias\\\/2016\\\/05\\\/15\\\/impacto-da-ti\\\/\",\"name\":\"IMPACTO DA TI - Teo\",\"description\":\"Voc\\u00ea h\\u00e1 de concordar que a Tecnologia da Informa\\u00e7\\u00e3o trouxe aspectos positivos e negativos para a sociedade, para as empresas e para o mercado de trabalho. Aquele que n\\u00e3o se adequar \\u00e0s mudan\\u00e7as impostas por ela ter\\u00e1, com certeza, dificuldades em suas atividades. Acredito que alguns se lembrem da empresa Olivetti que, na d\\u00e9cada de\",\"inLanguage\":\"pt-BR\",\"isPartOf\":{\"@id\":\"https:\\\/\\\/teo.com.br\\\/noticias\\\/#website\"},\"breadcrumb\":{\"@id\":\"https:\\\/\\\/teo.com.br\\\/noticias\\\/2016\\\/05\\\/15\\\/impacto-da-ti\\\/#breadcrumblist\"},\"author\":{\"@id\":\"https:\\\/\\\/teo.com.br\\\/noticias\\\/author\\\/temcosta\\\/#author\"},\"creator\":{\"@id\":\"https:\\\/\\\/teo.com.br\\\/noticias\\\/author\\\/temcosta\\\/#author\"},\"datePublished\":\"2016-05-15T21:02:31-03:00\",\"dateModified\":\"2016-05-15T21:02:31-03:00\"},{\"@type\":\"WebSite\",\"@id\":\"https:\\\/\\\/teo.com.br\\\/noticias\\\/#website\",\"url\":\"https:\\\/\\\/teo.com.br\\\/noticias\\\/\",\"name\":\"Teo Costa - Tecnologia e Solu\\u00e7\\u00f5es Corporativas em Seguran\\u00e7a Contra Inc\\u00eandio Pesquisa de Satisfa\\u00e7\\u00e3o\",\"description\":\"Head TI - DPO\",\"inLanguage\":\"pt-BR\",\"publisher\":{\"@id\":\"https:\\\/\\\/teo.com.br\\\/noticias\\\/#organization\"}}]}\n\t\t<\/script>\n\t\t<!-- All in One SEO -->\n\n","aioseo_head_json":{"title":"IMPACTO DA TI - Teo","description":"Voc\u00ea h\u00e1 de concordar que a Tecnologia da Informa\u00e7\u00e3o trouxe aspectos positivos e negativos para a sociedade, para as empresas e para o mercado de trabalho. Aquele que n\u00e3o se adequar \u00e0s mudan\u00e7as impostas por ela ter\u00e1, com certeza, dificuldades em suas atividades. Acredito que alguns se lembrem da empresa Olivetti que, na d\u00e9cada de","canonical_url":"https:\/\/teo.com.br\/noticias\/2016\/05\/15\/impacto-da-ti\/","robots":"max-image-preview:large","keywords":"","webmasterTools":{"miscellaneous":""},"schema":{"@context":"https:\/\/schema.org","@graph":[{"@type":"BlogPosting","@id":"https:\/\/teo.com.br\/noticias\/2016\/05\/15\/impacto-da-ti\/#blogposting","name":"IMPACTO DA TI - Teo","headline":"IMPACTO DA TI","author":{"@id":"https:\/\/teo.com.br\/noticias\/author\/temcosta\/#author"},"publisher":{"@id":"https:\/\/teo.com.br\/noticias\/#organization"},"datePublished":"2016-05-15T21:02:31-03:00","dateModified":"2016-05-15T21:02:31-03:00","inLanguage":"pt-BR","mainEntityOfPage":{"@id":"https:\/\/teo.com.br\/noticias\/2016\/05\/15\/impacto-da-ti\/#webpage"},"isPartOf":{"@id":"https:\/\/teo.com.br\/noticias\/2016\/05\/15\/impacto-da-ti\/#webpage"},"articleSection":"Adwords, Olivetti"},{"@type":"BreadcrumbList","@id":"https:\/\/teo.com.br\/noticias\/2016\/05\/15\/impacto-da-ti\/#breadcrumblist","itemListElement":[{"@type":"ListItem","@id":"https:\/\/teo.com.br\/noticias#listItem","position":1,"name":"Home","item":"https:\/\/teo.com.br\/noticias","nextItem":{"@type":"ListItem","@id":"https:\/\/teo.com.br\/noticias\/categoria\/adwords\/#listItem","name":"Adwords"}},{"@type":"ListItem","@id":"https:\/\/teo.com.br\/noticias\/categoria\/adwords\/#listItem","position":2,"name":"Adwords","item":"https:\/\/teo.com.br\/noticias\/categoria\/adwords\/","nextItem":{"@type":"ListItem","@id":"https:\/\/teo.com.br\/noticias\/2016\/05\/15\/impacto-da-ti\/#listItem","name":"IMPACTO DA TI"},"previousItem":{"@type":"ListItem","@id":"https:\/\/teo.com.br\/noticias#listItem","name":"Home"}},{"@type":"ListItem","@id":"https:\/\/teo.com.br\/noticias\/2016\/05\/15\/impacto-da-ti\/#listItem","position":3,"name":"IMPACTO DA TI","previousItem":{"@type":"ListItem","@id":"https:\/\/teo.com.br\/noticias\/categoria\/adwords\/#listItem","name":"Adwords"}}]},{"@type":"Organization","@id":"https:\/\/teo.com.br\/noticias\/#organization","name":"Teo Costa - Tecnologia e Solu\u00e7\u00f5es Corporativas em Seguran\u00e7a Contra Inc\u00eandio Pesquisa de Satisfa\u00e7\u00e3o","description":"Head TI - DPO","url":"https:\/\/teo.com.br\/noticias\/"},{"@type":"Person","@id":"https:\/\/teo.com.br\/noticias\/author\/temcosta\/#author","url":"https:\/\/teo.com.br\/noticias\/author\/temcosta\/","name":"teocosta","image":{"@type":"ImageObject","@id":"https:\/\/teo.com.br\/noticias\/2016\/05\/15\/impacto-da-ti\/#authorImage","url":"https:\/\/secure.gravatar.com\/avatar\/9eaa33a8942fc7cb0be99e3b8f5a8f798b4647876bd8c39ebfc4b1f5753beac2?s=96&d=mm&r=g","width":96,"height":96,"caption":"teocosta"}},{"@type":"WebPage","@id":"https:\/\/teo.com.br\/noticias\/2016\/05\/15\/impacto-da-ti\/#webpage","url":"https:\/\/teo.com.br\/noticias\/2016\/05\/15\/impacto-da-ti\/","name":"IMPACTO DA TI - Teo","description":"Voc\u00ea h\u00e1 de concordar que a Tecnologia da Informa\u00e7\u00e3o trouxe aspectos positivos e negativos para a sociedade, para as empresas e para o mercado de trabalho. Aquele que n\u00e3o se adequar \u00e0s mudan\u00e7as impostas por ela ter\u00e1, com certeza, dificuldades em suas atividades. Acredito que alguns se lembrem da empresa Olivetti que, na d\u00e9cada de","inLanguage":"pt-BR","isPartOf":{"@id":"https:\/\/teo.com.br\/noticias\/#website"},"breadcrumb":{"@id":"https:\/\/teo.com.br\/noticias\/2016\/05\/15\/impacto-da-ti\/#breadcrumblist"},"author":{"@id":"https:\/\/teo.com.br\/noticias\/author\/temcosta\/#author"},"creator":{"@id":"https:\/\/teo.com.br\/noticias\/author\/temcosta\/#author"},"datePublished":"2016-05-15T21:02:31-03:00","dateModified":"2016-05-15T21:02:31-03:00"},{"@type":"WebSite","@id":"https:\/\/teo.com.br\/noticias\/#website","url":"https:\/\/teo.com.br\/noticias\/","name":"Teo Costa - Tecnologia e Solu\u00e7\u00f5es Corporativas em Seguran\u00e7a Contra Inc\u00eandio Pesquisa de Satisfa\u00e7\u00e3o","description":"Head TI - DPO","inLanguage":"pt-BR","publisher":{"@id":"https:\/\/teo.com.br\/noticias\/#organization"}}]},"og:locale":"pt_BR","og:site_name":"Teo - Head TI - DPO","og:type":"article","og:title":"IMPACTO DA TI - Teo","og:description":"Voc\u00ea h\u00e1 de concordar que a Tecnologia da Informa\u00e7\u00e3o trouxe aspectos positivos e negativos para a sociedade, para as empresas e para o mercado de trabalho. Aquele que n\u00e3o se adequar \u00e0s mudan\u00e7as impostas por ela ter\u00e1, com certeza, dificuldades em suas atividades. Acredito que alguns se lembrem da empresa Olivetti que, na d\u00e9cada de","og:url":"https:\/\/teo.com.br\/noticias\/2016\/05\/15\/impacto-da-ti\/","og:image":"https:\/\/teo.com.br\/wp-content\/uploads\/2024\/03\/cropped-teo.jpg","og:image:secure_url":"https:\/\/teo.com.br\/wp-content\/uploads\/2024\/03\/cropped-teo.jpg","article:published_time":"2016-05-15T21:02:31+00:00","article:modified_time":"2016-05-15T21:02:31+00:00","twitter:card":"summary_large_image","twitter:title":"IMPACTO DA TI - Teo","twitter:description":"Voc\u00ea h\u00e1 de concordar que a Tecnologia da Informa\u00e7\u00e3o trouxe aspectos positivos e negativos para a sociedade, para as empresas e para o mercado de trabalho. Aquele que n\u00e3o se adequar \u00e0s mudan\u00e7as impostas por ela ter\u00e1, com certeza, dificuldades em suas atividades. Acredito que alguns se lembrem da empresa Olivetti que, na d\u00e9cada de","twitter:image":"https:\/\/teo.com.br\/wp-content\/uploads\/2024\/03\/cropped-teo.jpg"},"aioseo_meta_data":{"post_id":"3428","title":null,"description":null,"keywords":null,"keyphrases":null,"primary_term":null,"canonical_url":null,"og_title":null,"og_description":null,"og_object_type":"default","og_image_type":"default","og_image_url":null,"og_image_width":null,"og_image_height":null,"og_image_custom_url":null,"og_image_custom_fields":null,"og_video":null,"og_custom_url":null,"og_article_section":null,"og_article_tags":null,"twitter_use_og":false,"twitter_card":"default","twitter_image_type":"default","twitter_image_url":null,"twitter_image_custom_url":null,"twitter_image_custom_fields":null,"twitter_title":null,"twitter_description":null,"schema":{"blockGraphs":[],"customGraphs":[],"default":{"data":{"Article":[],"Course":[],"Dataset":[],"FAQPage":[],"Movie":[],"Person":[],"Product":[],"ProductReview":[],"Car":[],"Recipe":[],"Service":[],"SoftwareApplication":[],"WebPage":[]},"graphName":"","isEnabled":true},"graphs":[]},"schema_type":"default","schema_type_options":null,"pillar_content":false,"robots_default":true,"robots_noindex":false,"robots_noarchive":false,"robots_nosnippet":false,"robots_nofollow":false,"robots_noimageindex":false,"robots_noodp":false,"robots_notranslate":false,"robots_max_snippet":null,"robots_max_videopreview":null,"robots_max_imagepreview":"large","priority":null,"frequency":null,"local_seo":null,"breadcrumb_settings":null,"limit_modified_date":false,"ai":null,"created":"2024-04-08 21:58:47","updated":"2025-09-12 20:49:30","seo_analyzer_scan_date":null,"focus_keyword":null,"additional_keywords":null,"truseo_locale":null},"aioseo_breadcrumb":"<div class=\"aioseo-breadcrumbs\"><span class=\"aioseo-breadcrumb\">\n\t\t\t<a href=\"https:\/\/teo.com.br\/noticias\" title=\"Home\">Home<\/a>\n\t\t<\/span><span class=\"aioseo-breadcrumb-separator\">&raquo;<\/span><span class=\"aioseo-breadcrumb\">\n\t\t\t<a href=\"https:\/\/teo.com.br\/noticias\/categoria\/adwords\/\" title=\"Adwords\">Adwords<\/a>\n\t\t<\/span><span class=\"aioseo-breadcrumb-separator\">&raquo;<\/span><span class=\"aioseo-breadcrumb\">\n\t\t\tIMPACTO DA TI\n\t\t<\/span><\/div>","aioseo_breadcrumb_json":[{"label":"Home","link":"https:\/\/teo.com.br\/noticias"},{"label":"Adwords","link":"https:\/\/teo.com.br\/noticias\/categoria\/adwords\/"},{"label":"IMPACTO DA TI","link":"https:\/\/teo.com.br\/noticias\/2016\/05\/15\/impacto-da-ti\/"}],"_links":{"self":[{"href":"https:\/\/teo.com.br\/noticias\/wp-json\/wp\/v2\/posts\/3428","targetHints":{"allow":["GET"]}}],"collection":[{"href":"https:\/\/teo.com.br\/noticias\/wp-json\/wp\/v2\/posts"}],"about":[{"href":"https:\/\/teo.com.br\/noticias\/wp-json\/wp\/v2\/types\/post"}],"author":[{"embeddable":true,"href":"https:\/\/teo.com.br\/noticias\/wp-json\/wp\/v2\/users\/1"}],"replies":[{"embeddable":true,"href":"https:\/\/teo.com.br\/noticias\/wp-json\/wp\/v2\/comments?post=3428"}],"version-history":[{"count":0,"href":"https:\/\/teo.com.br\/noticias\/wp-json\/wp\/v2\/posts\/3428\/revisions"}],"wp:attachment":[{"href":"https:\/\/teo.com.br\/noticias\/wp-json\/wp\/v2\/media?parent=3428"}],"wp:term":[{"taxonomy":"category","embeddable":true,"href":"https:\/\/teo.com.br\/noticias\/wp-json\/wp\/v2\/categories?post=3428"},{"taxonomy":"post_tag","embeddable":true,"href":"https:\/\/teo.com.br\/noticias\/wp-json\/wp\/v2\/tags?post=3428"}],"curies":[{"name":"wp","href":"https:\/\/api.w.org\/{rel}","templated":true}]}}