{"id":3503,"date":"2016-07-30T19:55:03","date_gmt":"2016-07-30T19:55:03","guid":{"rendered":"http:\/\/www.teo.com.br\/?p=3503"},"modified":"2016-07-30T19:55:03","modified_gmt":"2016-07-30T19:55:03","slug":"mercadolivre-lider-ecommerce-osasco","status":"publish","type":"post","link":"https:\/\/teo.com.br\/noticias\/2016\/07\/30\/mercadolivre-lider-ecommerce-osasco\/","title":{"rendered":"Mercadolivre agora em Osasco? Mercadolivre muda-se para a cidade de Osasco!"},"content":{"rendered":"<p>Quando se pensa em com\u00e9rcio eletr\u00f4nico (e-commerce) o Mercado Livre aparece na ponta.<\/p>\n<p>O maior portal de &#8220;classificados&#8221; online da Am\u00e9rica Latina,\u00a0est\u00e1 para se instalar em Osasco.<\/p>\n<p>A sede\u00a0do Mercado Livre ser\u00e1 em <strong>Presidente Altino<\/strong> e ontem o prefeito<strong> Jorge Lapas<\/strong> esteve l\u00e1 para conhecer a fase final do empreendimento.<\/p>\n<p>Uma das sugest\u00f5es apresentadas na plen\u00e1ria foi a cria\u00e7\u00e3o de ecopontos, que j\u00e1 existem em S\u00e3o Paulo, e poderiam reduzir entulhos que, \u00e0s vezes, acabam sendo descartados em vias p\u00fablicas por moradores da cidade.<\/p>\n<p><a href=\"http:\/\/qgnoticias.com\/wp-content\/uploads\/2016\/07\/02.-Mercado-Livre-6.jpg\"><img loading=\"lazy\" decoding=\"async\" class=\"alignnone wp-image-22400 size-full\" src=\"http:\/\/qgnoticias.com\/wp-content\/uploads\/2016\/07\/02.-Mercado-Livre-6.jpg\" sizes=\"auto, (max-width: 960px) 100vw, 960px\" srcset=\"http:\/\/www.qgnoticias.com\/wp-content\/uploads\/2016\/07\/02.-Mercado-Livre-6.jpg 960w, http:\/\/www.qgnoticias.com\/wp-content\/uploads\/2016\/07\/02.-Mercado-Livre-6-300x200.jpg 300w, http:\/\/www.qgnoticias.com\/wp-content\/uploads\/2016\/07\/02.-Mercado-Livre-6-768x512.jpg 768w\" alt=\"02. Mercado Livre 6\" width=\"960\" height=\"640\" \/><\/a><a href=\"http:\/\/qgnoticias.com\/wp-content\/uploads\/2016\/07\/02.-Mercado-Livre-5.jpg\"><img loading=\"lazy\" decoding=\"async\" class=\"alignnone wp-image-22399 size-full\" src=\"http:\/\/qgnoticias.com\/wp-content\/uploads\/2016\/07\/02.-Mercado-Livre-5.jpg\" sizes=\"auto, (max-width: 881px) 100vw, 881px\" srcset=\"http:\/\/www.qgnoticias.com\/wp-content\/uploads\/2016\/07\/02.-Mercado-Livre-5.jpg 881w, http:\/\/www.qgnoticias.com\/wp-content\/uploads\/2016\/07\/02.-Mercado-Livre-5-300x97.jpg 300w, http:\/\/www.qgnoticias.com\/wp-content\/uploads\/2016\/07\/02.-Mercado-Livre-5-768x248.jpg 768w\" alt=\"02. Mercado Livre 5\" width=\"881\" height=\"284\" \/><\/a><a href=\"http:\/\/qgnoticias.com\/wp-content\/uploads\/2016\/07\/02.-Mercado-Livre-3.jpg\"><img loading=\"lazy\" decoding=\"async\" class=\"alignnone wp-image-22397 size-full\" src=\"http:\/\/qgnoticias.com\/wp-content\/uploads\/2016\/07\/02.-Mercado-Livre-3.jpg\" sizes=\"auto, (max-width: 960px) 100vw, 960px\" srcset=\"http:\/\/www.qgnoticias.com\/wp-content\/uploads\/2016\/07\/02.-Mercado-Livre-3.jpg 960w, http:\/\/www.qgnoticias.com\/wp-content\/uploads\/2016\/07\/02.-Mercado-Livre-3-300x200.jpg 300w, http:\/\/www.qgnoticias.com\/wp-content\/uploads\/2016\/07\/02.-Mercado-Livre-3-768x512.jpg 768w\" alt=\"02. Mercado Livre 3\" width=\"960\" height=\"640\" \/><\/a><a href=\"http:\/\/qgnoticias.com\/wp-content\/uploads\/2016\/07\/02.-Mercado-Livre-2.jpg\"><img loading=\"lazy\" decoding=\"async\" class=\"alignnone wp-image-22396 size-full\" src=\"http:\/\/qgnoticias.com\/wp-content\/uploads\/2016\/07\/02.-Mercado-Livre-2.jpg\" sizes=\"auto, (max-width: 960px) 100vw, 960px\" srcset=\"http:\/\/www.qgnoticias.com\/wp-content\/uploads\/2016\/07\/02.-Mercado-Livre-2.jpg 960w, http:\/\/www.qgnoticias.com\/wp-content\/uploads\/2016\/07\/02.-Mercado-Livre-2-300x200.jpg 300w, http:\/\/www.qgnoticias.com\/wp-content\/uploads\/2016\/07\/02.-Mercado-Livre-2-768x512.jpg 768w\" alt=\"02. Mercado Livre 2\" width=\"960\" height=\"640\" \/><\/a><a href=\"http:\/\/qgnoticias.com\/wp-content\/uploads\/2016\/07\/02.-Mercado-Livre-1.jpg\"><img loading=\"lazy\" decoding=\"async\" class=\"alignnone wp-image-22395 size-full\" src=\"http:\/\/qgnoticias.com\/wp-content\/uploads\/2016\/07\/02.-Mercado-Livre-1.jpg\" sizes=\"auto, (max-width: 960px) 100vw, 960px\" srcset=\"http:\/\/www.qgnoticias.com\/wp-content\/uploads\/2016\/07\/02.-Mercado-Livre-1.jpg 960w, http:\/\/www.qgnoticias.com\/wp-content\/uploads\/2016\/07\/02.-Mercado-Livre-1-300x200.jpg 300w, http:\/\/www.qgnoticias.com\/wp-content\/uploads\/2016\/07\/02.-Mercado-Livre-1-768x512.jpg 768w\" alt=\"02. Mercado Livre 1\" width=\"960\" height=\"640\" \/><\/a><\/p>\n<p>\u201cSer\u00e3o mais de mil empregos\u201d, destacou o prefeito, \u201cal\u00e9m de um projeto e instala\u00e7\u00f5es contempor\u00e2neas que dever\u00e3o induzir uma grande transforma\u00e7\u00e3o na regi\u00e3o.\u201d<\/p>\n<p>Vagas Mercadolivre:<\/p>\n<p>&nbsp;<\/p>\n<table border=\"0\">\n<tbody>\n<tr>\n<td colspan=\"3\"><\/td>\n<\/tr>\n<tr>\n<td><\/td>\n<td colspan=\"2\" nowrap=\"nowrap\"><\/td>\n<\/tr>\n<tr>\n<td colspan=\"3\">\n<div class=\"jobResultHeader\">\n<hr \/>\n<\/div>\n<\/td>\n<\/tr>\n<tr>\n<td>\n<div><a href=\"#career?career%5fns=job%5flisting&amp;company=MercadoP&amp;navBarLevel=JOB%5fSEARCH&amp;rcm%5fsite%5flocale=pt%5fBR&amp;career_job_req_id=18023&amp;selected_lang=pt_BR&amp;jobAlertController_jobAlertId=&amp;jobAlertController_jobAlertName=&amp;_s.crb=Tc4y5FVmAulX8f3%2bn6H2gmS9lW8%3d\" rel=\"nofollow\">Supervisor de Qualidade<\/a><\/div>\n<div tabindex=\"0\">\n<div>ID da requisi\u00e7\u00e3o <span class=\"jobContentEM\">18023<\/span> &#8211; Postado <span class=\"jobContentEM\">22\/07\/2016<\/span> &#8211; <span class=\"jobContentEM\">Customer Experience<\/span>\u00a0\u00a0&#8211;\u00a0\u00a0<span class=\"jobContentEM\">Brazil<\/span><\/div>\n<\/div>\n<\/td>\n<td><\/td>\n<\/tr>\n<tr>\n<td colspan=\"3\">\n<div class=\"jobResult jobResult_accessible\">\n<hr \/>\n<\/div>\n<\/td>\n<\/tr>\n<tr>\n<td>\n<div><a href=\"#career?career%5fns=job%5flisting&amp;company=MercadoP&amp;navBarLevel=JOB%5fSEARCH&amp;rcm%5fsite%5flocale=pt%5fBR&amp;career_job_req_id=17901&amp;selected_lang=pt_BR&amp;jobAlertController_jobAlertId=&amp;jobAlertController_jobAlertName=&amp;_s.crb=Tc4y5FVmAulX8f3%2bn6H2gmS9lW8%3d\" rel=\"nofollow\">Representante de Preven\u00e7\u00e3o e Seguran\u00e7a Jr.<\/a><\/div>\n<div tabindex=\"0\">\n<div>ID da requisi\u00e7\u00e3o <span class=\"jobContentEM\">17901<\/span> &#8211; Postado <span class=\"jobContentEM\">19\/07\/2016<\/span> &#8211; <span class=\"jobContentEM\">Preven\u00e7\u00e3o e Seguran\u00e7a<\/span>\u00a0\u00a0&#8211;\u00a0\u00a0<span class=\"jobContentEM\">Brazil<\/span><\/div>\n<\/div>\n<\/td>\n<td><\/td>\n<\/tr>\n<tr>\n<td colspan=\"3\">\n<div class=\"jobResult jobResult_accessible\">\n<hr \/>\n<\/div>\n<\/td>\n<\/tr>\n<tr>\n<td>\n<div><a href=\"#career?career%5fns=job%5flisting&amp;company=MercadoP&amp;navBarLevel=JOB%5fSEARCH&amp;rcm%5fsite%5flocale=pt%5fBR&amp;career_job_req_id=17881&amp;selected_lang=pt_BR&amp;jobAlertController_jobAlertId=&amp;jobAlertController_jobAlertName=&amp;_s.crb=Tc4y5FVmAulX8f3%2bn6H2gmS9lW8%3d\" rel=\"nofollow\">L\u00edder de Equipe de Preven\u00e7\u00e3o e Seguran\u00e7a<\/a><\/div>\n<div tabindex=\"0\">\n<div>ID da requisi\u00e7\u00e3o <span class=\"jobContentEM\">17881<\/span> &#8211; Postado <span class=\"jobContentEM\">19\/07\/2016<\/span> &#8211; <span class=\"jobContentEM\">Preven\u00e7\u00e3o e Seguran\u00e7a<\/span>\u00a0\u00a0&#8211;\u00a0\u00a0<span class=\"jobContentEM\">Brazil<\/span><\/div>\n<\/div>\n<\/td>\n<td><\/td>\n<\/tr>\n<tr>\n<td colspan=\"3\">\n<div class=\"jobResult jobResult_accessible\">\n<hr \/>\n<\/div>\n<\/td>\n<\/tr>\n<tr>\n<td>\n<div><a href=\"#career?career%5fns=job%5flisting&amp;company=MercadoP&amp;navBarLevel=JOB%5fSEARCH&amp;rcm%5fsite%5flocale=pt%5fBR&amp;career_job_req_id=17782&amp;selected_lang=pt_BR&amp;jobAlertController_jobAlertId=&amp;jobAlertController_jobAlertName=&amp;_s.crb=Tc4y5FVmAulX8f3%2bn6H2gmS9lW8%3d\" rel=\"nofollow\">Representante de Politicas e Regras Jr<\/a><\/div>\n<div tabindex=\"0\">\n<div>ID da requisi\u00e7\u00e3o <span class=\"jobContentEM\">17782<\/span> &#8211; Postado <span class=\"jobContentEM\">19\/07\/2016<\/span> &#8211; <span class=\"jobContentEM\">Preven\u00e7\u00e3o e Seguran\u00e7a<\/span>\u00a0\u00a0&#8211;\u00a0\u00a0<span class=\"jobContentEM\">Brazil<\/span><\/div>\n<\/div>\n<\/td>\n<td><\/td>\n<\/tr>\n<tr>\n<td colspan=\"3\">\n<div class=\"jobResult jobResult_accessible\">\n<hr \/>\n<\/div>\n<\/td>\n<\/tr>\n<tr>\n<td>\n<div><a href=\"#career?career%5fns=job%5flisting&amp;company=MercadoP&amp;navBarLevel=JOB%5fSEARCH&amp;rcm%5fsite%5flocale=pt%5fBR&amp;career_job_req_id=17661&amp;selected_lang=pt_BR&amp;jobAlertController_jobAlertId=&amp;jobAlertController_jobAlertName=&amp;_s.crb=Tc4y5FVmAulX8f3%2bn6H2gmS9lW8%3d\" rel=\"nofollow\">Assistente de Suporte<\/a><\/div>\n<div tabindex=\"0\">\n<div>ID da requisi\u00e7\u00e3o <span class=\"jobContentEM\">17661<\/span> &#8211; Postado <span class=\"jobContentEM\">15\/07\/2016<\/span> &#8211; <span class=\"jobContentEM\">Tecnologia<\/span>\u00a0\u00a0&#8211;\u00a0\u00a0<span class=\"jobContentEM\">Brazil<\/span><\/div>\n<\/div>\n<\/td>\n<td><\/td>\n<\/tr>\n<tr>\n<td colspan=\"3\">\n<div class=\"jobResult jobResult_accessible\">\n<hr \/>\n<\/div>\n<\/td>\n<\/tr>\n<tr>\n<td>\n<div><a href=\"#career?career%5fns=job%5flisting&amp;company=MercadoP&amp;navBarLevel=JOB%5fSEARCH&amp;rcm%5fsite%5flocale=pt%5fBR&amp;career_job_req_id=16802&amp;selected_lang=pt_BR&amp;jobAlertController_jobAlertId=&amp;jobAlertController_jobAlertName=&amp;_s.crb=Tc4y5FVmAulX8f3%2bn6H2gmS9lW8%3d\" rel=\"nofollow\">Analista de Recursos Humanos Senior &#8211; Business Partner<\/a><\/div>\n<div tabindex=\"0\">\n<div>ID da requisi\u00e7\u00e3o <span class=\"jobContentEM\">16802<\/span> &#8211; Postado <span class=\"jobContentEM\">15\/07\/2016<\/span> &#8211; <span class=\"jobContentEM\">Recursos Humanos<\/span>\u00a0\u00a0&#8211;\u00a0\u00a0<span class=\"jobContentEM\">Brazil<\/span><\/div>\n<\/div>\n<\/td>\n<td><\/td>\n<\/tr>\n<tr>\n<td colspan=\"3\">\n<div class=\"jobResult jobResult_accessible\">\n<hr \/>\n<\/div>\n<\/td>\n<\/tr>\n<tr>\n<td>\n<div><a href=\"#career?career%5fns=job%5flisting&amp;company=MercadoP&amp;navBarLevel=JOB%5fSEARCH&amp;rcm%5fsite%5flocale=pt%5fBR&amp;career_job_req_id=17344&amp;selected_lang=pt_BR&amp;jobAlertController_jobAlertId=&amp;jobAlertController_jobAlertName=&amp;_s.crb=Tc4y5FVmAulX8f3%2bn6H2gmS9lW8%3d\" rel=\"nofollow\">Executivo de Contas Sr &#8211; Hunter (APP)<\/a><\/div>\n<div tabindex=\"0\">\n<div>ID da requisi\u00e7\u00e3o <span class=\"jobContentEM\">17344<\/span> &#8211; Postado <span class=\"jobContentEM\">15\/07\/2016<\/span> &#8211; <span class=\"jobContentEM\">Sales, Marketing e Produto<\/span>\u00a0\u00a0&#8211;\u00a0\u00a0<span class=\"jobContentEM\">Brazil<\/span><\/div>\n<\/div>\n<\/td>\n<td><\/td>\n<\/tr>\n<tr>\n<td colspan=\"3\">\n<div class=\"jobResult jobResult_accessible\">\n<hr \/>\n<\/div>\n<\/td>\n<\/tr>\n<tr>\n<td>\n<div><a href=\"#career?career%5fns=job%5flisting&amp;company=MercadoP&amp;navBarLevel=JOB%5fSEARCH&amp;rcm%5fsite%5flocale=pt%5fBR&amp;career_job_req_id=17081&amp;selected_lang=pt_BR&amp;jobAlertController_jobAlertId=&amp;jobAlertController_jobAlertName=&amp;_s.crb=Tc4y5FVmAulX8f3%2bn6H2gmS9lW8%3d\" rel=\"nofollow\">Executivo de Vendas Sr<\/a><\/div>\n<div tabindex=\"0\">\n<div>ID da requisi\u00e7\u00e3o <span class=\"jobContentEM\">17081<\/span> &#8211; Postado <span class=\"jobContentEM\">15\/07\/2016<\/span> &#8211; <span class=\"jobContentEM\">Sales, Marketing e Produto<\/span>\u00a0\u00a0&#8211;\u00a0\u00a0<span class=\"jobContentEM\">Brazil<\/span><\/div>\n<\/div>\n<\/td>\n<td><\/td>\n<\/tr>\n<tr>\n<td colspan=\"3\">\n<div class=\"jobResult jobResult_accessible\">\n<hr \/>\n<\/div>\n<\/td>\n<\/tr>\n<tr>\n<td>\n<div><a href=\"#career?career%5fns=job%5flisting&amp;company=MercadoP&amp;navBarLevel=JOB%5fSEARCH&amp;rcm%5fsite%5flocale=pt%5fBR&amp;career_job_req_id=17345&amp;selected_lang=pt_BR&amp;jobAlertController_jobAlertId=&amp;jobAlertController_jobAlertName=&amp;_s.crb=Tc4y5FVmAulX8f3%2bn6H2gmS9lW8%3d\" rel=\"nofollow\">Analista de Vendas &#8211; Farmer<\/a><\/div>\n<div tabindex=\"0\">\n<div>ID da requisi\u00e7\u00e3o <span class=\"jobContentEM\">17345<\/span> &#8211; Postado <span class=\"jobContentEM\">14\/07\/2016<\/span> &#8211; <span class=\"jobContentEM\">Sales, Marketing e Produto<\/span>\u00a0\u00a0&#8211;\u00a0\u00a0<span class=\"jobContentEM\">Brazil<\/span><\/div>\n<\/div>\n<\/td>\n<td><\/td>\n<\/tr>\n<tr>\n<td colspan=\"3\">\n<div class=\"jobResult jobResult_accessible\">\n<hr \/>\n<\/div>\n<\/td>\n<\/tr>\n<tr>\n<td>\n<div><a href=\"#career?career%5fns=job%5flisting&amp;company=MercadoP&amp;navBarLevel=JOB%5fSEARCH&amp;rcm%5fsite%5flocale=pt%5fBR&amp;career_job_req_id=17545&amp;selected_lang=pt_BR&amp;jobAlertController_jobAlertId=&amp;jobAlertController_jobAlertName=&amp;_s.crb=Tc4y5FVmAulX8f3%2bn6H2gmS9lW8%3d\" rel=\"nofollow\">Executivo de Neg\u00f3cios Pleno<\/a><\/div>\n<div tabindex=\"0\">\n<div>ID da requisi\u00e7\u00e3o <span class=\"jobContentEM\">17545<\/span> &#8211; Postado <span class=\"jobContentEM\">13\/07\/2016<\/span> &#8211; <span class=\"jobContentEM\">Sales, Marketing e Produto<\/span>\u00a0\u00a0&#8211;\u00a0\u00a0<span class=\"jobContentEM\">Brazil<\/span><\/div>\n<\/div>\n<\/td>\n<td><\/td>\n<\/tr>\n<tr>\n<td colspan=\"3\">\n<div class=\"jobResult jobResult_accessible\">\n<hr \/>\n<\/div>\n<\/td>\n<\/tr>\n<tr>\n<td>\n<div><a href=\"#career?career%5fns=job%5flisting&amp;company=MercadoP&amp;navBarLevel=JOB%5fSEARCH&amp;rcm%5fsite%5flocale=pt%5fBR&amp;career_job_req_id=17741&amp;selected_lang=pt_BR&amp;jobAlertController_jobAlertId=&amp;jobAlertController_jobAlertName=&amp;_s.crb=Tc4y5FVmAulX8f3%2bn6H2gmS9lW8%3d\" rel=\"nofollow\">Analista Lider de Equipe<\/a><\/div>\n<div tabindex=\"0\">\n<div>ID da requisi\u00e7\u00e3o <span class=\"jobContentEM\">17741<\/span> &#8211; Postado <span class=\"jobContentEM\">12\/07\/2016<\/span> &#8211; <span class=\"jobContentEM\">Customer Experience<\/span>\u00a0\u00a0&#8211;\u00a0\u00a0<span class=\"jobContentEM\">Brazil<\/span><\/div>\n<\/div>\n<\/td>\n<td><\/td>\n<\/tr>\n<tr>\n<td colspan=\"3\">\n<div class=\"jobResult jobResult_accessible\">\n<hr \/>\n<\/div>\n<\/td>\n<\/tr>\n<tr>\n<td>\n<div><a href=\"#career?career%5fns=job%5flisting&amp;company=MercadoP&amp;navBarLevel=JOB%5fSEARCH&amp;rcm%5fsite%5flocale=pt%5fBR&amp;career_job_req_id=17621&amp;selected_lang=pt_BR&amp;jobAlertController_jobAlertId=&amp;jobAlertController_jobAlertName=&amp;_s.crb=Tc4y5FVmAulX8f3%2bn6H2gmS9lW8%3d\" rel=\"nofollow\">Supervisor Qualidade<\/a><\/div>\n<div tabindex=\"0\">\n<div>ID da requisi\u00e7\u00e3o <span class=\"jobContentEM\">17621<\/span> &#8211; Postado <span class=\"jobContentEM\">05\/07\/2016<\/span> &#8211; <span class=\"jobContentEM\">Customer Experience<\/span>\u00a0\u00a0&#8211;\u00a0\u00a0<span class=\"jobContentEM\">Brazil<\/span><\/div>\n<\/div>\n<\/td>\n<td><\/td>\n<\/tr>\n<tr>\n<td colspan=\"3\">\n<div class=\"jobResult jobResult_accessible\">\n<hr \/>\n<\/div>\n<\/td>\n<\/tr>\n<tr>\n<td>\n<div><a href=\"#career?career%5fns=job%5flisting&amp;company=MercadoP&amp;navBarLevel=JOB%5fSEARCH&amp;rcm%5fsite%5flocale=pt%5fBR&amp;career_job_req_id=17349&amp;selected_lang=pt_BR&amp;jobAlertController_jobAlertId=&amp;jobAlertController_jobAlertName=&amp;_s.crb=Tc4y5FVmAulX8f3%2bn6H2gmS9lW8%3d\" rel=\"nofollow\">Assessor Comercial Junior &#8211; Vale do Para\u00edba<\/a><\/div>\n<div tabindex=\"0\">\n<div>ID da requisi\u00e7\u00e3o <span class=\"jobContentEM\">17349<\/span> &#8211; Postado <span class=\"jobContentEM\">04\/07\/2016<\/span> &#8211; <span class=\"jobContentEM\">Sales, Marketing e Produto<\/span>\u00a0\u00a0&#8211;\u00a0\u00a0<span class=\"jobContentEM\">Brazil<\/span><\/div>\n<\/div>\n<\/td>\n<td><\/td>\n<\/tr>\n<tr>\n<td colspan=\"3\">\n<div class=\"jobResult jobResult_accessible\">\n<hr \/>\n<\/div>\n<\/td>\n<\/tr>\n<tr>\n<td>\n<div><a href=\"#career?career%5fns=job%5flisting&amp;company=MercadoP&amp;navBarLevel=JOB%5fSEARCH&amp;rcm%5fsite%5flocale=pt%5fBR&amp;career_job_req_id=16163&amp;selected_lang=pt_BR&amp;jobAlertController_jobAlertId=&amp;jobAlertController_jobAlertName=&amp;_s.crb=Tc4y5FVmAulX8f3%2bn6H2gmS9lW8%3d\" rel=\"nofollow\">Executivo de Vendas Sr<\/a><\/div>\n<div tabindex=\"0\">\n<div>ID da requisi\u00e7\u00e3o <span class=\"jobContentEM\">16163<\/span> &#8211; Postado <span class=\"jobContentEM\">04\/07\/2016<\/span> &#8211; <span class=\"jobContentEM\">Sales, Marketing e Produto<\/span>\u00a0\u00a0&#8211;\u00a0\u00a0<span class=\"jobContentEM\">Brazil<\/span><\/div>\n<\/div>\n<\/td>\n<td><\/td>\n<\/tr>\n<tr>\n<td colspan=\"3\">\n<div class=\"jobResult jobResult_accessible\">\n<hr \/>\n<\/div>\n<\/td>\n<\/tr>\n<tr>\n<td>\n<div><a href=\"#career?career%5fns=job%5flisting&amp;company=MercadoP&amp;navBarLevel=JOB%5fSEARCH&amp;rcm%5fsite%5flocale=pt%5fBR&amp;career_job_req_id=17043&amp;selected_lang=pt_BR&amp;jobAlertController_jobAlertId=&amp;jobAlertController_jobAlertName=&amp;_s.crb=Tc4y5FVmAulX8f3%2bn6H2gmS9lW8%3d\" rel=\"nofollow\">Executivo de Vendas Sr<\/a><\/div>\n<div tabindex=\"0\">\n<div>ID da requisi\u00e7\u00e3o <span class=\"jobContentEM\">17043<\/span> &#8211; Postado <span class=\"jobContentEM\">04\/07\/2016<\/span> &#8211; <span class=\"jobContentEM\">Sales, Marketing e Produto<\/span>\u00a0\u00a0&#8211;\u00a0\u00a0<span class=\"jobContentEM\">Brazil<\/span><\/div>\n<\/div>\n<\/td>\n<td><\/td>\n<\/tr>\n<tr>\n<td colspan=\"3\">\n<div class=\"jobResult jobResult_accessible\">\n<hr \/>\n<\/div>\n<\/td>\n<\/tr>\n<tr>\n<td>\n<div><a href=\"#career?career%5fns=job%5flisting&amp;company=MercadoP&amp;navBarLevel=JOB%5fSEARCH&amp;rcm%5fsite%5flocale=pt%5fBR&amp;career_job_req_id=15383&amp;selected_lang=pt_BR&amp;jobAlertController_jobAlertId=&amp;jobAlertController_jobAlertName=&amp;_s.crb=Tc4y5FVmAulX8f3%2bn6H2gmS9lW8%3d\" rel=\"nofollow\">Analista de Planejamento Financeiro Senior<\/a><\/div>\n<div tabindex=\"0\">\n<div>ID da requisi\u00e7\u00e3o <span class=\"jobContentEM\">15383<\/span> &#8211; Postado <span class=\"jobContentEM\">04\/07\/2016<\/span> &#8211; <span class=\"jobContentEM\">Administra\u00e7\u00e3o e Financeiro<\/span>\u00a0\u00a0&#8211;\u00a0\u00a0<span class=\"jobContentEM\">Brazil<\/span><\/div>\n<\/div>\n<\/td>\n<td><\/td>\n<\/tr>\n<tr>\n<td colspan=\"3\">\n<div class=\"jobResult jobResult_accessible\">\n<hr \/>\n<\/div>\n<\/td>\n<\/tr>\n<tr>\n<td>\n<div><a href=\"#career?career%5fns=job%5flisting&amp;company=MercadoP&amp;navBarLevel=JOB%5fSEARCH&amp;rcm%5fsite%5flocale=pt%5fBR&amp;career_job_req_id=17342&amp;selected_lang=pt_BR&amp;jobAlertController_jobAlertId=&amp;jobAlertController_jobAlertName=&amp;_s.crb=Tc4y5FVmAulX8f3%2bn6H2gmS9lW8%3d\" rel=\"nofollow\">Analista de Desenvolvimento de Software S\u00eanior<\/a><\/div>\n<div tabindex=\"0\">\n<div>ID da requisi\u00e7\u00e3o <span class=\"jobContentEM\">17342<\/span> &#8211; Postado <span class=\"jobContentEM\">04\/07\/2016<\/span> &#8211; <span class=\"jobContentEM\">Tecnologia<\/span>\u00a0\u00a0&#8211;\u00a0\u00a0<span class=\"jobContentEM\">Brazil<\/span><\/div>\n<\/div>\n<\/td>\n<td><\/td>\n<\/tr>\n<tr>\n<td colspan=\"3\">\n<div class=\"jobResult jobResult_accessible\">\n<hr \/>\n<\/div>\n<\/td>\n<\/tr>\n<tr>\n<td>\n<div><a href=\"#career?career%5fns=job%5flisting&amp;company=MercadoP&amp;navBarLevel=JOB%5fSEARCH&amp;rcm%5fsite%5flocale=pt%5fBR&amp;career_job_req_id=17343&amp;selected_lang=pt_BR&amp;jobAlertController_jobAlertId=&amp;jobAlertController_jobAlertName=&amp;_s.crb=Tc4y5FVmAulX8f3%2bn6H2gmS9lW8%3d\" rel=\"nofollow\">Analista de Desenvolvimento de Software Pleno<\/a><\/div>\n<div tabindex=\"0\">\n<div>ID da requisi\u00e7\u00e3o <span class=\"jobContentEM\">17343<\/span> &#8211; Postado <span class=\"jobContentEM\">04\/07\/2016<\/span> &#8211; <span class=\"jobContentEM\">Tecnologia<\/span>\u00a0\u00a0&#8211;\u00a0\u00a0<span class=\"jobContentEM\">Brazil<\/span><\/div>\n<\/div>\n<\/td>\n<td><\/td>\n<\/tr>\n<tr>\n<td colspan=\"3\">\n<div class=\"jobResult jobResult_accessible\">\n<hr \/>\n<\/div>\n<\/td>\n<\/tr>\n<tr>\n<td>\n<div><a href=\"#career?career%5fns=job%5flisting&amp;company=MercadoP&amp;navBarLevel=JOB%5fSEARCH&amp;rcm%5fsite%5flocale=pt%5fBR&amp;career_job_req_id=15384&amp;selected_lang=pt_BR&amp;jobAlertController_jobAlertId=&amp;jobAlertController_jobAlertName=&amp;_s.crb=Tc4y5FVmAulX8f3%2bn6H2gmS9lW8%3d\" rel=\"nofollow\">Analista de Bandeiras e Parcerias Senior<\/a><\/div>\n<div tabindex=\"0\">\n<div>ID da requisi\u00e7\u00e3o <span class=\"jobContentEM\">15384<\/span> &#8211; Postado <span class=\"jobContentEM\">04\/07\/2016<\/span> &#8211; <span class=\"jobContentEM\">Sales, Marketing e Produto<\/span>\u00a0\u00a0&#8211;\u00a0\u00a0<span class=\"jobContentEM\">Brazil<\/span><\/div>\n<\/div>\n<\/td>\n<td><\/td>\n<\/tr>\n<tr>\n<td colspan=\"3\">\n<div class=\"jobResult jobResult_accessible\">\n<hr \/>\n<\/div>\n<\/td>\n<\/tr>\n<tr>\n<td>\n<div><a href=\"#career?career%5fns=job%5flisting&amp;company=MercadoP&amp;navBarLevel=JOB%5fSEARCH&amp;rcm%5fsite%5flocale=pt%5fBR&amp;career_job_req_id=17042&amp;selected_lang=pt_BR&amp;jobAlertController_jobAlertId=&amp;jobAlertController_jobAlertName=&amp;_s.crb=Tc4y5FVmAulX8f3%2bn6H2gmS9lW8%3d\" rel=\"nofollow\">Gerente Projetos<\/a><\/div>\n<div tabindex=\"0\">\n<div>ID da requisi\u00e7\u00e3o <span class=\"jobContentEM\">17042<\/span> &#8211; Postado <span class=\"jobContentEM\">07\/06\/2016<\/span> &#8211; <span class=\"jobContentEM\">Tecnologia<\/span>\u00a0\u00a0&#8211;\u00a0\u00a0<span class=\"jobContentEM\">Brazil<\/span><\/div>\n<\/div>\n<\/td>\n<td><\/td>\n<\/tr>\n<tr>\n<td colspan=\"3\">\n<div class=\"jobResult jobResult_accessible\">\n<hr \/>\n<\/div>\n<\/td>\n<\/tr>\n<tr>\n<td>\n<div><a href=\"#career?career%5fns=job%5flisting&amp;company=MercadoP&amp;navBarLevel=JOB%5fSEARCH&amp;rcm%5fsite%5flocale=pt%5fBR&amp;career_job_req_id=15901&amp;selected_lang=pt_BR&amp;jobAlertController_jobAlertId=&amp;jobAlertController_jobAlertName=&amp;_s.crb=Tc4y5FVmAulX8f3%2bn6H2gmS9lW8%3d\" rel=\"nofollow\">Executivo de Contas Sr &#8211; Farmer<\/a><\/div>\n<div tabindex=\"0\">\n<div>ID da requisi\u00e7\u00e3o <span class=\"jobContentEM\">15901<\/span> &#8211; Postado <span class=\"jobContentEM\">06\/06\/2016<\/span> &#8211; <span class=\"jobContentEM\">Sales, Marketing e Produto<\/span>\u00a0\u00a0&#8211;\u00a0\u00a0<span class=\"jobContentEM\">Brazil<\/span><\/div>\n<\/div>\n<\/td>\n<td><\/td>\n<\/tr>\n<tr>\n<td colspan=\"3\">\n<div class=\"jobResult jobResult_accessible\">\n<hr \/>\n<\/div>\n<\/td>\n<\/tr>\n<tr>\n<td>\n<div><a href=\"#career?career%5fns=job%5flisting&amp;company=MercadoP&amp;navBarLevel=JOB%5fSEARCH&amp;rcm%5fsite%5flocale=pt%5fBR&amp;career_job_req_id=15881&amp;selected_lang=pt_BR&amp;jobAlertController_jobAlertId=&amp;jobAlertController_jobAlertName=&amp;_s.crb=Tc4y5FVmAulX8f3%2bn6H2gmS9lW8%3d\" rel=\"nofollow\">Executivo de Contas Sr &#8211; Hunter<\/a><\/div>\n<div tabindex=\"0\">\n<div>ID da requisi\u00e7\u00e3o <span class=\"jobContentEM\">15881<\/span> &#8211; Postado <span class=\"jobContentEM\">06\/06\/2016<\/span> &#8211; <span class=\"jobContentEM\">Sales, Marketing e Produto<\/span>\u00a0\u00a0&#8211;\u00a0\u00a0<span class=\"jobContentEM\">Brazil<\/span><\/div>\n<\/div>\n<\/td>\n<td><\/td>\n<\/tr>\n<tr>\n<td colspan=\"3\">\n<div class=\"jobResult jobResult_accessible\">\n<hr \/>\n<\/div>\n<\/td>\n<\/tr>\n<tr>\n<td>\n<div><a href=\"#career?career%5fns=job%5flisting&amp;company=MercadoP&amp;navBarLevel=JOB%5fSEARCH&amp;rcm%5fsite%5flocale=pt%5fBR&amp;career_job_req_id=16545&amp;selected_lang=pt_BR&amp;jobAlertController_jobAlertId=&amp;jobAlertController_jobAlertName=&amp;_s.crb=Tc4y5FVmAulX8f3%2bn6H2gmS9lW8%3d\" rel=\"nofollow\">Engenheiro de Software (Desenvolvimento de Produto) &#8211; 10 vagas<\/a><\/div>\n<div tabindex=\"0\">\n<div>ID da requisi\u00e7\u00e3o <span class=\"jobContentEM\">16545<\/span> &#8211; Postado <span class=\"jobContentEM\">18\/05\/2016<\/span> &#8211; <span class=\"jobContentEM\">Tecnologia<\/span>\u00a0\u00a0&#8211;\u00a0\u00a0<span class=\"jobContentEM\">Brazil<\/span><\/div>\n<\/div>\n<\/td>\n<td><\/td>\n<\/tr>\n<tr>\n<td colspan=\"3\">\n<div class=\"jobResult jobResult_accessible\">\n<hr \/>\n<\/div>\n<\/td>\n<\/tr>\n<tr>\n<td>\n<div><a href=\"#career?career%5fns=job%5flisting&amp;company=MercadoP&amp;navBarLevel=JOB%5fSEARCH&amp;rcm%5fsite%5flocale=pt%5fBR&amp;career_job_req_id=16542&amp;selected_lang=pt_BR&amp;jobAlertController_jobAlertId=&amp;jobAlertController_jobAlertName=&amp;_s.crb=Tc4y5FVmAulX8f3%2bn6H2gmS9lW8%3d\" rel=\"nofollow\">Analista Programador com Foco em Testes Jr (TechOps KPL)<\/a><\/div>\n<div tabindex=\"0\">\n<div>ID da requisi\u00e7\u00e3o <span class=\"jobContentEM\">16542<\/span> &#8211; Postado <span class=\"jobContentEM\">17\/05\/2016<\/span> &#8211; <span class=\"jobContentEM\">Tecnologia<\/span>\u00a0\u00a0&#8211;\u00a0\u00a0<span class=\"jobContentEM\">Brazil<\/span><\/div>\n<\/div>\n<\/td>\n<td><\/td>\n<\/tr>\n<tr>\n<td colspan=\"3\">\n<div class=\"jobResult jobResult_accessible\">\n<hr \/>\n<\/div>\n<\/td>\n<\/tr>\n<tr>\n<td>\n<div><a href=\"#career?career%5fns=job%5flisting&amp;company=MercadoP&amp;navBarLevel=JOB%5fSEARCH&amp;rcm%5fsite%5flocale=pt%5fBR&amp;career_job_req_id=16201&amp;selected_lang=pt_BR&amp;jobAlertController_jobAlertId=&amp;jobAlertController_jobAlertName=&amp;_s.crb=Tc4y5FVmAulX8f3%2bn6H2gmS9lW8%3d\" rel=\"nofollow\">Analista Programador Sr (Integra\u00e7\u00f5es KPL)<\/a><\/div>\n<div tabindex=\"0\">\n<div>ID da requisi\u00e7\u00e3o <span class=\"jobContentEM\">16201<\/span> &#8211; Postado <span class=\"jobContentEM\">16\/05\/2016<\/span> &#8211; <span class=\"jobContentEM\">Tecnologia<\/span>\u00a0\u00a0&#8211;\u00a0\u00a0<span class=\"jobContentEM\">Brazil<\/span><\/div>\n<\/div>\n<\/td>\n<td><\/td>\n<\/tr>\n<tr>\n<td colspan=\"3\">\n<div class=\"jobResult jobResult_accessible\">\n<hr \/>\n<\/div>\n<\/td>\n<\/tr>\n<tr>\n<td>\n<div><a href=\"#career?career%5fns=job%5flisting&amp;company=MercadoP&amp;navBarLevel=JOB%5fSEARCH&amp;rcm%5fsite%5flocale=pt%5fBR&amp;career_job_req_id=15622&amp;selected_lang=pt_BR&amp;jobAlertController_jobAlertId=&amp;jobAlertController_jobAlertName=&amp;_s.crb=Tc4y5FVmAulX8f3%2bn6H2gmS9lW8%3d\" rel=\"nofollow\">Desenvolvedor Frontend Pl<\/a><\/div>\n<div tabindex=\"0\">\n<div>ID da requisi\u00e7\u00e3o <span class=\"jobContentEM\">15622<\/span> &#8211; Postado <span class=\"jobContentEM\">19\/04\/2016<\/span> &#8211; <span class=\"jobContentEM\">Tecnologia<\/span>\u00a0\u00a0&#8211;\u00a0\u00a0<span class=\"jobContentEM\">Brazil<\/span><\/div>\n<\/div>\n<\/td>\n<td><\/td>\n<\/tr>\n<tr>\n<td colspan=\"3\">\n<div class=\"jobResult jobResult_accessible\">\n<hr \/>\n<\/div>\n<\/td>\n<\/tr>\n<tr>\n<td>\n<div><a href=\"#career?career%5fns=job%5flisting&amp;company=MercadoP&amp;navBarLevel=JOB%5fSEARCH&amp;rcm%5fsite%5flocale=pt%5fBR&amp;career_job_req_id=14601&amp;selected_lang=pt_BR&amp;jobAlertController_jobAlertId=&amp;jobAlertController_jobAlertName=&amp;_s.crb=Tc4y5FVmAulX8f3%2bn6H2gmS9lW8%3d\" rel=\"nofollow\">Analista de Log\u00edstica Jr<\/a><\/div>\n<div tabindex=\"0\">\n<div>ID da requisi\u00e7\u00e3o <span class=\"jobContentEM\">14601<\/span> &#8211; Postado <span class=\"jobContentEM\">11\/03\/2016<\/span> &#8211; <span class=\"jobContentEM\">Sales, Marketing e Produto<\/span>\u00a0\u00a0&#8211;\u00a0\u00a0<span class=\"jobContentEM\">Brazil<\/span><\/div>\n<\/div>\n<\/td>\n<td><\/td>\n<\/tr>\n<tr>\n<td colspan=\"3\">\u201cQueremos fomentar o desenvolvimento de Osasco, com a vinda do Mercadolivre.<\/p>\n<p>Exemplo disso \u00e9 o investimento que a prefeitura fez com recursos pr\u00f3prios na amplia\u00e7\u00e3o na avenida Nova Granada, aqui na zona sul de <strong>Osasco<\/strong>. At\u00e9 tentamos verbas do governo federal, mas isso n\u00e3o aconteceu\u201d, lembrou Lapas.<\/p>\n<p>Sucesso Mercadolivre&#8230;.<\/p>\n<p>E quem sabe em sua nova sede, tenha um setor especial de atendimento ao cliente&#8230;. a grande reclama\u00e7\u00e3o de todos, \u00e9 que o Mercadolivre trata os pequenos vendedores como mais um&#8230;. e sem descrimina\u00e7\u00e3o bane os vendedores sem d\u00f3!<\/p>\n<p>Se quiser realmente se tornar um marketplace de sucesso, ser\u00e1 um dos pilares a serem trabalhado!<\/p>\n<p>&nbsp;<\/td>\n<\/tr>\n<\/tbody>\n<\/table>\n","protected":false},"excerpt":{"rendered":"<p>Quando se pensa em com\u00e9rcio eletr\u00f4nico (e-commerce) o Mercado Livre aparece na ponta. O maior portal de &#8220;classificados&#8221; online da Am\u00e9rica Latina,\u00a0est\u00e1 para se instalar em Osasco. A sede\u00a0do Mercado&hellip;<\/p>\n","protected":false},"author":1,"featured_media":0,"comment_status":"open","ping_status":"closed","sticky":false,"template":"","format":"standard","meta":{"footnotes":""},"categories":[9],"tags":[71,83,84],"class_list":["post-3503","post","type-post","status-publish","format-standard","hentry","category-adwords","tag-mercadoenvios","tag-mercadolivre","tag-osasco"],"aioseo_notices":[],"aioseo_head":"\n\t\t<!-- All in One SEO 5.0.0.1 - aioseo.com -->\n\t<meta name=\"description\" content=\"Quando se pensa em com\u00e9rcio eletr\u00f4nico (e-commerce) o Mercado Livre aparece na ponta. O maior portal de &quot;classificados&quot; online da Am\u00e9rica Latina, est\u00e1 para se instalar em Osasco. A sede do Mercado Livre ser\u00e1 em Presidente Altino e ontem o prefeito Jorge Lapas esteve l\u00e1 para conhecer a fase final do empreendimento. Uma das sugest\u00f5es apresentadas na\" \/>\n\t<meta name=\"robots\" content=\"max-image-preview:large\" \/>\n\t<meta name=\"author\" content=\"teocosta\"\/>\n\t<link rel=\"canonical\" href=\"https:\/\/teo.com.br\/noticias\/2016\/07\/30\/mercadolivre-lider-ecommerce-osasco\/\" \/>\n\t<meta name=\"generator\" content=\"All in One SEO (AIOSEO) 5.0.0.1\" \/>\n\t\t<meta property=\"og:locale\" content=\"pt_BR\" \/>\n\t\t<meta property=\"og:site_name\" content=\"Teo - Head TI - DPO\" \/>\n\t\t<meta property=\"og:type\" content=\"article\" \/>\n\t\t<meta property=\"og:title\" content=\"Mercadolivre agora em Osasco? Mercadolivre muda-se para a cidade de Osasco! - Teo\" \/>\n\t\t<meta property=\"og:description\" content=\"Quando se pensa em com\u00e9rcio eletr\u00f4nico (e-commerce) o Mercado Livre aparece na ponta. O maior portal de &quot;classificados&quot; online da Am\u00e9rica Latina, est\u00e1 para se instalar em Osasco. A sede do Mercado Livre ser\u00e1 em Presidente Altino e ontem o prefeito Jorge Lapas esteve l\u00e1 para conhecer a fase final do empreendimento. Uma das sugest\u00f5es apresentadas na\" \/>\n\t\t<meta property=\"og:url\" content=\"https:\/\/teo.com.br\/noticias\/2016\/07\/30\/mercadolivre-lider-ecommerce-osasco\/\" \/>\n\t\t<meta property=\"og:image\" content=\"https:\/\/teo.com.br\/wp-content\/uploads\/2024\/03\/cropped-teo.jpg\" \/>\n\t\t<meta property=\"og:image:secure_url\" content=\"https:\/\/teo.com.br\/wp-content\/uploads\/2024\/03\/cropped-teo.jpg\" \/>\n\t\t<meta property=\"article:published_time\" content=\"2016-07-30T19:55:03+00:00\" \/>\n\t\t<meta property=\"article:modified_time\" content=\"2016-07-30T19:55:03+00:00\" \/>\n\t\t<meta name=\"twitter:card\" content=\"summary_large_image\" \/>\n\t\t<meta name=\"twitter:title\" content=\"Mercadolivre agora em Osasco? Mercadolivre muda-se para a cidade de Osasco! - Teo\" \/>\n\t\t<meta name=\"twitter:description\" content=\"Quando se pensa em com\u00e9rcio eletr\u00f4nico (e-commerce) o Mercado Livre aparece na ponta. O maior portal de &quot;classificados&quot; online da Am\u00e9rica Latina, est\u00e1 para se instalar em Osasco. A sede do Mercado Livre ser\u00e1 em Presidente Altino e ontem o prefeito Jorge Lapas esteve l\u00e1 para conhecer a fase final do empreendimento. Uma das sugest\u00f5es apresentadas na\" \/>\n\t\t<meta name=\"twitter:image\" content=\"https:\/\/teo.com.br\/wp-content\/uploads\/2024\/03\/cropped-teo.jpg\" \/>\n\t\t<script type=\"application\/ld+json\" class=\"aioseo-schema\">\n\t\t\t{\"@context\":\"https:\\\/\\\/schema.org\",\"@graph\":[{\"@type\":\"BlogPosting\",\"@id\":\"https:\\\/\\\/teo.com.br\\\/noticias\\\/2016\\\/07\\\/30\\\/mercadolivre-lider-ecommerce-osasco\\\/#blogposting\",\"name\":\"Mercadolivre agora em Osasco? Mercadolivre muda-se para a cidade de Osasco! - Teo\",\"headline\":\"Mercadolivre agora em Osasco? Mercadolivre muda-se para a cidade de Osasco!\",\"author\":{\"@id\":\"https:\\\/\\\/teo.com.br\\\/noticias\\\/author\\\/temcosta\\\/#author\"},\"publisher\":{\"@id\":\"https:\\\/\\\/teo.com.br\\\/noticias\\\/#organization\"},\"image\":{\"@type\":\"ImageObject\",\"url\":\"http:\\\/\\\/qgnoticias.com\\\/wp-content\\\/uploads\\\/2016\\\/07\\\/02.-Mercado-Livre-6.jpg\",\"@id\":\"https:\\\/\\\/teo.com.br\\\/noticias\\\/2016\\\/07\\\/30\\\/mercadolivre-lider-ecommerce-osasco\\\/#articleImage\"},\"datePublished\":\"2016-07-30T19:55:03-03:00\",\"dateModified\":\"2016-07-30T19:55:03-03:00\",\"inLanguage\":\"pt-BR\",\"commentCount\":5,\"mainEntityOfPage\":{\"@id\":\"https:\\\/\\\/teo.com.br\\\/noticias\\\/2016\\\/07\\\/30\\\/mercadolivre-lider-ecommerce-osasco\\\/#webpage\"},\"isPartOf\":{\"@id\":\"https:\\\/\\\/teo.com.br\\\/noticias\\\/2016\\\/07\\\/30\\\/mercadolivre-lider-ecommerce-osasco\\\/#webpage\"},\"articleSection\":\"Adwords, MercadoEnvios, mercadolivre, osasco\"},{\"@type\":\"BreadcrumbList\",\"@id\":\"https:\\\/\\\/teo.com.br\\\/noticias\\\/2016\\\/07\\\/30\\\/mercadolivre-lider-ecommerce-osasco\\\/#breadcrumblist\",\"itemListElement\":[{\"@type\":\"ListItem\",\"@id\":\"https:\\\/\\\/teo.com.br\\\/noticias#listItem\",\"position\":1,\"name\":\"Home\",\"item\":\"https:\\\/\\\/teo.com.br\\\/noticias\",\"nextItem\":{\"@type\":\"ListItem\",\"@id\":\"https:\\\/\\\/teo.com.br\\\/noticias\\\/categoria\\\/adwords\\\/#listItem\",\"name\":\"Adwords\"}},{\"@type\":\"ListItem\",\"@id\":\"https:\\\/\\\/teo.com.br\\\/noticias\\\/categoria\\\/adwords\\\/#listItem\",\"position\":2,\"name\":\"Adwords\",\"item\":\"https:\\\/\\\/teo.com.br\\\/noticias\\\/categoria\\\/adwords\\\/\",\"nextItem\":{\"@type\":\"ListItem\",\"@id\":\"https:\\\/\\\/teo.com.br\\\/noticias\\\/2016\\\/07\\\/30\\\/mercadolivre-lider-ecommerce-osasco\\\/#listItem\",\"name\":\"Mercadolivre agora em Osasco? Mercadolivre muda-se para a cidade de Osasco!\"},\"previousItem\":{\"@type\":\"ListItem\",\"@id\":\"https:\\\/\\\/teo.com.br\\\/noticias#listItem\",\"name\":\"Home\"}},{\"@type\":\"ListItem\",\"@id\":\"https:\\\/\\\/teo.com.br\\\/noticias\\\/2016\\\/07\\\/30\\\/mercadolivre-lider-ecommerce-osasco\\\/#listItem\",\"position\":3,\"name\":\"Mercadolivre agora em Osasco? Mercadolivre muda-se para a cidade de Osasco!\",\"previousItem\":{\"@type\":\"ListItem\",\"@id\":\"https:\\\/\\\/teo.com.br\\\/noticias\\\/categoria\\\/adwords\\\/#listItem\",\"name\":\"Adwords\"}}]},{\"@type\":\"Organization\",\"@id\":\"https:\\\/\\\/teo.com.br\\\/noticias\\\/#organization\",\"name\":\"Teo Costa - Tecnologia e Solu\\u00e7\\u00f5es Corporativas em Seguran\\u00e7a Contra Inc\\u00eandio Pesquisa de Satisfa\\u00e7\\u00e3o\",\"description\":\"Head TI - DPO\",\"url\":\"https:\\\/\\\/teo.com.br\\\/noticias\\\/\"},{\"@type\":\"Person\",\"@id\":\"https:\\\/\\\/teo.com.br\\\/noticias\\\/author\\\/temcosta\\\/#author\",\"url\":\"https:\\\/\\\/teo.com.br\\\/noticias\\\/author\\\/temcosta\\\/\",\"name\":\"teocosta\",\"image\":{\"@type\":\"ImageObject\",\"@id\":\"https:\\\/\\\/teo.com.br\\\/noticias\\\/2016\\\/07\\\/30\\\/mercadolivre-lider-ecommerce-osasco\\\/#authorImage\",\"url\":\"https:\\\/\\\/secure.gravatar.com\\\/avatar\\\/9eaa33a8942fc7cb0be99e3b8f5a8f798b4647876bd8c39ebfc4b1f5753beac2?s=96&d=mm&r=g\",\"width\":96,\"height\":96,\"caption\":\"teocosta\"}},{\"@type\":\"WebPage\",\"@id\":\"https:\\\/\\\/teo.com.br\\\/noticias\\\/2016\\\/07\\\/30\\\/mercadolivre-lider-ecommerce-osasco\\\/#webpage\",\"url\":\"https:\\\/\\\/teo.com.br\\\/noticias\\\/2016\\\/07\\\/30\\\/mercadolivre-lider-ecommerce-osasco\\\/\",\"name\":\"Mercadolivre agora em Osasco? Mercadolivre muda-se para a cidade de Osasco! - Teo\",\"description\":\"Quando se pensa em com\\u00e9rcio eletr\\u00f4nico (e-commerce) o Mercado Livre aparece na ponta. O maior portal de \\\"classificados\\\" online da Am\\u00e9rica Latina, est\\u00e1 para se instalar em Osasco. A sede do Mercado Livre ser\\u00e1 em Presidente Altino e ontem o prefeito Jorge Lapas esteve l\\u00e1 para conhecer a fase final do empreendimento. Uma das sugest\\u00f5es apresentadas na\",\"inLanguage\":\"pt-BR\",\"isPartOf\":{\"@id\":\"https:\\\/\\\/teo.com.br\\\/noticias\\\/#website\"},\"breadcrumb\":{\"@id\":\"https:\\\/\\\/teo.com.br\\\/noticias\\\/2016\\\/07\\\/30\\\/mercadolivre-lider-ecommerce-osasco\\\/#breadcrumblist\"},\"author\":{\"@id\":\"https:\\\/\\\/teo.com.br\\\/noticias\\\/author\\\/temcosta\\\/#author\"},\"creator\":{\"@id\":\"https:\\\/\\\/teo.com.br\\\/noticias\\\/author\\\/temcosta\\\/#author\"},\"datePublished\":\"2016-07-30T19:55:03-03:00\",\"dateModified\":\"2016-07-30T19:55:03-03:00\"},{\"@type\":\"WebSite\",\"@id\":\"https:\\\/\\\/teo.com.br\\\/noticias\\\/#website\",\"url\":\"https:\\\/\\\/teo.com.br\\\/noticias\\\/\",\"name\":\"Teo Costa - Tecnologia e Solu\\u00e7\\u00f5es Corporativas em Seguran\\u00e7a Contra Inc\\u00eandio Pesquisa de Satisfa\\u00e7\\u00e3o\",\"description\":\"Head TI - DPO\",\"inLanguage\":\"pt-BR\",\"publisher\":{\"@id\":\"https:\\\/\\\/teo.com.br\\\/noticias\\\/#organization\"}}]}\n\t\t<\/script>\n\t\t<!-- All in One SEO -->\n\n","aioseo_head_json":{"title":"Mercadolivre agora em Osasco? Mercadolivre muda-se para a cidade de Osasco! - Teo","description":"Quando se pensa em com\u00e9rcio eletr\u00f4nico (e-commerce) o Mercado Livre aparece na ponta. O maior portal de \"classificados\" online da Am\u00e9rica Latina, est\u00e1 para se instalar em Osasco. A sede do Mercado Livre ser\u00e1 em Presidente Altino e ontem o prefeito Jorge Lapas esteve l\u00e1 para conhecer a fase final do empreendimento. Uma das sugest\u00f5es apresentadas na","canonical_url":"https:\/\/teo.com.br\/noticias\/2016\/07\/30\/mercadolivre-lider-ecommerce-osasco\/","robots":"max-image-preview:large","keywords":"","webmasterTools":{"miscellaneous":""},"schema":{"@context":"https:\/\/schema.org","@graph":[{"@type":"BlogPosting","@id":"https:\/\/teo.com.br\/noticias\/2016\/07\/30\/mercadolivre-lider-ecommerce-osasco\/#blogposting","name":"Mercadolivre agora em Osasco? Mercadolivre muda-se para a cidade de Osasco! - Teo","headline":"Mercadolivre agora em Osasco? Mercadolivre muda-se para a cidade de Osasco!","author":{"@id":"https:\/\/teo.com.br\/noticias\/author\/temcosta\/#author"},"publisher":{"@id":"https:\/\/teo.com.br\/noticias\/#organization"},"image":{"@type":"ImageObject","url":"http:\/\/qgnoticias.com\/wp-content\/uploads\/2016\/07\/02.-Mercado-Livre-6.jpg","@id":"https:\/\/teo.com.br\/noticias\/2016\/07\/30\/mercadolivre-lider-ecommerce-osasco\/#articleImage"},"datePublished":"2016-07-30T19:55:03-03:00","dateModified":"2016-07-30T19:55:03-03:00","inLanguage":"pt-BR","commentCount":5,"mainEntityOfPage":{"@id":"https:\/\/teo.com.br\/noticias\/2016\/07\/30\/mercadolivre-lider-ecommerce-osasco\/#webpage"},"isPartOf":{"@id":"https:\/\/teo.com.br\/noticias\/2016\/07\/30\/mercadolivre-lider-ecommerce-osasco\/#webpage"},"articleSection":"Adwords, MercadoEnvios, mercadolivre, osasco"},{"@type":"BreadcrumbList","@id":"https:\/\/teo.com.br\/noticias\/2016\/07\/30\/mercadolivre-lider-ecommerce-osasco\/#breadcrumblist","itemListElement":[{"@type":"ListItem","@id":"https:\/\/teo.com.br\/noticias#listItem","position":1,"name":"Home","item":"https:\/\/teo.com.br\/noticias","nextItem":{"@type":"ListItem","@id":"https:\/\/teo.com.br\/noticias\/categoria\/adwords\/#listItem","name":"Adwords"}},{"@type":"ListItem","@id":"https:\/\/teo.com.br\/noticias\/categoria\/adwords\/#listItem","position":2,"name":"Adwords","item":"https:\/\/teo.com.br\/noticias\/categoria\/adwords\/","nextItem":{"@type":"ListItem","@id":"https:\/\/teo.com.br\/noticias\/2016\/07\/30\/mercadolivre-lider-ecommerce-osasco\/#listItem","name":"Mercadolivre agora em Osasco? Mercadolivre muda-se para a cidade de Osasco!"},"previousItem":{"@type":"ListItem","@id":"https:\/\/teo.com.br\/noticias#listItem","name":"Home"}},{"@type":"ListItem","@id":"https:\/\/teo.com.br\/noticias\/2016\/07\/30\/mercadolivre-lider-ecommerce-osasco\/#listItem","position":3,"name":"Mercadolivre agora em Osasco? Mercadolivre muda-se para a cidade de Osasco!","previousItem":{"@type":"ListItem","@id":"https:\/\/teo.com.br\/noticias\/categoria\/adwords\/#listItem","name":"Adwords"}}]},{"@type":"Organization","@id":"https:\/\/teo.com.br\/noticias\/#organization","name":"Teo Costa - Tecnologia e Solu\u00e7\u00f5es Corporativas em Seguran\u00e7a Contra Inc\u00eandio Pesquisa de Satisfa\u00e7\u00e3o","description":"Head TI - DPO","url":"https:\/\/teo.com.br\/noticias\/"},{"@type":"Person","@id":"https:\/\/teo.com.br\/noticias\/author\/temcosta\/#author","url":"https:\/\/teo.com.br\/noticias\/author\/temcosta\/","name":"teocosta","image":{"@type":"ImageObject","@id":"https:\/\/teo.com.br\/noticias\/2016\/07\/30\/mercadolivre-lider-ecommerce-osasco\/#authorImage","url":"https:\/\/secure.gravatar.com\/avatar\/9eaa33a8942fc7cb0be99e3b8f5a8f798b4647876bd8c39ebfc4b1f5753beac2?s=96&d=mm&r=g","width":96,"height":96,"caption":"teocosta"}},{"@type":"WebPage","@id":"https:\/\/teo.com.br\/noticias\/2016\/07\/30\/mercadolivre-lider-ecommerce-osasco\/#webpage","url":"https:\/\/teo.com.br\/noticias\/2016\/07\/30\/mercadolivre-lider-ecommerce-osasco\/","name":"Mercadolivre agora em Osasco? Mercadolivre muda-se para a cidade de Osasco! - Teo","description":"Quando se pensa em com\u00e9rcio eletr\u00f4nico (e-commerce) o Mercado Livre aparece na ponta. O maior portal de \"classificados\" online da Am\u00e9rica Latina, est\u00e1 para se instalar em Osasco. A sede do Mercado Livre ser\u00e1 em Presidente Altino e ontem o prefeito Jorge Lapas esteve l\u00e1 para conhecer a fase final do empreendimento. Uma das sugest\u00f5es apresentadas na","inLanguage":"pt-BR","isPartOf":{"@id":"https:\/\/teo.com.br\/noticias\/#website"},"breadcrumb":{"@id":"https:\/\/teo.com.br\/noticias\/2016\/07\/30\/mercadolivre-lider-ecommerce-osasco\/#breadcrumblist"},"author":{"@id":"https:\/\/teo.com.br\/noticias\/author\/temcosta\/#author"},"creator":{"@id":"https:\/\/teo.com.br\/noticias\/author\/temcosta\/#author"},"datePublished":"2016-07-30T19:55:03-03:00","dateModified":"2016-07-30T19:55:03-03:00"},{"@type":"WebSite","@id":"https:\/\/teo.com.br\/noticias\/#website","url":"https:\/\/teo.com.br\/noticias\/","name":"Teo Costa - Tecnologia e Solu\u00e7\u00f5es Corporativas em Seguran\u00e7a Contra Inc\u00eandio Pesquisa de Satisfa\u00e7\u00e3o","description":"Head TI - DPO","inLanguage":"pt-BR","publisher":{"@id":"https:\/\/teo.com.br\/noticias\/#organization"}}]},"og:locale":"pt_BR","og:site_name":"Teo - Head TI - DPO","og:type":"article","og:title":"Mercadolivre agora em Osasco? Mercadolivre muda-se para a cidade de Osasco! - Teo","og:description":"Quando se pensa em com\u00e9rcio eletr\u00f4nico (e-commerce) o Mercado Livre aparece na ponta. O maior portal de &quot;classificados&quot; online da Am\u00e9rica Latina, est\u00e1 para se instalar em Osasco. A sede do Mercado Livre ser\u00e1 em Presidente Altino e ontem o prefeito Jorge Lapas esteve l\u00e1 para conhecer a fase final do empreendimento. Uma das sugest\u00f5es apresentadas na","og:url":"https:\/\/teo.com.br\/noticias\/2016\/07\/30\/mercadolivre-lider-ecommerce-osasco\/","og:image":"https:\/\/teo.com.br\/wp-content\/uploads\/2024\/03\/cropped-teo.jpg","og:image:secure_url":"https:\/\/teo.com.br\/wp-content\/uploads\/2024\/03\/cropped-teo.jpg","article:published_time":"2016-07-30T19:55:03+00:00","article:modified_time":"2016-07-30T19:55:03+00:00","twitter:card":"summary_large_image","twitter:title":"Mercadolivre agora em Osasco? Mercadolivre muda-se para a cidade de Osasco! - Teo","twitter:description":"Quando se pensa em com\u00e9rcio eletr\u00f4nico (e-commerce) o Mercado Livre aparece na ponta. O maior portal de &quot;classificados&quot; online da Am\u00e9rica Latina, est\u00e1 para se instalar em Osasco. A sede do Mercado Livre ser\u00e1 em Presidente Altino e ontem o prefeito Jorge Lapas esteve l\u00e1 para conhecer a fase final do empreendimento. Uma das sugest\u00f5es apresentadas na","twitter:image":"https:\/\/teo.com.br\/wp-content\/uploads\/2024\/03\/cropped-teo.jpg"},"aioseo_meta_data":{"post_id":"3503","title":null,"description":null,"keywords":null,"keyphrases":null,"primary_term":null,"canonical_url":null,"og_title":null,"og_description":null,"og_object_type":"default","og_image_type":"default","og_image_url":null,"og_image_width":null,"og_image_height":null,"og_image_custom_url":null,"og_image_custom_fields":null,"og_video":null,"og_custom_url":null,"og_article_section":null,"og_article_tags":null,"twitter_use_og":false,"twitter_card":"default","twitter_image_type":"default","twitter_image_url":null,"twitter_image_custom_url":null,"twitter_image_custom_fields":null,"twitter_title":null,"twitter_description":null,"schema":{"blockGraphs":[],"customGraphs":[],"default":{"data":{"Article":[],"Course":[],"Dataset":[],"FAQPage":[],"Movie":[],"Person":[],"Product":[],"ProductReview":[],"Car":[],"Recipe":[],"Service":[],"SoftwareApplication":[],"WebPage":[]},"graphName":"","isEnabled":true},"graphs":[]},"schema_type":"default","schema_type_options":null,"pillar_content":false,"robots_default":true,"robots_noindex":false,"robots_noarchive":false,"robots_nosnippet":false,"robots_nofollow":false,"robots_noimageindex":false,"robots_noodp":false,"robots_notranslate":false,"robots_max_snippet":null,"robots_max_videopreview":null,"robots_max_imagepreview":"large","priority":null,"frequency":null,"local_seo":null,"breadcrumb_settings":null,"limit_modified_date":false,"ai":null,"created":"2024-04-08 22:01:32","updated":"2025-09-12 20:53:32","seo_analyzer_scan_date":null,"focus_keyword":null,"additional_keywords":null,"truseo_locale":null},"aioseo_breadcrumb":"<div class=\"aioseo-breadcrumbs\"><span class=\"aioseo-breadcrumb\">\n\t\t\t<a href=\"https:\/\/teo.com.br\/noticias\" title=\"Home\">Home<\/a>\n\t\t<\/span><span class=\"aioseo-breadcrumb-separator\">&raquo;<\/span><span class=\"aioseo-breadcrumb\">\n\t\t\t<a href=\"https:\/\/teo.com.br\/noticias\/categoria\/adwords\/\" title=\"Adwords\">Adwords<\/a>\n\t\t<\/span><span class=\"aioseo-breadcrumb-separator\">&raquo;<\/span><span class=\"aioseo-breadcrumb\">\n\t\t\tMercadolivre agora em Osasco? Mercadolivre muda-se para a cidade de Osasco!\n\t\t<\/span><\/div>","aioseo_breadcrumb_json":[{"label":"Home","link":"https:\/\/teo.com.br\/noticias"},{"label":"Adwords","link":"https:\/\/teo.com.br\/noticias\/categoria\/adwords\/"},{"label":"Mercadolivre agora em Osasco? Mercadolivre muda-se para a cidade de Osasco!","link":"https:\/\/teo.com.br\/noticias\/2016\/07\/30\/mercadolivre-lider-ecommerce-osasco\/"}],"_links":{"self":[{"href":"https:\/\/teo.com.br\/noticias\/wp-json\/wp\/v2\/posts\/3503","targetHints":{"allow":["GET"]}}],"collection":[{"href":"https:\/\/teo.com.br\/noticias\/wp-json\/wp\/v2\/posts"}],"about":[{"href":"https:\/\/teo.com.br\/noticias\/wp-json\/wp\/v2\/types\/post"}],"author":[{"embeddable":true,"href":"https:\/\/teo.com.br\/noticias\/wp-json\/wp\/v2\/users\/1"}],"replies":[{"embeddable":true,"href":"https:\/\/teo.com.br\/noticias\/wp-json\/wp\/v2\/comments?post=3503"}],"version-history":[{"count":0,"href":"https:\/\/teo.com.br\/noticias\/wp-json\/wp\/v2\/posts\/3503\/revisions"}],"wp:attachment":[{"href":"https:\/\/teo.com.br\/noticias\/wp-json\/wp\/v2\/media?parent=3503"}],"wp:term":[{"taxonomy":"category","embeddable":true,"href":"https:\/\/teo.com.br\/noticias\/wp-json\/wp\/v2\/categories?post=3503"},{"taxonomy":"post_tag","embeddable":true,"href":"https:\/\/teo.com.br\/noticias\/wp-json\/wp\/v2\/tags?post=3503"}],"curies":[{"name":"wp","href":"https:\/\/api.w.org\/{rel}","templated":true}]}}