{"id":4372,"date":"2017-06-05T14:17:37","date_gmt":"2017-06-05T17:17:37","guid":{"rendered":"http:\/\/www.teo.com.br\/?p=4372"},"modified":"2017-06-05T14:17:37","modified_gmt":"2017-06-05T17:17:37","slug":"o-que-e-madeira-de-demolicao-comercializada-aqui-no-brasil","status":"publish","type":"post","link":"https:\/\/teo.com.br\/noticias\/2017\/06\/05\/o-que-e-madeira-de-demolicao-comercializada-aqui-no-brasil\/","title":{"rendered":"O que \u00e9 Madeira de Demoli\u00e7\u00e3o comercializada aqui no Brasil?"},"content":{"rendered":"<p>A busca incessante por informa\u00e7\u00f5es de Madeira de Demoli\u00e7\u00e3o continua&#8230;.<\/p>\n<p>No post anterior:\u00a0<strong><a class=\"row-title\" href=\"http:\/\/www.teo.com.br\/2017\/06\/05\/como-e-fabricado-um-movel-em-madeira-de-demolicao-aqui-no-brasil\/\">Como \u00e9 Fabricado um M\u00f3vel em Madeira de Demoli\u00e7\u00e3o aqui no Brasil<\/a>\u00a0<\/strong>falei um pouco&#8230;<\/p>\n<p>J\u00e1 aprendi bastante coisas em minhas pesquisas&#8230;.<\/p>\n<p>Quando for construir, reformar ou decorar qualquer ambiente, opte por madeiras com certificado de proced\u00eancia ou vindas de demoli\u00e7\u00f5es. Assim voc\u00ea evita o com\u00e9rcio ilegal de madeira, ajuda a proteger as florestas e garante uma constru\u00e7\u00e3o bonita e sustent\u00e1vel.<\/p>\n<p><strong>Madeira de demoli\u00e7\u00e3o<\/strong> \u00e9 uma forma nobre de express\u00e3o na realiza\u00e7\u00e3o de um projeto arquitet\u00f4nico, desde o mais simples at\u00e9 o mais sofisticado, pois seu objetivo de trabalhar o contraste entre o antigo e o moderno \u00e9 real\u00e7ado, resultando em bel\u00edssimos trabalhos, com eleg\u00e2ncia e responsabilidade ecol\u00f3gica.<\/p>\n<p>Por conta de sua solidez, durabilidade e textura, a madeira est\u00e1 presente na decora\u00e7\u00e3o de muitas casas e escrit\u00f3rios. Al\u00e9m disso, praticamente tudo pode ser constru\u00eddo com ela, como sof\u00e1s, estantes, mesas, etc.<\/p>\n<p>Questionar a proced\u00eancia e pedir documentos (fotos e atestados da demolidora, entre outros) tamb\u00e9m ajudam. \u201cVale ainda confirmar se a marca permite ao cliente acompanhar algumas etapas de transforma\u00e7\u00e3o do material\u201d, completa S\u00e9rgio.<\/p>\n<p>O Brasil \u00e9 um pa\u00eds reconhecido pela qualidade de seu trabalho em pe\u00e7as e design de ambientes utilizando madeira de demoli\u00e7\u00e3o, exportando sua m\u00e3o de obra e seus produtos para variados mercados do mundo, como Estados Unidos, Europa, \u00c1sia e Am\u00e9rica Latina, pois como em muitos outros setores, nosso pa\u00eds \u00e9 melhor visto e apreciado por mercados de fora, do que pelo seu pr\u00f3prio povo com uma gigantesca capacidade de absorver a produ\u00e7\u00e3o nacional.<\/p>\n<p>Diante de toda essa transforma\u00e7\u00e3o de valores ligados a produtos ecologicamente corretos, podemos acompanhar o crescimento absurdo da demanda por produtos deste tipo, sendo a madeira de demoli\u00e7\u00e3o um dos itens com forte destaque, por aliar um estilo nobre, ecologicamente correto, e que ap\u00f3s o trabalho de m\u00e3os talentosas espalhadas pelo Brasil, vem a se transformar em variadas obras de arte.<\/p>\n<p><em>Quanto tempo em m\u00e9dia dura a madeira de demoli\u00e7\u00e3o?<\/em><\/p>\n<p>\u201c\u00c9 dif\u00edcil dizer porque s\u00e3o pe\u00e7as de excelente qualidade e naturalmente longevas \u2013 desde que n\u00e3o sofram condi\u00e7\u00f5es extremas, como a exposi\u00e7\u00e3o ao fogo ou a um regime de molha e seca\u201d, avalia Marcio Nahuz. A idade avan\u00e7ada traz ainda outra vantagem, al\u00e9m da beleza de veios e ranhuras. \u201cElas trabalham menos do que os exemplares novos depois de instalados, reduzindo problemas como rachaduras\u201d, garante.<\/p>\n<p>Cuidados simples garantem a longevidade do m\u00f3vel. Caso fique exposto ao sol e a chuva, deve-se passar verniz para proteg\u00ea-lo. Se ele fica em ambientes internos, especialistas recomendam polir com uma l\u00e3 de a\u00e7o seca e passar uma camada de cera de carna\u00faba para resgatar o brilho.<\/p>\n<p>Links sobre o assunto:<\/p>\n<article class=\"result-item\">\n<h1><a style=\"margin: 0px; padding: 0px; border: 0px; font-style: inherit; font-variant: inherit; font-weight: inherit; font-stretch: inherit; font-size: inherit; line-height: inherit; font-family: inherit; vertical-align: baseline; text-decoration: none; color: #1a0dab;\" title=\"Sobre a &lt;b&gt;Madeira de Demoli\u00e7\u00e3o&lt;\/b&gt; - Peroba Rosa, Dormentes e Cruzetas\" href=\"http:\/\/madeiradedemolicao.com\/sobre-madeira-de-demolicao.html\" rel=\"nofollow\">Sobre a <b>Madeira de Demoli\u00e7\u00e3o<\/b> &#8211; Peroba Rosa, Dormentes e Cruzetas<\/a><\/h1>\n<div class=\"url\">http:\/\/madeiradedemolicao.com\/sobre-madeira-de-demolicao.html<\/div>\n<div class=\"description\"><b>Madeira de demoli\u00e7\u00e3o<\/b> \u00e9 uma forma nobre de express\u00e3o na realiza\u00e7\u00e3o de um projeto arquitet\u00f4nico, desde o mais simples at\u00e9 o mais sofisticado, pois seu\u00a0&#8230;<\/div>\n<\/article>\n<article class=\"result-item\">\n<h1><a style=\"margin: 0px; padding: 0px; border: 0px; font-style: inherit; font-variant: inherit; font-weight: inherit; font-stretch: inherit; font-size: inherit; line-height: inherit; font-family: inherit; vertical-align: baseline; text-decoration: none; color: #1a0dab;\" title=\"&lt;b&gt;Madeira de Demoli\u00e7\u00e3o&lt;\/b&gt; - M\u00f3veis R\u00fasticos, Decora\u00e7\u00e3o e ...\" href=\"http:\/\/madeiradedemolicao.com\/\" rel=\"nofollow\"><b>Madeira de Demoli\u00e7\u00e3o<\/b> &#8211; M\u00f3veis R\u00fasticos, Decora\u00e7\u00e3o e &#8230;<\/a><\/h1>\n<div class=\"url\">http:\/\/madeiradedemolicao.com\/<\/div>\n<div class=\"description\">M\u00f3veis R\u00fasticos, Decora\u00e7\u00e3o e Com\u00e9rcio de <b>Madeira de Demoli\u00e7\u00e3o<\/b> em S\u00e3o Paulo. Lotes de Madeira &#8211; atacado e varejo &#8211; Dormentes de Madeira; Cruzetas de\u00a0&#8230;<\/div>\n<\/article>\n<article class=\"result-item\">\n<h1><a style=\"margin: 0px; padding: 0px; border: 0px; font-style: inherit; font-variant: inherit; font-weight: inherit; font-stretch: inherit; font-size: inherit; line-height: inherit; font-family: inherit; vertical-align: baseline; text-decoration: none; color: #1a0dab;\" title=\"&lt;b&gt;O que \u00e9 madeira de demoli\u00e7\u00e3o&lt;\/b&gt; e qual a sua rela\u00e7\u00e3o com a ...\" href=\"http:\/\/www.pensamentoverde.com.br\/sustentabilidade\/madeira-demolicao-relacao-sustentabilidade\/\" rel=\"nofollow\"><b>O que \u00e9 madeira de demoli\u00e7\u00e3o<\/b> e qual a sua rela\u00e7\u00e3o com a &#8230;<\/a><\/h1>\n<div class=\"url\">http:\/\/www.pensamentoverde.com.br\/sustentabilidade\/madeira-demolicao-relacao-sustentabilidade\/<\/div>\n<div class=\"description\">24 dez. 2013 <b>&#8230;<\/b> <b>O que \u00e9 madeira de demoli\u00e7\u00e3o<\/b> e qual a sua rela\u00e7\u00e3o com a sustentabilidade?. Acesse o Pensamento Verde e fique por dentro de tudo sobre\u00a0&#8230;<\/div>\n<\/article>\n<article class=\"result-item\">\n<h1><a style=\"margin: 0px; padding: 0px; border: 0px; font-style: inherit; font-variant: inherit; font-weight: inherit; font-stretch: inherit; font-size: inherit; line-height: inherit; font-family: inherit; vertical-align: baseline; text-decoration: none; color: #1a0dab;\" title=\"&lt;b&gt;O que \u00e9 madeira de demoli\u00e7\u00e3o&lt;\/b&gt; - Vix\" href=\"http:\/\/www.vix.com\/pt\/bdm\/lar\/260\/o-que-e-madeira-de-demolicao\" rel=\"nofollow\"><b>O que \u00e9 madeira de demoli\u00e7\u00e3o<\/b> &#8211; Vix<\/a><\/h1>\n<div class=\"url\">http:\/\/www.vix.com\/pt\/bdm\/lar\/260\/o-que-e-madeira-de-demolicao<\/div>\n<div class=\"description\">As pe\u00e7as feitas com <b>madeira de demoli\u00e7\u00e3o<\/b> parecem ter ficado expostas ao sol, chuva e vento durante um longo per\u00edodo de tempo e, na maioria dos casos, elas \u00a0&#8230;<\/div>\n<\/article>\n<article class=\"result-item\">\n<h1><a style=\"margin: 0px; padding: 0px; border: 0px; font-style: inherit; font-variant: inherit; font-weight: inherit; font-stretch: inherit; font-size: inherit; line-height: inherit; font-family: inherit; vertical-align: baseline; text-decoration: none; color: #1a0dab;\" title=\"&lt;b&gt;Madeira de demoli\u00e7\u00e3o&lt;\/b&gt;: como usar? De onde vem? Como manter ...\" href=\"http:\/\/casa.abril.com.br\/materiais-construcao\/madeira-de-demolicao-como-usar-de-onde-vem-como-manter\/\" rel=\"nofollow\"><b>Madeira de demoli\u00e7\u00e3o<\/b>: como usar? De onde vem? Como manter &#8230;<\/a><\/h1>\n<div class=\"url\">http:\/\/casa.abril.com.br\/materiais-construcao\/madeira-de-demolicao-como-usar-de-onde-vem-como-manter\/<\/div>\n<div class=\"description\">20 dez. 2016 <b>&#8230;<\/b> O sucesso da <b>madeira de demoli\u00e7\u00e3o<\/b> est\u00e1 na qualidade e no apelo ecol\u00f3gico do re\u00faso. Se ainda restam d\u00favidas sobre o material, confira as\u00a0&#8230;<\/div>\n<\/article>\n<article class=\"result-item\">\n<h1><a style=\"margin: 0px; padding: 0px; border: 0px; font-style: inherit; font-variant: inherit; font-weight: inherit; font-stretch: inherit; font-size: inherit; line-height: inherit; font-family: inherit; vertical-align: baseline; text-decoration: none; color: #1a0dab;\" title=\"Sobre a &lt;b&gt;Madeira de Demoli\u00e7\u00e3o&lt;\/b&gt; - De onde vem a Peroba Rosa de ...\" href=\"https:\/\/www.youtube.com\/watch?v=-LExGVE9T7E\" rel=\"nofollow\">Sobre a <b>Madeira de Demoli\u00e7\u00e3o<\/b> &#8211; De onde vem a Peroba Rosa de &#8230;<\/a><\/h1>\n<div class=\"url\">https:\/\/www.youtube.com\/watch?v=-LExGVE9T7E<\/div>\n<div class=\"description\">28 jun. 2013 <b>&#8230;<\/b> A <b>madeira de demoli\u00e7\u00e3o<\/b> mais comercializada atualmente \u00e9 a peroba rosa de demoli\u00e7\u00e3o, uma mat\u00e9ria-prima proveniente da regi\u00e3o sul do pa\u00eds,\u00a0&#8230;<\/div>\n<\/article>\n<article class=\"result-item\">\n<h1><a style=\"margin: 0px; padding: 0px; border: 0px; font-style: inherit; font-variant: inherit; font-weight: inherit; font-stretch: inherit; font-size: inherit; line-height: inherit; font-family: inherit; vertical-align: baseline; text-decoration: none; color: #1a0dab;\" title=\"Tratamento da Madeira Bruta - &lt;b&gt;Madeira de Demoli\u00e7\u00e3o&lt;\/b&gt; - YouTube\" href=\"https:\/\/www.youtube.com\/watch?v=oOawjH3ZFrM\" rel=\"nofollow\">Tratamento da Madeira Bruta &#8211; <b>Madeira de Demoli\u00e7\u00e3o<\/b> &#8211; YouTube<\/a><\/h1>\n<div class=\"url\">https:\/\/www.youtube.com\/watch?v=oOawjH3ZFrM<\/div>\n<div class=\"description\">10 jun. 2013 <b>&#8230;<\/b> Processo de beneficiamento da madeira bruta &#8211; <b>madeira de demoli\u00e7\u00e3o<\/b>. Veja mais em www.madeiradedemolicao.com.<\/div>\n<\/article>\n<article class=\"result-item\">\n<h1><a style=\"margin: 0px; padding: 0px; border: 0px; font-style: inherit; font-variant: inherit; font-weight: inherit; font-stretch: inherit; font-size: inherit; line-height: inherit; font-family: inherit; vertical-align: baseline; text-decoration: none; color: #1a0dab;\" title=\"Produ\u00e7\u00e3o da &lt;b&gt;Madeira de Demoli\u00e7\u00e3o&lt;\/b&gt; - M\u00f3veis R\u00fasticos - YouTube\" href=\"https:\/\/www.youtube.com\/watch?v=KhO7rHI01ew\" rel=\"nofollow\">Produ\u00e7\u00e3o da <b>Madeira de Demoli\u00e7\u00e3o<\/b> &#8211; M\u00f3veis R\u00fasticos &#8211; YouTube<\/a><\/h1>\n<div class=\"url\">https:\/\/www.youtube.com\/watch?v=KhO7rHI01ew<\/div>\n<div class=\"description\">18 jun. 2014 <b>&#8230;<\/b> Link do v\u00eddeo: http:\/\/youtu.be\/KhO7rHI01ew Quer saber mais sobre a <b>madeira de<\/b> <b>demoli\u00e7\u00e3o<\/b>? A gente explica! A nossa madeira \u00e9\u00a0&#8230;<\/div>\n<\/article>\n<article class=\"result-item\">\n<h1><a style=\"margin: 0px; padding: 0px; border: 0px; font-style: inherit; font-variant: inherit; font-weight: inherit; font-stretch: inherit; font-size: inherit; line-height: inherit; font-family: inherit; vertical-align: baseline; text-decoration: none; color: #1a0dab;\" title=\"&lt;b&gt;Madeira de demoli\u00e7\u00e3o&lt;\/b&gt; - Casa e Jardim | Galeria de fotos\" href=\"http:\/\/revistacasaejardim.globo.com\/Casa-e-Jardim\/Galeria-de-fotos\/fotos\/2013\/09\/madeira-de-demolicao.html\" rel=\"nofollow\"><b>Madeira de demoli\u00e7\u00e3o<\/b> &#8211; Casa e Jardim | Galeria de fotos<\/a><\/h1>\n<div class=\"url\">http:\/\/revistacasaejardim.globo.com\/Casa-e-Jardim\/Galeria-de-fotos\/fotos\/2013\/09\/madeira-de-demolicao.html<\/div>\n<div class=\"description\">Carregada de hist\u00f3ria, a <b>madeira de demoli\u00e7\u00e3o<\/b> \u00e9 retirada de antigas constru\u00e7\u00f5es e transformada em pisos, pain\u00e9is e at\u00e9 m\u00f3veis. Al\u00e9m de sustent\u00e1vel, ela tem\u00a0&#8230;<\/div>\n<\/article>\n<article class=\"result-item\">\n<h1><a style=\"margin: 0px; padding: 0px; border: 0px; font-style: inherit; font-variant: inherit; font-weight: inherit; font-stretch: inherit; font-size: inherit; line-height: inherit; font-family: inherit; vertical-align: baseline; text-decoration: none; color: #1a0dab;\" title=\"Portal Brasil Engenharia | &lt;b&gt;Madeira de demoli\u00e7\u00e3o&lt;\/b&gt; \u00e9 tend\u00eancia na ...\" href=\"http:\/\/www.brasilengenharia.com\/portal\/construcao\/532-madeira-de-demolicao-e-tendencia-na-construcao\" rel=\"nofollow\">Portal Brasil Engenharia | <b>Madeira de demoli\u00e7\u00e3o<\/b> \u00e9 tend\u00eancia na &#8230;<\/a><\/h1>\n<div class=\"url\">http:\/\/www.brasilengenharia.com\/portal\/construcao\/532-madeira-de-demolicao-e-tendencia-na-construcao<\/div>\n<div class=\"description\">27 mar. 2012 <b>&#8230;<\/b> 27\/03\/2012 &#8211; <b>Madeira de demoli\u00e7\u00e3o<\/b> \u00e9 tend\u00eancia na Constru\u00e7\u00e3oArquitetos e decoradores cada vez mais optam pelo material que se tornou\u00a0&#8230;<\/div>\n<\/article>\n","protected":false},"excerpt":{"rendered":"<p>A busca incessante por informa\u00e7\u00f5es de Madeira de Demoli\u00e7\u00e3o continua&#8230;. No post anterior:\u00a0Como \u00e9 Fabricado um M\u00f3vel em Madeira de Demoli\u00e7\u00e3o aqui no Brasil\u00a0falei um pouco&#8230; J\u00e1 aprendi bastante coisas&hellip;<\/p>\n","protected":false},"author":1,"featured_media":0,"comment_status":"open","ping_status":"closed","sticky":false,"template":"","format":"standard","meta":{"footnotes":""},"categories":[4],"tags":[228,229,230],"class_list":["post-4372","post","type-post","status-publish","format-standard","hentry","category-teo-costa-consultor","tag-demolicao","tag-madeira","tag-movel"],"aioseo_notices":[],"aioseo_head":"\n\t\t<!-- All in One SEO 5.0.0.1 - aioseo.com -->\n\t<meta name=\"description\" content=\"A busca incessante por informa\u00e7\u00f5es de Madeira de Demoli\u00e7\u00e3o continua.... No post anterior: Como \u00e9 Fabricado um M\u00f3vel em Madeira de Demoli\u00e7\u00e3o aqui no Brasil falei um pouco... J\u00e1 aprendi bastante coisas em minhas pesquisas.... Quando for construir, reformar ou decorar qualquer ambiente, opte por madeiras com certificado de proced\u00eancia ou vindas de demoli\u00e7\u00f5es. Assim voc\u00ea evita\" \/>\n\t<meta name=\"robots\" content=\"max-image-preview:large\" \/>\n\t<meta name=\"author\" content=\"teocosta\"\/>\n\t<link rel=\"canonical\" href=\"https:\/\/teo.com.br\/noticias\/2017\/06\/05\/o-que-e-madeira-de-demolicao-comercializada-aqui-no-brasil\/\" \/>\n\t<meta name=\"generator\" content=\"All in One SEO (AIOSEO) 5.0.0.1\" \/>\n\t\t<meta property=\"og:locale\" content=\"pt_BR\" \/>\n\t\t<meta property=\"og:site_name\" content=\"Teo - Head TI - DPO\" \/>\n\t\t<meta property=\"og:type\" content=\"article\" \/>\n\t\t<meta property=\"og:title\" content=\"O que \u00e9 Madeira de Demoli\u00e7\u00e3o comercializada aqui no Brasil? - Teo\" \/>\n\t\t<meta property=\"og:description\" content=\"A busca incessante por informa\u00e7\u00f5es de Madeira de Demoli\u00e7\u00e3o continua.... No post anterior: Como \u00e9 Fabricado um M\u00f3vel em Madeira de Demoli\u00e7\u00e3o aqui no Brasil falei um pouco... J\u00e1 aprendi bastante coisas em minhas pesquisas.... Quando for construir, reformar ou decorar qualquer ambiente, opte por madeiras com certificado de proced\u00eancia ou vindas de demoli\u00e7\u00f5es. Assim voc\u00ea evita\" \/>\n\t\t<meta property=\"og:url\" content=\"https:\/\/teo.com.br\/noticias\/2017\/06\/05\/o-que-e-madeira-de-demolicao-comercializada-aqui-no-brasil\/\" \/>\n\t\t<meta property=\"og:image\" content=\"https:\/\/teo.com.br\/wp-content\/uploads\/2024\/03\/cropped-teo.jpg\" \/>\n\t\t<meta property=\"og:image:secure_url\" content=\"https:\/\/teo.com.br\/wp-content\/uploads\/2024\/03\/cropped-teo.jpg\" \/>\n\t\t<meta property=\"article:published_time\" content=\"2017-06-05T17:17:37+00:00\" \/>\n\t\t<meta property=\"article:modified_time\" content=\"2017-06-05T17:17:37+00:00\" \/>\n\t\t<meta name=\"twitter:card\" content=\"summary_large_image\" \/>\n\t\t<meta name=\"twitter:title\" content=\"O que \u00e9 Madeira de Demoli\u00e7\u00e3o comercializada aqui no Brasil? - Teo\" \/>\n\t\t<meta name=\"twitter:description\" content=\"A busca incessante por informa\u00e7\u00f5es de Madeira de Demoli\u00e7\u00e3o continua.... No post anterior: Como \u00e9 Fabricado um M\u00f3vel em Madeira de Demoli\u00e7\u00e3o aqui no Brasil falei um pouco... J\u00e1 aprendi bastante coisas em minhas pesquisas.... Quando for construir, reformar ou decorar qualquer ambiente, opte por madeiras com certificado de proced\u00eancia ou vindas de demoli\u00e7\u00f5es. Assim voc\u00ea evita\" \/>\n\t\t<meta name=\"twitter:image\" content=\"https:\/\/teo.com.br\/wp-content\/uploads\/2024\/03\/cropped-teo.jpg\" \/>\n\t\t<script type=\"application\/ld+json\" class=\"aioseo-schema\">\n\t\t\t{\"@context\":\"https:\\\/\\\/schema.org\",\"@graph\":[{\"@type\":\"BlogPosting\",\"@id\":\"https:\\\/\\\/teo.com.br\\\/noticias\\\/2017\\\/06\\\/05\\\/o-que-e-madeira-de-demolicao-comercializada-aqui-no-brasil\\\/#blogposting\",\"name\":\"O que \\u00e9 Madeira de Demoli\\u00e7\\u00e3o comercializada aqui no Brasil? - Teo\",\"headline\":\"O que \\u00e9 Madeira de Demoli\\u00e7\\u00e3o comercializada aqui no Brasil?\",\"author\":{\"@id\":\"https:\\\/\\\/teo.com.br\\\/noticias\\\/author\\\/temcosta\\\/#author\"},\"publisher\":{\"@id\":\"https:\\\/\\\/teo.com.br\\\/noticias\\\/#organization\"},\"datePublished\":\"2017-06-05T14:17:37-03:00\",\"dateModified\":\"2017-06-05T14:17:37-03:00\",\"inLanguage\":\"pt-BR\",\"mainEntityOfPage\":{\"@id\":\"https:\\\/\\\/teo.com.br\\\/noticias\\\/2017\\\/06\\\/05\\\/o-que-e-madeira-de-demolicao-comercializada-aqui-no-brasil\\\/#webpage\"},\"isPartOf\":{\"@id\":\"https:\\\/\\\/teo.com.br\\\/noticias\\\/2017\\\/06\\\/05\\\/o-que-e-madeira-de-demolicao-comercializada-aqui-no-brasil\\\/#webpage\"},\"articleSection\":\"Teo Costa Consultor, demoli\\u00e7\\u00e3o, madeira, movel\"},{\"@type\":\"BreadcrumbList\",\"@id\":\"https:\\\/\\\/teo.com.br\\\/noticias\\\/2017\\\/06\\\/05\\\/o-que-e-madeira-de-demolicao-comercializada-aqui-no-brasil\\\/#breadcrumblist\",\"itemListElement\":[{\"@type\":\"ListItem\",\"@id\":\"https:\\\/\\\/teo.com.br\\\/noticias#listItem\",\"position\":1,\"name\":\"Home\",\"item\":\"https:\\\/\\\/teo.com.br\\\/noticias\",\"nextItem\":{\"@type\":\"ListItem\",\"@id\":\"https:\\\/\\\/teo.com.br\\\/noticias\\\/categoria\\\/teo-costa-consultor\\\/#listItem\",\"name\":\"Teo Costa Consultor\"}},{\"@type\":\"ListItem\",\"@id\":\"https:\\\/\\\/teo.com.br\\\/noticias\\\/categoria\\\/teo-costa-consultor\\\/#listItem\",\"position\":2,\"name\":\"Teo Costa Consultor\",\"item\":\"https:\\\/\\\/teo.com.br\\\/noticias\\\/categoria\\\/teo-costa-consultor\\\/\",\"nextItem\":{\"@type\":\"ListItem\",\"@id\":\"https:\\\/\\\/teo.com.br\\\/noticias\\\/2017\\\/06\\\/05\\\/o-que-e-madeira-de-demolicao-comercializada-aqui-no-brasil\\\/#listItem\",\"name\":\"O que \\u00e9 Madeira de Demoli\\u00e7\\u00e3o comercializada aqui no Brasil?\"},\"previousItem\":{\"@type\":\"ListItem\",\"@id\":\"https:\\\/\\\/teo.com.br\\\/noticias#listItem\",\"name\":\"Home\"}},{\"@type\":\"ListItem\",\"@id\":\"https:\\\/\\\/teo.com.br\\\/noticias\\\/2017\\\/06\\\/05\\\/o-que-e-madeira-de-demolicao-comercializada-aqui-no-brasil\\\/#listItem\",\"position\":3,\"name\":\"O que \\u00e9 Madeira de Demoli\\u00e7\\u00e3o comercializada aqui no Brasil?\",\"previousItem\":{\"@type\":\"ListItem\",\"@id\":\"https:\\\/\\\/teo.com.br\\\/noticias\\\/categoria\\\/teo-costa-consultor\\\/#listItem\",\"name\":\"Teo Costa Consultor\"}}]},{\"@type\":\"Organization\",\"@id\":\"https:\\\/\\\/teo.com.br\\\/noticias\\\/#organization\",\"name\":\"Teo Costa - Tecnologia e Solu\\u00e7\\u00f5es Corporativas em Seguran\\u00e7a Contra Inc\\u00eandio Pesquisa de Satisfa\\u00e7\\u00e3o\",\"description\":\"Head TI - DPO\",\"url\":\"https:\\\/\\\/teo.com.br\\\/noticias\\\/\"},{\"@type\":\"Person\",\"@id\":\"https:\\\/\\\/teo.com.br\\\/noticias\\\/author\\\/temcosta\\\/#author\",\"url\":\"https:\\\/\\\/teo.com.br\\\/noticias\\\/author\\\/temcosta\\\/\",\"name\":\"teocosta\",\"image\":{\"@type\":\"ImageObject\",\"@id\":\"https:\\\/\\\/teo.com.br\\\/noticias\\\/2017\\\/06\\\/05\\\/o-que-e-madeira-de-demolicao-comercializada-aqui-no-brasil\\\/#authorImage\",\"url\":\"https:\\\/\\\/secure.gravatar.com\\\/avatar\\\/9eaa33a8942fc7cb0be99e3b8f5a8f798b4647876bd8c39ebfc4b1f5753beac2?s=96&d=mm&r=g\",\"width\":96,\"height\":96,\"caption\":\"teocosta\"}},{\"@type\":\"WebPage\",\"@id\":\"https:\\\/\\\/teo.com.br\\\/noticias\\\/2017\\\/06\\\/05\\\/o-que-e-madeira-de-demolicao-comercializada-aqui-no-brasil\\\/#webpage\",\"url\":\"https:\\\/\\\/teo.com.br\\\/noticias\\\/2017\\\/06\\\/05\\\/o-que-e-madeira-de-demolicao-comercializada-aqui-no-brasil\\\/\",\"name\":\"O que \\u00e9 Madeira de Demoli\\u00e7\\u00e3o comercializada aqui no Brasil? - Teo\",\"description\":\"A busca incessante por informa\\u00e7\\u00f5es de Madeira de Demoli\\u00e7\\u00e3o continua.... No post anterior: Como \\u00e9 Fabricado um M\\u00f3vel em Madeira de Demoli\\u00e7\\u00e3o aqui no Brasil falei um pouco... J\\u00e1 aprendi bastante coisas em minhas pesquisas.... Quando for construir, reformar ou decorar qualquer ambiente, opte por madeiras com certificado de proced\\u00eancia ou vindas de demoli\\u00e7\\u00f5es. Assim voc\\u00ea evita\",\"inLanguage\":\"pt-BR\",\"isPartOf\":{\"@id\":\"https:\\\/\\\/teo.com.br\\\/noticias\\\/#website\"},\"breadcrumb\":{\"@id\":\"https:\\\/\\\/teo.com.br\\\/noticias\\\/2017\\\/06\\\/05\\\/o-que-e-madeira-de-demolicao-comercializada-aqui-no-brasil\\\/#breadcrumblist\"},\"author\":{\"@id\":\"https:\\\/\\\/teo.com.br\\\/noticias\\\/author\\\/temcosta\\\/#author\"},\"creator\":{\"@id\":\"https:\\\/\\\/teo.com.br\\\/noticias\\\/author\\\/temcosta\\\/#author\"},\"datePublished\":\"2017-06-05T14:17:37-03:00\",\"dateModified\":\"2017-06-05T14:17:37-03:00\"},{\"@type\":\"WebSite\",\"@id\":\"https:\\\/\\\/teo.com.br\\\/noticias\\\/#website\",\"url\":\"https:\\\/\\\/teo.com.br\\\/noticias\\\/\",\"name\":\"Teo Costa - Tecnologia e Solu\\u00e7\\u00f5es Corporativas em Seguran\\u00e7a Contra Inc\\u00eandio Pesquisa de Satisfa\\u00e7\\u00e3o\",\"description\":\"Head TI - DPO\",\"inLanguage\":\"pt-BR\",\"publisher\":{\"@id\":\"https:\\\/\\\/teo.com.br\\\/noticias\\\/#organization\"}}]}\n\t\t<\/script>\n\t\t<!-- All in One SEO -->\n\n","aioseo_head_json":{"title":"O que \u00e9 Madeira de Demoli\u00e7\u00e3o comercializada aqui no Brasil? - Teo","description":"A busca incessante por informa\u00e7\u00f5es de Madeira de Demoli\u00e7\u00e3o continua.... No post anterior: Como \u00e9 Fabricado um M\u00f3vel em Madeira de Demoli\u00e7\u00e3o aqui no Brasil falei um pouco... J\u00e1 aprendi bastante coisas em minhas pesquisas.... Quando for construir, reformar ou decorar qualquer ambiente, opte por madeiras com certificado de proced\u00eancia ou vindas de demoli\u00e7\u00f5es. Assim voc\u00ea evita","canonical_url":"https:\/\/teo.com.br\/noticias\/2017\/06\/05\/o-que-e-madeira-de-demolicao-comercializada-aqui-no-brasil\/","robots":"max-image-preview:large","keywords":"","webmasterTools":{"miscellaneous":""},"schema":{"@context":"https:\/\/schema.org","@graph":[{"@type":"BlogPosting","@id":"https:\/\/teo.com.br\/noticias\/2017\/06\/05\/o-que-e-madeira-de-demolicao-comercializada-aqui-no-brasil\/#blogposting","name":"O que \u00e9 Madeira de Demoli\u00e7\u00e3o comercializada aqui no Brasil? - Teo","headline":"O que \u00e9 Madeira de Demoli\u00e7\u00e3o comercializada aqui no Brasil?","author":{"@id":"https:\/\/teo.com.br\/noticias\/author\/temcosta\/#author"},"publisher":{"@id":"https:\/\/teo.com.br\/noticias\/#organization"},"datePublished":"2017-06-05T14:17:37-03:00","dateModified":"2017-06-05T14:17:37-03:00","inLanguage":"pt-BR","mainEntityOfPage":{"@id":"https:\/\/teo.com.br\/noticias\/2017\/06\/05\/o-que-e-madeira-de-demolicao-comercializada-aqui-no-brasil\/#webpage"},"isPartOf":{"@id":"https:\/\/teo.com.br\/noticias\/2017\/06\/05\/o-que-e-madeira-de-demolicao-comercializada-aqui-no-brasil\/#webpage"},"articleSection":"Teo Costa Consultor, demoli\u00e7\u00e3o, madeira, movel"},{"@type":"BreadcrumbList","@id":"https:\/\/teo.com.br\/noticias\/2017\/06\/05\/o-que-e-madeira-de-demolicao-comercializada-aqui-no-brasil\/#breadcrumblist","itemListElement":[{"@type":"ListItem","@id":"https:\/\/teo.com.br\/noticias#listItem","position":1,"name":"Home","item":"https:\/\/teo.com.br\/noticias","nextItem":{"@type":"ListItem","@id":"https:\/\/teo.com.br\/noticias\/categoria\/teo-costa-consultor\/#listItem","name":"Teo Costa Consultor"}},{"@type":"ListItem","@id":"https:\/\/teo.com.br\/noticias\/categoria\/teo-costa-consultor\/#listItem","position":2,"name":"Teo Costa Consultor","item":"https:\/\/teo.com.br\/noticias\/categoria\/teo-costa-consultor\/","nextItem":{"@type":"ListItem","@id":"https:\/\/teo.com.br\/noticias\/2017\/06\/05\/o-que-e-madeira-de-demolicao-comercializada-aqui-no-brasil\/#listItem","name":"O que \u00e9 Madeira de Demoli\u00e7\u00e3o comercializada aqui no Brasil?"},"previousItem":{"@type":"ListItem","@id":"https:\/\/teo.com.br\/noticias#listItem","name":"Home"}},{"@type":"ListItem","@id":"https:\/\/teo.com.br\/noticias\/2017\/06\/05\/o-que-e-madeira-de-demolicao-comercializada-aqui-no-brasil\/#listItem","position":3,"name":"O que \u00e9 Madeira de Demoli\u00e7\u00e3o comercializada aqui no Brasil?","previousItem":{"@type":"ListItem","@id":"https:\/\/teo.com.br\/noticias\/categoria\/teo-costa-consultor\/#listItem","name":"Teo Costa Consultor"}}]},{"@type":"Organization","@id":"https:\/\/teo.com.br\/noticias\/#organization","name":"Teo Costa - Tecnologia e Solu\u00e7\u00f5es Corporativas em Seguran\u00e7a Contra Inc\u00eandio Pesquisa de Satisfa\u00e7\u00e3o","description":"Head TI - DPO","url":"https:\/\/teo.com.br\/noticias\/"},{"@type":"Person","@id":"https:\/\/teo.com.br\/noticias\/author\/temcosta\/#author","url":"https:\/\/teo.com.br\/noticias\/author\/temcosta\/","name":"teocosta","image":{"@type":"ImageObject","@id":"https:\/\/teo.com.br\/noticias\/2017\/06\/05\/o-que-e-madeira-de-demolicao-comercializada-aqui-no-brasil\/#authorImage","url":"https:\/\/secure.gravatar.com\/avatar\/9eaa33a8942fc7cb0be99e3b8f5a8f798b4647876bd8c39ebfc4b1f5753beac2?s=96&d=mm&r=g","width":96,"height":96,"caption":"teocosta"}},{"@type":"WebPage","@id":"https:\/\/teo.com.br\/noticias\/2017\/06\/05\/o-que-e-madeira-de-demolicao-comercializada-aqui-no-brasil\/#webpage","url":"https:\/\/teo.com.br\/noticias\/2017\/06\/05\/o-que-e-madeira-de-demolicao-comercializada-aqui-no-brasil\/","name":"O que \u00e9 Madeira de Demoli\u00e7\u00e3o comercializada aqui no Brasil? - Teo","description":"A busca incessante por informa\u00e7\u00f5es de Madeira de Demoli\u00e7\u00e3o continua.... No post anterior: Como \u00e9 Fabricado um M\u00f3vel em Madeira de Demoli\u00e7\u00e3o aqui no Brasil falei um pouco... J\u00e1 aprendi bastante coisas em minhas pesquisas.... Quando for construir, reformar ou decorar qualquer ambiente, opte por madeiras com certificado de proced\u00eancia ou vindas de demoli\u00e7\u00f5es. Assim voc\u00ea evita","inLanguage":"pt-BR","isPartOf":{"@id":"https:\/\/teo.com.br\/noticias\/#website"},"breadcrumb":{"@id":"https:\/\/teo.com.br\/noticias\/2017\/06\/05\/o-que-e-madeira-de-demolicao-comercializada-aqui-no-brasil\/#breadcrumblist"},"author":{"@id":"https:\/\/teo.com.br\/noticias\/author\/temcosta\/#author"},"creator":{"@id":"https:\/\/teo.com.br\/noticias\/author\/temcosta\/#author"},"datePublished":"2017-06-05T14:17:37-03:00","dateModified":"2017-06-05T14:17:37-03:00"},{"@type":"WebSite","@id":"https:\/\/teo.com.br\/noticias\/#website","url":"https:\/\/teo.com.br\/noticias\/","name":"Teo Costa - Tecnologia e Solu\u00e7\u00f5es Corporativas em Seguran\u00e7a Contra Inc\u00eandio Pesquisa de Satisfa\u00e7\u00e3o","description":"Head TI - DPO","inLanguage":"pt-BR","publisher":{"@id":"https:\/\/teo.com.br\/noticias\/#organization"}}]},"og:locale":"pt_BR","og:site_name":"Teo - Head TI - DPO","og:type":"article","og:title":"O que \u00e9 Madeira de Demoli\u00e7\u00e3o comercializada aqui no Brasil? - Teo","og:description":"A busca incessante por informa\u00e7\u00f5es de Madeira de Demoli\u00e7\u00e3o continua.... No post anterior: Como \u00e9 Fabricado um M\u00f3vel em Madeira de Demoli\u00e7\u00e3o aqui no Brasil falei um pouco... J\u00e1 aprendi bastante coisas em minhas pesquisas.... Quando for construir, reformar ou decorar qualquer ambiente, opte por madeiras com certificado de proced\u00eancia ou vindas de demoli\u00e7\u00f5es. Assim voc\u00ea evita","og:url":"https:\/\/teo.com.br\/noticias\/2017\/06\/05\/o-que-e-madeira-de-demolicao-comercializada-aqui-no-brasil\/","og:image":"https:\/\/teo.com.br\/wp-content\/uploads\/2024\/03\/cropped-teo.jpg","og:image:secure_url":"https:\/\/teo.com.br\/wp-content\/uploads\/2024\/03\/cropped-teo.jpg","article:published_time":"2017-06-05T17:17:37+00:00","article:modified_time":"2017-06-05T17:17:37+00:00","twitter:card":"summary_large_image","twitter:title":"O que \u00e9 Madeira de Demoli\u00e7\u00e3o comercializada aqui no Brasil? - Teo","twitter:description":"A busca incessante por informa\u00e7\u00f5es de Madeira de Demoli\u00e7\u00e3o continua.... No post anterior: Como \u00e9 Fabricado um M\u00f3vel em Madeira de Demoli\u00e7\u00e3o aqui no Brasil falei um pouco... J\u00e1 aprendi bastante coisas em minhas pesquisas.... Quando for construir, reformar ou decorar qualquer ambiente, opte por madeiras com certificado de proced\u00eancia ou vindas de demoli\u00e7\u00f5es. Assim voc\u00ea evita","twitter:image":"https:\/\/teo.com.br\/wp-content\/uploads\/2024\/03\/cropped-teo.jpg"},"aioseo_meta_data":{"post_id":"4372","title":null,"description":null,"keywords":null,"keyphrases":null,"primary_term":null,"canonical_url":null,"og_title":null,"og_description":null,"og_object_type":"default","og_image_type":"default","og_image_url":null,"og_image_width":null,"og_image_height":null,"og_image_custom_url":null,"og_image_custom_fields":null,"og_video":null,"og_custom_url":null,"og_article_section":null,"og_article_tags":null,"twitter_use_og":false,"twitter_card":"default","twitter_image_type":"default","twitter_image_url":null,"twitter_image_custom_url":null,"twitter_image_custom_fields":null,"twitter_title":null,"twitter_description":null,"schema":{"blockGraphs":[],"customGraphs":[],"default":{"data":{"Article":[],"Course":[],"Dataset":[],"FAQPage":[],"Movie":[],"Person":[],"Product":[],"ProductReview":[],"Car":[],"Recipe":[],"Service":[],"SoftwareApplication":[],"WebPage":[]},"graphName":"","isEnabled":true},"graphs":[]},"schema_type":"default","schema_type_options":null,"pillar_content":false,"robots_default":true,"robots_noindex":false,"robots_noarchive":false,"robots_nosnippet":false,"robots_nofollow":false,"robots_noimageindex":false,"robots_noodp":false,"robots_notranslate":false,"robots_max_snippet":null,"robots_max_videopreview":null,"robots_max_imagepreview":"large","priority":null,"frequency":null,"local_seo":null,"breadcrumb_settings":null,"limit_modified_date":false,"ai":null,"created":"2024-04-08 22:10:29","updated":"2025-09-12 21:14:08","seo_analyzer_scan_date":null,"focus_keyword":null,"additional_keywords":null,"truseo_locale":null},"aioseo_breadcrumb":"<div class=\"aioseo-breadcrumbs\"><span class=\"aioseo-breadcrumb\">\n\t\t\t<a href=\"https:\/\/teo.com.br\/noticias\" title=\"Home\">Home<\/a>\n\t\t<\/span><span class=\"aioseo-breadcrumb-separator\">&raquo;<\/span><span class=\"aioseo-breadcrumb\">\n\t\t\t<a href=\"https:\/\/teo.com.br\/noticias\/categoria\/teo-costa-consultor\/\" title=\"Teo Costa Consultor\">Teo Costa Consultor<\/a>\n\t\t<\/span><span class=\"aioseo-breadcrumb-separator\">&raquo;<\/span><span class=\"aioseo-breadcrumb\">\n\t\t\tO que \u00e9 Madeira de Demoli\u00e7\u00e3o comercializada aqui no Brasil?\n\t\t<\/span><\/div>","aioseo_breadcrumb_json":[{"label":"Home","link":"https:\/\/teo.com.br\/noticias"},{"label":"Teo Costa Consultor","link":"https:\/\/teo.com.br\/noticias\/categoria\/teo-costa-consultor\/"},{"label":"O que \u00e9 Madeira de Demoli\u00e7\u00e3o comercializada aqui no Brasil?","link":"https:\/\/teo.com.br\/noticias\/2017\/06\/05\/o-que-e-madeira-de-demolicao-comercializada-aqui-no-brasil\/"}],"_links":{"self":[{"href":"https:\/\/teo.com.br\/noticias\/wp-json\/wp\/v2\/posts\/4372","targetHints":{"allow":["GET"]}}],"collection":[{"href":"https:\/\/teo.com.br\/noticias\/wp-json\/wp\/v2\/posts"}],"about":[{"href":"https:\/\/teo.com.br\/noticias\/wp-json\/wp\/v2\/types\/post"}],"author":[{"embeddable":true,"href":"https:\/\/teo.com.br\/noticias\/wp-json\/wp\/v2\/users\/1"}],"replies":[{"embeddable":true,"href":"https:\/\/teo.com.br\/noticias\/wp-json\/wp\/v2\/comments?post=4372"}],"version-history":[{"count":0,"href":"https:\/\/teo.com.br\/noticias\/wp-json\/wp\/v2\/posts\/4372\/revisions"}],"wp:attachment":[{"href":"https:\/\/teo.com.br\/noticias\/wp-json\/wp\/v2\/media?parent=4372"}],"wp:term":[{"taxonomy":"category","embeddable":true,"href":"https:\/\/teo.com.br\/noticias\/wp-json\/wp\/v2\/categories?post=4372"},{"taxonomy":"post_tag","embeddable":true,"href":"https:\/\/teo.com.br\/noticias\/wp-json\/wp\/v2\/tags?post=4372"}],"curies":[{"name":"wp","href":"https:\/\/api.w.org\/{rel}","templated":true}]}}