{"id":4380,"date":"2017-06-07T19:37:49","date_gmt":"2017-06-07T22:37:49","guid":{"rendered":"http:\/\/www.teo.com.br\/?p=4380"},"modified":"2017-06-07T19:37:49","modified_gmt":"2017-06-07T22:37:49","slug":"a-duvida-de-um-cliente-estou-abrindo-um-e-commerce-no-ramo-de-moveis-e-decoracao","status":"publish","type":"post","link":"https:\/\/teo.com.br\/noticias\/2017\/06\/07\/a-duvida-de-um-cliente-estou-abrindo-um-e-commerce-no-ramo-de-moveis-e-decoracao\/","title":{"rendered":"A duvida de um cliente: estou abrindo um e-commerce no ramo de m\u00f3veis e decora\u00e7\u00e3o"},"content":{"rendered":"<p>Recebi o seguinte e-mail hoje:\u00a0\u201cBoa tarde! Meu nome \u00e9 Leonardo, e estou abrindo um e-commerce no ramo de m\u00f3veis e decora\u00e7\u00e3o. Hoje eu tenho uma loja fisica. Ainda estou em d\u00favida sobre que plano escolher da plataforma de e-commerce. Podem me ajudar? Grato pela aten\u00e7\u00e3o, Leonardo Farias\u201d<\/p>\n<p>Minha resposta:<\/p>\n<p>Ol\u00e1 Leonardo, tudo bem?<\/p>\n<p>Meu nome \u00e9 T\u00e9o Costa, e irei auxiliar na escolha do melhor plano para a sua empresa.<\/p>\n<p>Irei citar alguns pontos importantes sobre o plano e como a nossa plataforma de e-commerce poder\u00e1 impulsionar o seu neg\u00f3cio, tanto a loja online quanto a loja f\u00edsica:<\/p>\n<p>1) Forma de Entrega: permitir que seus clientes possam retirar os pedidos em sua loja f\u00edsica.<br \/>\nEsta \u00e9 uma \u00f3tima estrat\u00e9gia que fortalece a sua marca, transmite mais credibilidade e tranquilidade ao cliente, e tamb\u00e9m gera trafego para a sua loja f\u00edsica, que poder\u00e1 ocasionar novos neg\u00f3cios, visto que o cliente ir\u00e1 at\u00e9 a sua loja f\u00edsica.<\/p>\n<p>2) Consultoria personalizada bimestral (presencial ou online), tenha a nossa plataforma de e-commerce como um apoiador do seu neg\u00f3cio online. Faremos o nosso m\u00e1ximo para orientar a respeito das melhores praticas e conquistar vendas para a sua loja.<\/p>\n<p>3) Capacita\u00e7\u00e3o bimestral (presencial ou online). Capacitamos a sua equipe para extrair o melhor da nossa ferramenta, e aumentar a convers\u00e3o de vendas da sua loja online na nossa plataforma de e-commerce .<\/p>\n<p>4) Usu\u00e1rios cadastrados. Acredito que por ir\u00e1 precisar de mais de um acesso ao painel de administra\u00e7\u00e3o da sua loja virtual.<\/p>\n<p>5) Cobran\u00e7a de pedidos via boleto com registro (a R$ 2,50 &#8211; melhor taxa do mercado). O plano que reduz custos da sua opera\u00e7\u00e3o.<\/p>\n<p>6) Layout 100% customiz\u00e1vel, neste plano indicado, permite que a sua empresa possua a loja virtual com design personalizado de acordo com o perfil da sua empresa e dos seus clientes. Este layout por ser &#8220;html&#8221; necessita de profissional que conhe\u00e7a as t\u00e9cnicas. Caso n\u00e3o possua nenhum profissional em mente, a nossa plataforma de e-commerce possui empresas parcerias, que caso seja do seu interesse poderei indicar o link para a sua escolha do parceiro ideal.<\/p>\n<p>Desta forma, o plano ideal \u00e0 sua loja de moveis e decora\u00e7\u00e3o \u00e9 o R$199.<\/p>\n<p>O plano completo e que sem d\u00favida oferece melhores condi\u00e7\u00f5es de impulsionar as suas vendas online.<\/p>\n<p>Espero ter ajudado nesta d\u00favida sobre o plano,<br \/>\nFico a sua inteira disposi\u00e7\u00e3o para novos questionamentos,<\/p>\n<p>Atenciosamente,<br \/>\nT\u00e9o Costa<\/p>\n<p>&nbsp;<\/p>\n","protected":false},"excerpt":{"rendered":"<p>Recebi o seguinte e-mail hoje:\u00a0\u201cBoa tarde! Meu nome \u00e9 Leonardo, e estou abrindo um e-commerce no ramo de m\u00f3veis e decora\u00e7\u00e3o. Hoje eu tenho uma loja fisica. Ainda estou em&hellip;<\/p>\n","protected":false},"author":1,"featured_media":0,"comment_status":"open","ping_status":"closed","sticky":false,"template":"","format":"standard","meta":{"footnotes":""},"categories":[4],"tags":[18,229,230],"class_list":["post-4380","post","type-post","status-publish","format-standard","hentry","category-teo-costa-consultor","tag-ecommerce","tag-madeira","tag-movel"],"aioseo_notices":[],"aioseo_head":"\n\t\t<!-- All in One SEO 5.0.0.1 - aioseo.com -->\n\t<meta name=\"description\" content=\"Recebi o seguinte e-mail hoje: \u201cBoa tarde! Meu nome \u00e9 Leonardo, e estou abrindo um e-commerce no ramo de m\u00f3veis e decora\u00e7\u00e3o. Hoje eu tenho uma loja fisica. Ainda estou em d\u00favida sobre que plano escolher da plataforma de e-commerce. Podem me ajudar? Grato pela aten\u00e7\u00e3o, Leonardo Farias\u201d Minha resposta: Ol\u00e1 Leonardo, tudo bem? Meu nome\" \/>\n\t<meta name=\"robots\" content=\"max-image-preview:large\" \/>\n\t<meta name=\"author\" content=\"teocosta\"\/>\n\t<link rel=\"canonical\" href=\"https:\/\/teo.com.br\/noticias\/2017\/06\/07\/a-duvida-de-um-cliente-estou-abrindo-um-e-commerce-no-ramo-de-moveis-e-decoracao\/\" \/>\n\t<meta name=\"generator\" content=\"All in One SEO (AIOSEO) 5.0.0.1\" \/>\n\t\t<meta property=\"og:locale\" content=\"pt_BR\" \/>\n\t\t<meta property=\"og:site_name\" content=\"Teo - Head TI - DPO\" \/>\n\t\t<meta property=\"og:type\" content=\"article\" \/>\n\t\t<meta property=\"og:title\" content=\"A duvida de um cliente: estou abrindo um e-commerce no ramo de m\u00f3veis e decora\u00e7\u00e3o - Teo\" \/>\n\t\t<meta property=\"og:description\" content=\"Recebi o seguinte e-mail hoje: \u201cBoa tarde! Meu nome \u00e9 Leonardo, e estou abrindo um e-commerce no ramo de m\u00f3veis e decora\u00e7\u00e3o. Hoje eu tenho uma loja fisica. Ainda estou em d\u00favida sobre que plano escolher da plataforma de e-commerce. Podem me ajudar? Grato pela aten\u00e7\u00e3o, Leonardo Farias\u201d Minha resposta: Ol\u00e1 Leonardo, tudo bem? Meu nome\" \/>\n\t\t<meta property=\"og:url\" content=\"https:\/\/teo.com.br\/noticias\/2017\/06\/07\/a-duvida-de-um-cliente-estou-abrindo-um-e-commerce-no-ramo-de-moveis-e-decoracao\/\" \/>\n\t\t<meta property=\"og:image\" content=\"https:\/\/teo.com.br\/wp-content\/uploads\/2024\/03\/cropped-teo.jpg\" \/>\n\t\t<meta property=\"og:image:secure_url\" content=\"https:\/\/teo.com.br\/wp-content\/uploads\/2024\/03\/cropped-teo.jpg\" \/>\n\t\t<meta property=\"article:published_time\" content=\"2017-06-07T22:37:49+00:00\" \/>\n\t\t<meta property=\"article:modified_time\" content=\"2017-06-07T22:37:49+00:00\" \/>\n\t\t<meta name=\"twitter:card\" content=\"summary_large_image\" \/>\n\t\t<meta name=\"twitter:title\" content=\"A duvida de um cliente: estou abrindo um e-commerce no ramo de m\u00f3veis e decora\u00e7\u00e3o - Teo\" \/>\n\t\t<meta name=\"twitter:description\" content=\"Recebi o seguinte e-mail hoje: \u201cBoa tarde! Meu nome \u00e9 Leonardo, e estou abrindo um e-commerce no ramo de m\u00f3veis e decora\u00e7\u00e3o. Hoje eu tenho uma loja fisica. Ainda estou em d\u00favida sobre que plano escolher da plataforma de e-commerce. Podem me ajudar? Grato pela aten\u00e7\u00e3o, Leonardo Farias\u201d Minha resposta: Ol\u00e1 Leonardo, tudo bem? Meu nome\" \/>\n\t\t<meta name=\"twitter:image\" content=\"https:\/\/teo.com.br\/wp-content\/uploads\/2024\/03\/cropped-teo.jpg\" \/>\n\t\t<script type=\"application\/ld+json\" class=\"aioseo-schema\">\n\t\t\t{\"@context\":\"https:\\\/\\\/schema.org\",\"@graph\":[{\"@type\":\"BlogPosting\",\"@id\":\"https:\\\/\\\/teo.com.br\\\/noticias\\\/2017\\\/06\\\/07\\\/a-duvida-de-um-cliente-estou-abrindo-um-e-commerce-no-ramo-de-moveis-e-decoracao\\\/#blogposting\",\"name\":\"A duvida de um cliente: estou abrindo um e-commerce no ramo de m\\u00f3veis e decora\\u00e7\\u00e3o - Teo\",\"headline\":\"A duvida de um cliente: estou abrindo um e-commerce no ramo de m\\u00f3veis e decora\\u00e7\\u00e3o\",\"author\":{\"@id\":\"https:\\\/\\\/teo.com.br\\\/noticias\\\/author\\\/temcosta\\\/#author\"},\"publisher\":{\"@id\":\"https:\\\/\\\/teo.com.br\\\/noticias\\\/#organization\"},\"datePublished\":\"2017-06-07T19:37:49-03:00\",\"dateModified\":\"2017-06-07T19:37:49-03:00\",\"inLanguage\":\"pt-BR\",\"mainEntityOfPage\":{\"@id\":\"https:\\\/\\\/teo.com.br\\\/noticias\\\/2017\\\/06\\\/07\\\/a-duvida-de-um-cliente-estou-abrindo-um-e-commerce-no-ramo-de-moveis-e-decoracao\\\/#webpage\"},\"isPartOf\":{\"@id\":\"https:\\\/\\\/teo.com.br\\\/noticias\\\/2017\\\/06\\\/07\\\/a-duvida-de-um-cliente-estou-abrindo-um-e-commerce-no-ramo-de-moveis-e-decoracao\\\/#webpage\"},\"articleSection\":\"Teo Costa Consultor, ecommerce, madeira, movel\"},{\"@type\":\"BreadcrumbList\",\"@id\":\"https:\\\/\\\/teo.com.br\\\/noticias\\\/2017\\\/06\\\/07\\\/a-duvida-de-um-cliente-estou-abrindo-um-e-commerce-no-ramo-de-moveis-e-decoracao\\\/#breadcrumblist\",\"itemListElement\":[{\"@type\":\"ListItem\",\"@id\":\"https:\\\/\\\/teo.com.br\\\/noticias#listItem\",\"position\":1,\"name\":\"Home\",\"item\":\"https:\\\/\\\/teo.com.br\\\/noticias\",\"nextItem\":{\"@type\":\"ListItem\",\"@id\":\"https:\\\/\\\/teo.com.br\\\/noticias\\\/categoria\\\/teo-costa-consultor\\\/#listItem\",\"name\":\"Teo Costa Consultor\"}},{\"@type\":\"ListItem\",\"@id\":\"https:\\\/\\\/teo.com.br\\\/noticias\\\/categoria\\\/teo-costa-consultor\\\/#listItem\",\"position\":2,\"name\":\"Teo Costa Consultor\",\"item\":\"https:\\\/\\\/teo.com.br\\\/noticias\\\/categoria\\\/teo-costa-consultor\\\/\",\"nextItem\":{\"@type\":\"ListItem\",\"@id\":\"https:\\\/\\\/teo.com.br\\\/noticias\\\/2017\\\/06\\\/07\\\/a-duvida-de-um-cliente-estou-abrindo-um-e-commerce-no-ramo-de-moveis-e-decoracao\\\/#listItem\",\"name\":\"A duvida de um cliente: estou abrindo um e-commerce no ramo de m\\u00f3veis e decora\\u00e7\\u00e3o\"},\"previousItem\":{\"@type\":\"ListItem\",\"@id\":\"https:\\\/\\\/teo.com.br\\\/noticias#listItem\",\"name\":\"Home\"}},{\"@type\":\"ListItem\",\"@id\":\"https:\\\/\\\/teo.com.br\\\/noticias\\\/2017\\\/06\\\/07\\\/a-duvida-de-um-cliente-estou-abrindo-um-e-commerce-no-ramo-de-moveis-e-decoracao\\\/#listItem\",\"position\":3,\"name\":\"A duvida de um cliente: estou abrindo um e-commerce no ramo de m\\u00f3veis e decora\\u00e7\\u00e3o\",\"previousItem\":{\"@type\":\"ListItem\",\"@id\":\"https:\\\/\\\/teo.com.br\\\/noticias\\\/categoria\\\/teo-costa-consultor\\\/#listItem\",\"name\":\"Teo Costa Consultor\"}}]},{\"@type\":\"Organization\",\"@id\":\"https:\\\/\\\/teo.com.br\\\/noticias\\\/#organization\",\"name\":\"Teo Costa - Tecnologia e Solu\\u00e7\\u00f5es Corporativas em Seguran\\u00e7a Contra Inc\\u00eandio Pesquisa de Satisfa\\u00e7\\u00e3o\",\"description\":\"Head TI - DPO\",\"url\":\"https:\\\/\\\/teo.com.br\\\/noticias\\\/\"},{\"@type\":\"Person\",\"@id\":\"https:\\\/\\\/teo.com.br\\\/noticias\\\/author\\\/temcosta\\\/#author\",\"url\":\"https:\\\/\\\/teo.com.br\\\/noticias\\\/author\\\/temcosta\\\/\",\"name\":\"teocosta\",\"image\":{\"@type\":\"ImageObject\",\"@id\":\"https:\\\/\\\/teo.com.br\\\/noticias\\\/2017\\\/06\\\/07\\\/a-duvida-de-um-cliente-estou-abrindo-um-e-commerce-no-ramo-de-moveis-e-decoracao\\\/#authorImage\",\"url\":\"https:\\\/\\\/secure.gravatar.com\\\/avatar\\\/9eaa33a8942fc7cb0be99e3b8f5a8f798b4647876bd8c39ebfc4b1f5753beac2?s=96&d=mm&r=g\",\"width\":96,\"height\":96,\"caption\":\"teocosta\"}},{\"@type\":\"WebPage\",\"@id\":\"https:\\\/\\\/teo.com.br\\\/noticias\\\/2017\\\/06\\\/07\\\/a-duvida-de-um-cliente-estou-abrindo-um-e-commerce-no-ramo-de-moveis-e-decoracao\\\/#webpage\",\"url\":\"https:\\\/\\\/teo.com.br\\\/noticias\\\/2017\\\/06\\\/07\\\/a-duvida-de-um-cliente-estou-abrindo-um-e-commerce-no-ramo-de-moveis-e-decoracao\\\/\",\"name\":\"A duvida de um cliente: estou abrindo um e-commerce no ramo de m\\u00f3veis e decora\\u00e7\\u00e3o - Teo\",\"description\":\"Recebi o seguinte e-mail hoje: \\u201cBoa tarde! Meu nome \\u00e9 Leonardo, e estou abrindo um e-commerce no ramo de m\\u00f3veis e decora\\u00e7\\u00e3o. Hoje eu tenho uma loja fisica. Ainda estou em d\\u00favida sobre que plano escolher da plataforma de e-commerce. Podem me ajudar? Grato pela aten\\u00e7\\u00e3o, Leonardo Farias\\u201d Minha resposta: Ol\\u00e1 Leonardo, tudo bem? Meu nome\",\"inLanguage\":\"pt-BR\",\"isPartOf\":{\"@id\":\"https:\\\/\\\/teo.com.br\\\/noticias\\\/#website\"},\"breadcrumb\":{\"@id\":\"https:\\\/\\\/teo.com.br\\\/noticias\\\/2017\\\/06\\\/07\\\/a-duvida-de-um-cliente-estou-abrindo-um-e-commerce-no-ramo-de-moveis-e-decoracao\\\/#breadcrumblist\"},\"author\":{\"@id\":\"https:\\\/\\\/teo.com.br\\\/noticias\\\/author\\\/temcosta\\\/#author\"},\"creator\":{\"@id\":\"https:\\\/\\\/teo.com.br\\\/noticias\\\/author\\\/temcosta\\\/#author\"},\"datePublished\":\"2017-06-07T19:37:49-03:00\",\"dateModified\":\"2017-06-07T19:37:49-03:00\"},{\"@type\":\"WebSite\",\"@id\":\"https:\\\/\\\/teo.com.br\\\/noticias\\\/#website\",\"url\":\"https:\\\/\\\/teo.com.br\\\/noticias\\\/\",\"name\":\"Teo Costa - Tecnologia e Solu\\u00e7\\u00f5es Corporativas em Seguran\\u00e7a Contra Inc\\u00eandio Pesquisa de Satisfa\\u00e7\\u00e3o\",\"description\":\"Head TI - DPO\",\"inLanguage\":\"pt-BR\",\"publisher\":{\"@id\":\"https:\\\/\\\/teo.com.br\\\/noticias\\\/#organization\"}}]}\n\t\t<\/script>\n\t\t<!-- All in One SEO -->\n\n","aioseo_head_json":{"title":"A duvida de um cliente: estou abrindo um e-commerce no ramo de m\u00f3veis e decora\u00e7\u00e3o - Teo","description":"Recebi o seguinte e-mail hoje: \u201cBoa tarde! Meu nome \u00e9 Leonardo, e estou abrindo um e-commerce no ramo de m\u00f3veis e decora\u00e7\u00e3o. Hoje eu tenho uma loja fisica. Ainda estou em d\u00favida sobre que plano escolher da plataforma de e-commerce. Podem me ajudar? Grato pela aten\u00e7\u00e3o, Leonardo Farias\u201d Minha resposta: Ol\u00e1 Leonardo, tudo bem? Meu nome","canonical_url":"https:\/\/teo.com.br\/noticias\/2017\/06\/07\/a-duvida-de-um-cliente-estou-abrindo-um-e-commerce-no-ramo-de-moveis-e-decoracao\/","robots":"max-image-preview:large","keywords":"","webmasterTools":{"miscellaneous":""},"schema":{"@context":"https:\/\/schema.org","@graph":[{"@type":"BlogPosting","@id":"https:\/\/teo.com.br\/noticias\/2017\/06\/07\/a-duvida-de-um-cliente-estou-abrindo-um-e-commerce-no-ramo-de-moveis-e-decoracao\/#blogposting","name":"A duvida de um cliente: estou abrindo um e-commerce no ramo de m\u00f3veis e decora\u00e7\u00e3o - Teo","headline":"A duvida de um cliente: estou abrindo um e-commerce no ramo de m\u00f3veis e decora\u00e7\u00e3o","author":{"@id":"https:\/\/teo.com.br\/noticias\/author\/temcosta\/#author"},"publisher":{"@id":"https:\/\/teo.com.br\/noticias\/#organization"},"datePublished":"2017-06-07T19:37:49-03:00","dateModified":"2017-06-07T19:37:49-03:00","inLanguage":"pt-BR","mainEntityOfPage":{"@id":"https:\/\/teo.com.br\/noticias\/2017\/06\/07\/a-duvida-de-um-cliente-estou-abrindo-um-e-commerce-no-ramo-de-moveis-e-decoracao\/#webpage"},"isPartOf":{"@id":"https:\/\/teo.com.br\/noticias\/2017\/06\/07\/a-duvida-de-um-cliente-estou-abrindo-um-e-commerce-no-ramo-de-moveis-e-decoracao\/#webpage"},"articleSection":"Teo Costa Consultor, ecommerce, madeira, movel"},{"@type":"BreadcrumbList","@id":"https:\/\/teo.com.br\/noticias\/2017\/06\/07\/a-duvida-de-um-cliente-estou-abrindo-um-e-commerce-no-ramo-de-moveis-e-decoracao\/#breadcrumblist","itemListElement":[{"@type":"ListItem","@id":"https:\/\/teo.com.br\/noticias#listItem","position":1,"name":"Home","item":"https:\/\/teo.com.br\/noticias","nextItem":{"@type":"ListItem","@id":"https:\/\/teo.com.br\/noticias\/categoria\/teo-costa-consultor\/#listItem","name":"Teo Costa Consultor"}},{"@type":"ListItem","@id":"https:\/\/teo.com.br\/noticias\/categoria\/teo-costa-consultor\/#listItem","position":2,"name":"Teo Costa Consultor","item":"https:\/\/teo.com.br\/noticias\/categoria\/teo-costa-consultor\/","nextItem":{"@type":"ListItem","@id":"https:\/\/teo.com.br\/noticias\/2017\/06\/07\/a-duvida-de-um-cliente-estou-abrindo-um-e-commerce-no-ramo-de-moveis-e-decoracao\/#listItem","name":"A duvida de um cliente: estou abrindo um e-commerce no ramo de m\u00f3veis e decora\u00e7\u00e3o"},"previousItem":{"@type":"ListItem","@id":"https:\/\/teo.com.br\/noticias#listItem","name":"Home"}},{"@type":"ListItem","@id":"https:\/\/teo.com.br\/noticias\/2017\/06\/07\/a-duvida-de-um-cliente-estou-abrindo-um-e-commerce-no-ramo-de-moveis-e-decoracao\/#listItem","position":3,"name":"A duvida de um cliente: estou abrindo um e-commerce no ramo de m\u00f3veis e decora\u00e7\u00e3o","previousItem":{"@type":"ListItem","@id":"https:\/\/teo.com.br\/noticias\/categoria\/teo-costa-consultor\/#listItem","name":"Teo Costa Consultor"}}]},{"@type":"Organization","@id":"https:\/\/teo.com.br\/noticias\/#organization","name":"Teo Costa - Tecnologia e Solu\u00e7\u00f5es Corporativas em Seguran\u00e7a Contra Inc\u00eandio Pesquisa de Satisfa\u00e7\u00e3o","description":"Head TI - DPO","url":"https:\/\/teo.com.br\/noticias\/"},{"@type":"Person","@id":"https:\/\/teo.com.br\/noticias\/author\/temcosta\/#author","url":"https:\/\/teo.com.br\/noticias\/author\/temcosta\/","name":"teocosta","image":{"@type":"ImageObject","@id":"https:\/\/teo.com.br\/noticias\/2017\/06\/07\/a-duvida-de-um-cliente-estou-abrindo-um-e-commerce-no-ramo-de-moveis-e-decoracao\/#authorImage","url":"https:\/\/secure.gravatar.com\/avatar\/9eaa33a8942fc7cb0be99e3b8f5a8f798b4647876bd8c39ebfc4b1f5753beac2?s=96&d=mm&r=g","width":96,"height":96,"caption":"teocosta"}},{"@type":"WebPage","@id":"https:\/\/teo.com.br\/noticias\/2017\/06\/07\/a-duvida-de-um-cliente-estou-abrindo-um-e-commerce-no-ramo-de-moveis-e-decoracao\/#webpage","url":"https:\/\/teo.com.br\/noticias\/2017\/06\/07\/a-duvida-de-um-cliente-estou-abrindo-um-e-commerce-no-ramo-de-moveis-e-decoracao\/","name":"A duvida de um cliente: estou abrindo um e-commerce no ramo de m\u00f3veis e decora\u00e7\u00e3o - Teo","description":"Recebi o seguinte e-mail hoje: \u201cBoa tarde! Meu nome \u00e9 Leonardo, e estou abrindo um e-commerce no ramo de m\u00f3veis e decora\u00e7\u00e3o. Hoje eu tenho uma loja fisica. Ainda estou em d\u00favida sobre que plano escolher da plataforma de e-commerce. Podem me ajudar? Grato pela aten\u00e7\u00e3o, Leonardo Farias\u201d Minha resposta: Ol\u00e1 Leonardo, tudo bem? Meu nome","inLanguage":"pt-BR","isPartOf":{"@id":"https:\/\/teo.com.br\/noticias\/#website"},"breadcrumb":{"@id":"https:\/\/teo.com.br\/noticias\/2017\/06\/07\/a-duvida-de-um-cliente-estou-abrindo-um-e-commerce-no-ramo-de-moveis-e-decoracao\/#breadcrumblist"},"author":{"@id":"https:\/\/teo.com.br\/noticias\/author\/temcosta\/#author"},"creator":{"@id":"https:\/\/teo.com.br\/noticias\/author\/temcosta\/#author"},"datePublished":"2017-06-07T19:37:49-03:00","dateModified":"2017-06-07T19:37:49-03:00"},{"@type":"WebSite","@id":"https:\/\/teo.com.br\/noticias\/#website","url":"https:\/\/teo.com.br\/noticias\/","name":"Teo Costa - Tecnologia e Solu\u00e7\u00f5es Corporativas em Seguran\u00e7a Contra Inc\u00eandio Pesquisa de Satisfa\u00e7\u00e3o","description":"Head TI - DPO","inLanguage":"pt-BR","publisher":{"@id":"https:\/\/teo.com.br\/noticias\/#organization"}}]},"og:locale":"pt_BR","og:site_name":"Teo - Head TI - DPO","og:type":"article","og:title":"A duvida de um cliente: estou abrindo um e-commerce no ramo de m\u00f3veis e decora\u00e7\u00e3o - Teo","og:description":"Recebi o seguinte e-mail hoje: \u201cBoa tarde! Meu nome \u00e9 Leonardo, e estou abrindo um e-commerce no ramo de m\u00f3veis e decora\u00e7\u00e3o. Hoje eu tenho uma loja fisica. Ainda estou em d\u00favida sobre que plano escolher da plataforma de e-commerce. Podem me ajudar? Grato pela aten\u00e7\u00e3o, Leonardo Farias\u201d Minha resposta: Ol\u00e1 Leonardo, tudo bem? Meu nome","og:url":"https:\/\/teo.com.br\/noticias\/2017\/06\/07\/a-duvida-de-um-cliente-estou-abrindo-um-e-commerce-no-ramo-de-moveis-e-decoracao\/","og:image":"https:\/\/teo.com.br\/wp-content\/uploads\/2024\/03\/cropped-teo.jpg","og:image:secure_url":"https:\/\/teo.com.br\/wp-content\/uploads\/2024\/03\/cropped-teo.jpg","article:published_time":"2017-06-07T22:37:49+00:00","article:modified_time":"2017-06-07T22:37:49+00:00","twitter:card":"summary_large_image","twitter:title":"A duvida de um cliente: estou abrindo um e-commerce no ramo de m\u00f3veis e decora\u00e7\u00e3o - Teo","twitter:description":"Recebi o seguinte e-mail hoje: \u201cBoa tarde! Meu nome \u00e9 Leonardo, e estou abrindo um e-commerce no ramo de m\u00f3veis e decora\u00e7\u00e3o. Hoje eu tenho uma loja fisica. Ainda estou em d\u00favida sobre que plano escolher da plataforma de e-commerce. Podem me ajudar? Grato pela aten\u00e7\u00e3o, Leonardo Farias\u201d Minha resposta: Ol\u00e1 Leonardo, tudo bem? Meu nome","twitter:image":"https:\/\/teo.com.br\/wp-content\/uploads\/2024\/03\/cropped-teo.jpg"},"aioseo_meta_data":{"post_id":"4380","title":null,"description":null,"keywords":null,"keyphrases":null,"primary_term":null,"canonical_url":null,"og_title":null,"og_description":null,"og_object_type":"default","og_image_type":"default","og_image_url":null,"og_image_width":null,"og_image_height":null,"og_image_custom_url":null,"og_image_custom_fields":null,"og_video":null,"og_custom_url":null,"og_article_section":null,"og_article_tags":null,"twitter_use_og":false,"twitter_card":"default","twitter_image_type":"default","twitter_image_url":null,"twitter_image_custom_url":null,"twitter_image_custom_fields":null,"twitter_title":null,"twitter_description":null,"schema":{"blockGraphs":[],"customGraphs":[],"default":{"data":{"Article":[],"Course":[],"Dataset":[],"FAQPage":[],"Movie":[],"Person":[],"Product":[],"ProductReview":[],"Car":[],"Recipe":[],"Service":[],"SoftwareApplication":[],"WebPage":[]},"graphName":"","isEnabled":true},"graphs":[]},"schema_type":"default","schema_type_options":null,"pillar_content":false,"robots_default":true,"robots_noindex":false,"robots_noarchive":false,"robots_nosnippet":false,"robots_nofollow":false,"robots_noimageindex":false,"robots_noodp":false,"robots_notranslate":false,"robots_max_snippet":null,"robots_max_videopreview":null,"robots_max_imagepreview":"large","priority":null,"frequency":null,"local_seo":null,"breadcrumb_settings":null,"limit_modified_date":false,"ai":null,"created":"2024-04-08 22:10:29","updated":"2025-09-12 21:14:08","seo_analyzer_scan_date":null,"focus_keyword":null,"additional_keywords":null,"truseo_locale":null},"aioseo_breadcrumb":"<div class=\"aioseo-breadcrumbs\"><span class=\"aioseo-breadcrumb\">\n\t\t\t<a href=\"https:\/\/teo.com.br\/noticias\" title=\"Home\">Home<\/a>\n\t\t<\/span><span class=\"aioseo-breadcrumb-separator\">&raquo;<\/span><span class=\"aioseo-breadcrumb\">\n\t\t\t<a href=\"https:\/\/teo.com.br\/noticias\/categoria\/teo-costa-consultor\/\" title=\"Teo Costa Consultor\">Teo Costa Consultor<\/a>\n\t\t<\/span><span class=\"aioseo-breadcrumb-separator\">&raquo;<\/span><span class=\"aioseo-breadcrumb\">\n\t\t\tA duvida de um cliente: estou abrindo um e-commerce no ramo de m\u00f3veis e decora\u00e7\u00e3o\n\t\t<\/span><\/div>","aioseo_breadcrumb_json":[{"label":"Home","link":"https:\/\/teo.com.br\/noticias"},{"label":"Teo Costa Consultor","link":"https:\/\/teo.com.br\/noticias\/categoria\/teo-costa-consultor\/"},{"label":"A duvida de um cliente: estou abrindo um e-commerce no ramo de m\u00f3veis e decora\u00e7\u00e3o","link":"https:\/\/teo.com.br\/noticias\/2017\/06\/07\/a-duvida-de-um-cliente-estou-abrindo-um-e-commerce-no-ramo-de-moveis-e-decoracao\/"}],"_links":{"self":[{"href":"https:\/\/teo.com.br\/noticias\/wp-json\/wp\/v2\/posts\/4380","targetHints":{"allow":["GET"]}}],"collection":[{"href":"https:\/\/teo.com.br\/noticias\/wp-json\/wp\/v2\/posts"}],"about":[{"href":"https:\/\/teo.com.br\/noticias\/wp-json\/wp\/v2\/types\/post"}],"author":[{"embeddable":true,"href":"https:\/\/teo.com.br\/noticias\/wp-json\/wp\/v2\/users\/1"}],"replies":[{"embeddable":true,"href":"https:\/\/teo.com.br\/noticias\/wp-json\/wp\/v2\/comments?post=4380"}],"version-history":[{"count":0,"href":"https:\/\/teo.com.br\/noticias\/wp-json\/wp\/v2\/posts\/4380\/revisions"}],"wp:attachment":[{"href":"https:\/\/teo.com.br\/noticias\/wp-json\/wp\/v2\/media?parent=4380"}],"wp:term":[{"taxonomy":"category","embeddable":true,"href":"https:\/\/teo.com.br\/noticias\/wp-json\/wp\/v2\/categories?post=4380"},{"taxonomy":"post_tag","embeddable":true,"href":"https:\/\/teo.com.br\/noticias\/wp-json\/wp\/v2\/tags?post=4380"}],"curies":[{"name":"wp","href":"https:\/\/api.w.org\/{rel}","templated":true}]}}