{"id":4392,"date":"2017-06-22T11:51:42","date_gmt":"2017-06-22T14:51:42","guid":{"rendered":"http:\/\/www.teo.com.br\/?p=4392"},"modified":"2017-06-22T11:51:42","modified_gmt":"2017-06-22T14:51:42","slug":"mercadoenvios-nao-envia-pac-para-sao-paulo-sp-capital-apenas-sedex","status":"publish","type":"post","link":"https:\/\/teo.com.br\/noticias\/2017\/06\/22\/mercadoenvios-nao-envia-pac-para-sao-paulo-sp-capital-apenas-sedex\/","title":{"rendered":"Mercadoenvios n\u00e3o envia PAC para S\u00e3o Paulo SP Capital, apenas SEDEX."},"content":{"rendered":"<p>A uma semana estou tendo o problema:\u00a0Mercadoenvios n\u00e3o envia PAC para S\u00e3o Paulo SP Capital, apenas SEDEX.<\/p>\n<p>Gero a etiqueta PLP do Mercadoenvios do cliente com destino para S\u00e3o Paulo Capital. Que pagou o frete PAC.<\/p>\n<p>Ao postar na ag\u00eancia dos CORREIOS, eles informam que: N\u00e3o pode ser enviado.<\/p>\n<p>a TELA do sistema informa: <em>ERRO 1145143<\/em> &#8211; <strong>Ocorreu um erro inesperado no ws que impediu o c\u00e1lculo do pre\u00e7o de tarifa\u00e7\u00e3o para o produto\/servi\u00e7o informado.<\/strong><\/p>\n<p>O detalhe que ao buscar uma solu\u00e7\u00e3o na Internet, site dos Correios, mercadoenvios, n\u00e3o achei nenhuma solu\u00e7\u00e3o.<\/p>\n<p>Minha reputa\u00e7\u00e3o caiu do verde ao vermelho em um dia (HOJE, 22.06.2017). N\u00e3o sei o que houve e n\u00e3o d\u00e1 para falar com o mercadolivre de jeito nenhum. Sem telefone, sem email. Na hora do desespero a gente v\u00ea que parece que n\u00e3o existe ningu\u00e9m l\u00e1.<\/p>\n<p>&nbsp;<\/p>\n<p><strong>Calculador de pre\u00e7os e prazos de\u00a0encomendas CORREIOS<\/strong><\/p>\n<p>De forma a dar maior flexibilidade ao cliente, os Correios oferecem quatro<br \/>\nformas de obter o resultado da consulta:<br \/>\na) Consulta via Webservice: Esta forma de consulta utiliza a tecnologia Web Services \u2013<br \/>\ncole\u00e7\u00e3o de protocolos e padr\u00f5es (XML, SOAP e WSDL) usados para troca de<br \/>\ninforma\u00e7\u00f5es entre aplica\u00e7\u00f5es Internet. Ela \u00e9 indicada para usu\u00e1rios avan\u00e7ados, que<br \/>\ndominam essa tecnologia;<br \/>\nb) Resultado no formato XML: Nesta forma de consulta os par\u00e2metros s\u00e3o passados<br \/>\npara o calculador de pre\u00e7os e prazos via post e o resultado \u00e9 retornado no formato<br \/>\nXML;<br \/>\nc) Resultado na p\u00e1gina do cliente: Nesta forma de consulta os par\u00e2metros s\u00e3o<br \/>\npassados para o calculador de pre\u00e7os e prazos via post e o resultado \u00e9 retornado numa<br \/>\np\u00e1gina HTML especificada pelo requisitante.<br \/>\nEx: <input name=\"Resposta\" type=\"hidden\" value=\"http:\/\/www.seusite.com.br\/suapagina.xxx\" \/><br \/>\nd) Resultado numa janela pop-up: Nesta forma de consulta os par\u00e2metros s\u00e3o<br \/>\npassados para o calculador de pre\u00e7os e prazos via post e o resultado ser\u00e1 mostrado<br \/>\ndentro de uma janela pop-up do pr\u00f3prio site dos Correios<\/p>\n<p>&nbsp;<\/p>\n<p>1. Consulta via Webservice:<br \/>\nA interface do WebService pode ser consultada em:<br \/>\n<a href=\"http:\/\/ws.correios.com.br\/calculador\/CalcPrecoPrazo.asmx\">http:\/\/ws.correios.com.br\/calculador\/CalcPrecoPrazo.asmx<\/a><br \/>\nOs m\u00e9todos relativos a este manual s\u00e3o:<br \/>\n\uf0b7 CalcPrecoPrazo: retorna o pre\u00e7o e o prazo de entrega de uma encomenda.<br \/>\n\uf0b7 Calcpreco: retorna o pre\u00e7o de envio de uma encomenda.<br \/>\n\uf0b7 Calcprazo: retorna o prazo de entrega de uma encomenda.<\/p>\n","protected":false},"excerpt":{"rendered":"<p>A uma semana estou tendo o problema:\u00a0Mercadoenvios n\u00e3o envia PAC para S\u00e3o Paulo SP Capital, apenas SEDEX. Gero a etiqueta PLP do Mercadoenvios do cliente com destino para S\u00e3o Paulo&hellip;<\/p>\n","protected":false},"author":1,"featured_media":0,"comment_status":"open","ping_status":"closed","sticky":false,"template":"","format":"standard","meta":{"footnotes":""},"categories":[4],"tags":[71,83],"class_list":["post-4392","post","type-post","status-publish","format-standard","hentry","category-teo-costa-consultor","tag-mercadoenvios","tag-mercadolivre"],"aioseo_notices":[],"aioseo_head":"\n\t\t<!-- All in One SEO 5.0.0.1 - aioseo.com -->\n\t<meta name=\"description\" content=\"A uma semana estou tendo o problema: Mercadoenvios n\u00e3o envia PAC para S\u00e3o Paulo SP Capital, apenas SEDEX. Gero a etiqueta PLP do Mercadoenvios do cliente com destino para S\u00e3o Paulo Capital. Que pagou o frete PAC. Ao postar na ag\u00eancia dos CORREIOS, eles informam que: N\u00e3o pode ser enviado. a TELA do sistema informa: ERRO\" \/>\n\t<meta name=\"robots\" content=\"max-image-preview:large\" \/>\n\t<meta name=\"author\" content=\"teocosta\"\/>\n\t<link rel=\"canonical\" href=\"https:\/\/teo.com.br\/noticias\/2017\/06\/22\/mercadoenvios-nao-envia-pac-para-sao-paulo-sp-capital-apenas-sedex\/\" \/>\n\t<meta name=\"generator\" content=\"All in One SEO (AIOSEO) 5.0.0.1\" \/>\n\t\t<meta property=\"og:locale\" content=\"pt_BR\" \/>\n\t\t<meta property=\"og:site_name\" content=\"Teo - Head TI - DPO\" \/>\n\t\t<meta property=\"og:type\" content=\"article\" \/>\n\t\t<meta property=\"og:title\" content=\"Mercadoenvios n\u00e3o envia PAC para S\u00e3o Paulo SP Capital, apenas SEDEX. - Teo\" \/>\n\t\t<meta property=\"og:description\" content=\"A uma semana estou tendo o problema: Mercadoenvios n\u00e3o envia PAC para S\u00e3o Paulo SP Capital, apenas SEDEX. Gero a etiqueta PLP do Mercadoenvios do cliente com destino para S\u00e3o Paulo Capital. Que pagou o frete PAC. Ao postar na ag\u00eancia dos CORREIOS, eles informam que: N\u00e3o pode ser enviado. a TELA do sistema informa: ERRO\" \/>\n\t\t<meta property=\"og:url\" content=\"https:\/\/teo.com.br\/noticias\/2017\/06\/22\/mercadoenvios-nao-envia-pac-para-sao-paulo-sp-capital-apenas-sedex\/\" \/>\n\t\t<meta property=\"og:image\" content=\"https:\/\/teo.com.br\/wp-content\/uploads\/2024\/03\/cropped-teo.jpg\" \/>\n\t\t<meta property=\"og:image:secure_url\" content=\"https:\/\/teo.com.br\/wp-content\/uploads\/2024\/03\/cropped-teo.jpg\" \/>\n\t\t<meta property=\"article:published_time\" content=\"2017-06-22T14:51:42+00:00\" \/>\n\t\t<meta property=\"article:modified_time\" content=\"2017-06-22T14:51:42+00:00\" \/>\n\t\t<meta name=\"twitter:card\" content=\"summary_large_image\" \/>\n\t\t<meta name=\"twitter:title\" content=\"Mercadoenvios n\u00e3o envia PAC para S\u00e3o Paulo SP Capital, apenas SEDEX. - Teo\" \/>\n\t\t<meta name=\"twitter:description\" content=\"A uma semana estou tendo o problema: Mercadoenvios n\u00e3o envia PAC para S\u00e3o Paulo SP Capital, apenas SEDEX. Gero a etiqueta PLP do Mercadoenvios do cliente com destino para S\u00e3o Paulo Capital. Que pagou o frete PAC. Ao postar na ag\u00eancia dos CORREIOS, eles informam que: N\u00e3o pode ser enviado. a TELA do sistema informa: ERRO\" \/>\n\t\t<meta name=\"twitter:image\" content=\"https:\/\/teo.com.br\/wp-content\/uploads\/2024\/03\/cropped-teo.jpg\" \/>\n\t\t<script type=\"application\/ld+json\" class=\"aioseo-schema\">\n\t\t\t{\"@context\":\"https:\\\/\\\/schema.org\",\"@graph\":[{\"@type\":\"BlogPosting\",\"@id\":\"https:\\\/\\\/teo.com.br\\\/noticias\\\/2017\\\/06\\\/22\\\/mercadoenvios-nao-envia-pac-para-sao-paulo-sp-capital-apenas-sedex\\\/#blogposting\",\"name\":\"Mercadoenvios n\\u00e3o envia PAC para S\\u00e3o Paulo SP Capital, apenas SEDEX. - Teo\",\"headline\":\"Mercadoenvios n\\u00e3o envia PAC para S\\u00e3o Paulo SP Capital, apenas SEDEX.\",\"author\":{\"@id\":\"https:\\\/\\\/teo.com.br\\\/noticias\\\/author\\\/temcosta\\\/#author\"},\"publisher\":{\"@id\":\"https:\\\/\\\/teo.com.br\\\/noticias\\\/#organization\"},\"datePublished\":\"2017-06-22T11:51:42-03:00\",\"dateModified\":\"2017-06-22T11:51:42-03:00\",\"inLanguage\":\"pt-BR\",\"mainEntityOfPage\":{\"@id\":\"https:\\\/\\\/teo.com.br\\\/noticias\\\/2017\\\/06\\\/22\\\/mercadoenvios-nao-envia-pac-para-sao-paulo-sp-capital-apenas-sedex\\\/#webpage\"},\"isPartOf\":{\"@id\":\"https:\\\/\\\/teo.com.br\\\/noticias\\\/2017\\\/06\\\/22\\\/mercadoenvios-nao-envia-pac-para-sao-paulo-sp-capital-apenas-sedex\\\/#webpage\"},\"articleSection\":\"Teo Costa Consultor, MercadoEnvios, mercadolivre\"},{\"@type\":\"BreadcrumbList\",\"@id\":\"https:\\\/\\\/teo.com.br\\\/noticias\\\/2017\\\/06\\\/22\\\/mercadoenvios-nao-envia-pac-para-sao-paulo-sp-capital-apenas-sedex\\\/#breadcrumblist\",\"itemListElement\":[{\"@type\":\"ListItem\",\"@id\":\"https:\\\/\\\/teo.com.br\\\/noticias#listItem\",\"position\":1,\"name\":\"Home\",\"item\":\"https:\\\/\\\/teo.com.br\\\/noticias\",\"nextItem\":{\"@type\":\"ListItem\",\"@id\":\"https:\\\/\\\/teo.com.br\\\/noticias\\\/categoria\\\/teo-costa-consultor\\\/#listItem\",\"name\":\"Teo Costa Consultor\"}},{\"@type\":\"ListItem\",\"@id\":\"https:\\\/\\\/teo.com.br\\\/noticias\\\/categoria\\\/teo-costa-consultor\\\/#listItem\",\"position\":2,\"name\":\"Teo Costa Consultor\",\"item\":\"https:\\\/\\\/teo.com.br\\\/noticias\\\/categoria\\\/teo-costa-consultor\\\/\",\"nextItem\":{\"@type\":\"ListItem\",\"@id\":\"https:\\\/\\\/teo.com.br\\\/noticias\\\/2017\\\/06\\\/22\\\/mercadoenvios-nao-envia-pac-para-sao-paulo-sp-capital-apenas-sedex\\\/#listItem\",\"name\":\"Mercadoenvios n\\u00e3o envia PAC para S\\u00e3o Paulo SP Capital, apenas SEDEX.\"},\"previousItem\":{\"@type\":\"ListItem\",\"@id\":\"https:\\\/\\\/teo.com.br\\\/noticias#listItem\",\"name\":\"Home\"}},{\"@type\":\"ListItem\",\"@id\":\"https:\\\/\\\/teo.com.br\\\/noticias\\\/2017\\\/06\\\/22\\\/mercadoenvios-nao-envia-pac-para-sao-paulo-sp-capital-apenas-sedex\\\/#listItem\",\"position\":3,\"name\":\"Mercadoenvios n\\u00e3o envia PAC para S\\u00e3o Paulo SP Capital, apenas SEDEX.\",\"previousItem\":{\"@type\":\"ListItem\",\"@id\":\"https:\\\/\\\/teo.com.br\\\/noticias\\\/categoria\\\/teo-costa-consultor\\\/#listItem\",\"name\":\"Teo Costa Consultor\"}}]},{\"@type\":\"Organization\",\"@id\":\"https:\\\/\\\/teo.com.br\\\/noticias\\\/#organization\",\"name\":\"Teo Costa - Tecnologia e Solu\\u00e7\\u00f5es Corporativas em Seguran\\u00e7a Contra Inc\\u00eandio Pesquisa de Satisfa\\u00e7\\u00e3o\",\"description\":\"Head TI - DPO\",\"url\":\"https:\\\/\\\/teo.com.br\\\/noticias\\\/\"},{\"@type\":\"Person\",\"@id\":\"https:\\\/\\\/teo.com.br\\\/noticias\\\/author\\\/temcosta\\\/#author\",\"url\":\"https:\\\/\\\/teo.com.br\\\/noticias\\\/author\\\/temcosta\\\/\",\"name\":\"teocosta\",\"image\":{\"@type\":\"ImageObject\",\"@id\":\"https:\\\/\\\/teo.com.br\\\/noticias\\\/2017\\\/06\\\/22\\\/mercadoenvios-nao-envia-pac-para-sao-paulo-sp-capital-apenas-sedex\\\/#authorImage\",\"url\":\"https:\\\/\\\/secure.gravatar.com\\\/avatar\\\/9eaa33a8942fc7cb0be99e3b8f5a8f798b4647876bd8c39ebfc4b1f5753beac2?s=96&d=mm&r=g\",\"width\":96,\"height\":96,\"caption\":\"teocosta\"}},{\"@type\":\"WebPage\",\"@id\":\"https:\\\/\\\/teo.com.br\\\/noticias\\\/2017\\\/06\\\/22\\\/mercadoenvios-nao-envia-pac-para-sao-paulo-sp-capital-apenas-sedex\\\/#webpage\",\"url\":\"https:\\\/\\\/teo.com.br\\\/noticias\\\/2017\\\/06\\\/22\\\/mercadoenvios-nao-envia-pac-para-sao-paulo-sp-capital-apenas-sedex\\\/\",\"name\":\"Mercadoenvios n\\u00e3o envia PAC para S\\u00e3o Paulo SP Capital, apenas SEDEX. - Teo\",\"description\":\"A uma semana estou tendo o problema: Mercadoenvios n\\u00e3o envia PAC para S\\u00e3o Paulo SP Capital, apenas SEDEX. Gero a etiqueta PLP do Mercadoenvios do cliente com destino para S\\u00e3o Paulo Capital. Que pagou o frete PAC. Ao postar na ag\\u00eancia dos CORREIOS, eles informam que: N\\u00e3o pode ser enviado. a TELA do sistema informa: ERRO\",\"inLanguage\":\"pt-BR\",\"isPartOf\":{\"@id\":\"https:\\\/\\\/teo.com.br\\\/noticias\\\/#website\"},\"breadcrumb\":{\"@id\":\"https:\\\/\\\/teo.com.br\\\/noticias\\\/2017\\\/06\\\/22\\\/mercadoenvios-nao-envia-pac-para-sao-paulo-sp-capital-apenas-sedex\\\/#breadcrumblist\"},\"author\":{\"@id\":\"https:\\\/\\\/teo.com.br\\\/noticias\\\/author\\\/temcosta\\\/#author\"},\"creator\":{\"@id\":\"https:\\\/\\\/teo.com.br\\\/noticias\\\/author\\\/temcosta\\\/#author\"},\"datePublished\":\"2017-06-22T11:51:42-03:00\",\"dateModified\":\"2017-06-22T11:51:42-03:00\"},{\"@type\":\"WebSite\",\"@id\":\"https:\\\/\\\/teo.com.br\\\/noticias\\\/#website\",\"url\":\"https:\\\/\\\/teo.com.br\\\/noticias\\\/\",\"name\":\"Teo Costa - Tecnologia e Solu\\u00e7\\u00f5es Corporativas em Seguran\\u00e7a Contra Inc\\u00eandio Pesquisa de Satisfa\\u00e7\\u00e3o\",\"description\":\"Head TI - DPO\",\"inLanguage\":\"pt-BR\",\"publisher\":{\"@id\":\"https:\\\/\\\/teo.com.br\\\/noticias\\\/#organization\"}}]}\n\t\t<\/script>\n\t\t<!-- All in One SEO -->\n\n","aioseo_head_json":{"title":"Mercadoenvios n\u00e3o envia PAC para S\u00e3o Paulo SP Capital, apenas SEDEX. - Teo","description":"A uma semana estou tendo o problema: Mercadoenvios n\u00e3o envia PAC para S\u00e3o Paulo SP Capital, apenas SEDEX. Gero a etiqueta PLP do Mercadoenvios do cliente com destino para S\u00e3o Paulo Capital. Que pagou o frete PAC. Ao postar na ag\u00eancia dos CORREIOS, eles informam que: N\u00e3o pode ser enviado. a TELA do sistema informa: ERRO","canonical_url":"https:\/\/teo.com.br\/noticias\/2017\/06\/22\/mercadoenvios-nao-envia-pac-para-sao-paulo-sp-capital-apenas-sedex\/","robots":"max-image-preview:large","keywords":"","webmasterTools":{"miscellaneous":""},"schema":{"@context":"https:\/\/schema.org","@graph":[{"@type":"BlogPosting","@id":"https:\/\/teo.com.br\/noticias\/2017\/06\/22\/mercadoenvios-nao-envia-pac-para-sao-paulo-sp-capital-apenas-sedex\/#blogposting","name":"Mercadoenvios n\u00e3o envia PAC para S\u00e3o Paulo SP Capital, apenas SEDEX. - Teo","headline":"Mercadoenvios n\u00e3o envia PAC para S\u00e3o Paulo SP Capital, apenas SEDEX.","author":{"@id":"https:\/\/teo.com.br\/noticias\/author\/temcosta\/#author"},"publisher":{"@id":"https:\/\/teo.com.br\/noticias\/#organization"},"datePublished":"2017-06-22T11:51:42-03:00","dateModified":"2017-06-22T11:51:42-03:00","inLanguage":"pt-BR","mainEntityOfPage":{"@id":"https:\/\/teo.com.br\/noticias\/2017\/06\/22\/mercadoenvios-nao-envia-pac-para-sao-paulo-sp-capital-apenas-sedex\/#webpage"},"isPartOf":{"@id":"https:\/\/teo.com.br\/noticias\/2017\/06\/22\/mercadoenvios-nao-envia-pac-para-sao-paulo-sp-capital-apenas-sedex\/#webpage"},"articleSection":"Teo Costa Consultor, MercadoEnvios, mercadolivre"},{"@type":"BreadcrumbList","@id":"https:\/\/teo.com.br\/noticias\/2017\/06\/22\/mercadoenvios-nao-envia-pac-para-sao-paulo-sp-capital-apenas-sedex\/#breadcrumblist","itemListElement":[{"@type":"ListItem","@id":"https:\/\/teo.com.br\/noticias#listItem","position":1,"name":"Home","item":"https:\/\/teo.com.br\/noticias","nextItem":{"@type":"ListItem","@id":"https:\/\/teo.com.br\/noticias\/categoria\/teo-costa-consultor\/#listItem","name":"Teo Costa Consultor"}},{"@type":"ListItem","@id":"https:\/\/teo.com.br\/noticias\/categoria\/teo-costa-consultor\/#listItem","position":2,"name":"Teo Costa Consultor","item":"https:\/\/teo.com.br\/noticias\/categoria\/teo-costa-consultor\/","nextItem":{"@type":"ListItem","@id":"https:\/\/teo.com.br\/noticias\/2017\/06\/22\/mercadoenvios-nao-envia-pac-para-sao-paulo-sp-capital-apenas-sedex\/#listItem","name":"Mercadoenvios n\u00e3o envia PAC para S\u00e3o Paulo SP Capital, apenas SEDEX."},"previousItem":{"@type":"ListItem","@id":"https:\/\/teo.com.br\/noticias#listItem","name":"Home"}},{"@type":"ListItem","@id":"https:\/\/teo.com.br\/noticias\/2017\/06\/22\/mercadoenvios-nao-envia-pac-para-sao-paulo-sp-capital-apenas-sedex\/#listItem","position":3,"name":"Mercadoenvios n\u00e3o envia PAC para S\u00e3o Paulo SP Capital, apenas SEDEX.","previousItem":{"@type":"ListItem","@id":"https:\/\/teo.com.br\/noticias\/categoria\/teo-costa-consultor\/#listItem","name":"Teo Costa Consultor"}}]},{"@type":"Organization","@id":"https:\/\/teo.com.br\/noticias\/#organization","name":"Teo Costa - Tecnologia e Solu\u00e7\u00f5es Corporativas em Seguran\u00e7a Contra Inc\u00eandio Pesquisa de Satisfa\u00e7\u00e3o","description":"Head TI - DPO","url":"https:\/\/teo.com.br\/noticias\/"},{"@type":"Person","@id":"https:\/\/teo.com.br\/noticias\/author\/temcosta\/#author","url":"https:\/\/teo.com.br\/noticias\/author\/temcosta\/","name":"teocosta","image":{"@type":"ImageObject","@id":"https:\/\/teo.com.br\/noticias\/2017\/06\/22\/mercadoenvios-nao-envia-pac-para-sao-paulo-sp-capital-apenas-sedex\/#authorImage","url":"https:\/\/secure.gravatar.com\/avatar\/9eaa33a8942fc7cb0be99e3b8f5a8f798b4647876bd8c39ebfc4b1f5753beac2?s=96&d=mm&r=g","width":96,"height":96,"caption":"teocosta"}},{"@type":"WebPage","@id":"https:\/\/teo.com.br\/noticias\/2017\/06\/22\/mercadoenvios-nao-envia-pac-para-sao-paulo-sp-capital-apenas-sedex\/#webpage","url":"https:\/\/teo.com.br\/noticias\/2017\/06\/22\/mercadoenvios-nao-envia-pac-para-sao-paulo-sp-capital-apenas-sedex\/","name":"Mercadoenvios n\u00e3o envia PAC para S\u00e3o Paulo SP Capital, apenas SEDEX. - Teo","description":"A uma semana estou tendo o problema: Mercadoenvios n\u00e3o envia PAC para S\u00e3o Paulo SP Capital, apenas SEDEX. Gero a etiqueta PLP do Mercadoenvios do cliente com destino para S\u00e3o Paulo Capital. Que pagou o frete PAC. Ao postar na ag\u00eancia dos CORREIOS, eles informam que: N\u00e3o pode ser enviado. a TELA do sistema informa: ERRO","inLanguage":"pt-BR","isPartOf":{"@id":"https:\/\/teo.com.br\/noticias\/#website"},"breadcrumb":{"@id":"https:\/\/teo.com.br\/noticias\/2017\/06\/22\/mercadoenvios-nao-envia-pac-para-sao-paulo-sp-capital-apenas-sedex\/#breadcrumblist"},"author":{"@id":"https:\/\/teo.com.br\/noticias\/author\/temcosta\/#author"},"creator":{"@id":"https:\/\/teo.com.br\/noticias\/author\/temcosta\/#author"},"datePublished":"2017-06-22T11:51:42-03:00","dateModified":"2017-06-22T11:51:42-03:00"},{"@type":"WebSite","@id":"https:\/\/teo.com.br\/noticias\/#website","url":"https:\/\/teo.com.br\/noticias\/","name":"Teo Costa - Tecnologia e Solu\u00e7\u00f5es Corporativas em Seguran\u00e7a Contra Inc\u00eandio Pesquisa de Satisfa\u00e7\u00e3o","description":"Head TI - DPO","inLanguage":"pt-BR","publisher":{"@id":"https:\/\/teo.com.br\/noticias\/#organization"}}]},"og:locale":"pt_BR","og:site_name":"Teo - Head TI - DPO","og:type":"article","og:title":"Mercadoenvios n\u00e3o envia PAC para S\u00e3o Paulo SP Capital, apenas SEDEX. - Teo","og:description":"A uma semana estou tendo o problema: Mercadoenvios n\u00e3o envia PAC para S\u00e3o Paulo SP Capital, apenas SEDEX. Gero a etiqueta PLP do Mercadoenvios do cliente com destino para S\u00e3o Paulo Capital. Que pagou o frete PAC. Ao postar na ag\u00eancia dos CORREIOS, eles informam que: N\u00e3o pode ser enviado. a TELA do sistema informa: ERRO","og:url":"https:\/\/teo.com.br\/noticias\/2017\/06\/22\/mercadoenvios-nao-envia-pac-para-sao-paulo-sp-capital-apenas-sedex\/","og:image":"https:\/\/teo.com.br\/wp-content\/uploads\/2024\/03\/cropped-teo.jpg","og:image:secure_url":"https:\/\/teo.com.br\/wp-content\/uploads\/2024\/03\/cropped-teo.jpg","article:published_time":"2017-06-22T14:51:42+00:00","article:modified_time":"2017-06-22T14:51:42+00:00","twitter:card":"summary_large_image","twitter:title":"Mercadoenvios n\u00e3o envia PAC para S\u00e3o Paulo SP Capital, apenas SEDEX. - Teo","twitter:description":"A uma semana estou tendo o problema: Mercadoenvios n\u00e3o envia PAC para S\u00e3o Paulo SP Capital, apenas SEDEX. Gero a etiqueta PLP do Mercadoenvios do cliente com destino para S\u00e3o Paulo Capital. Que pagou o frete PAC. Ao postar na ag\u00eancia dos CORREIOS, eles informam que: N\u00e3o pode ser enviado. a TELA do sistema informa: ERRO","twitter:image":"https:\/\/teo.com.br\/wp-content\/uploads\/2024\/03\/cropped-teo.jpg"},"aioseo_meta_data":{"post_id":"4392","title":null,"description":null,"keywords":null,"keyphrases":null,"primary_term":null,"canonical_url":null,"og_title":null,"og_description":null,"og_object_type":"default","og_image_type":"default","og_image_url":null,"og_image_width":null,"og_image_height":null,"og_image_custom_url":null,"og_image_custom_fields":null,"og_video":null,"og_custom_url":null,"og_article_section":null,"og_article_tags":null,"twitter_use_og":false,"twitter_card":"default","twitter_image_type":"default","twitter_image_url":null,"twitter_image_custom_url":null,"twitter_image_custom_fields":null,"twitter_title":null,"twitter_description":null,"schema":{"blockGraphs":[],"customGraphs":[],"default":{"data":{"Article":[],"Course":[],"Dataset":[],"FAQPage":[],"Movie":[],"Person":[],"Product":[],"ProductReview":[],"Car":[],"Recipe":[],"Service":[],"SoftwareApplication":[],"WebPage":[]},"graphName":"","isEnabled":true},"graphs":[]},"schema_type":"default","schema_type_options":null,"pillar_content":false,"robots_default":true,"robots_noindex":false,"robots_noarchive":false,"robots_nosnippet":false,"robots_nofollow":false,"robots_noimageindex":false,"robots_noodp":false,"robots_notranslate":false,"robots_max_snippet":null,"robots_max_videopreview":null,"robots_max_imagepreview":"large","priority":null,"frequency":null,"local_seo":null,"breadcrumb_settings":null,"limit_modified_date":false,"ai":null,"created":"2024-04-08 22:10:29","updated":"2025-09-12 21:14:08","seo_analyzer_scan_date":null,"focus_keyword":null,"additional_keywords":null,"truseo_locale":null},"aioseo_breadcrumb":"<div class=\"aioseo-breadcrumbs\"><span class=\"aioseo-breadcrumb\">\n\t\t\t<a href=\"https:\/\/teo.com.br\/noticias\" title=\"Home\">Home<\/a>\n\t\t<\/span><span class=\"aioseo-breadcrumb-separator\">&raquo;<\/span><span class=\"aioseo-breadcrumb\">\n\t\t\t<a href=\"https:\/\/teo.com.br\/noticias\/categoria\/teo-costa-consultor\/\" title=\"Teo Costa Consultor\">Teo Costa Consultor<\/a>\n\t\t<\/span><span class=\"aioseo-breadcrumb-separator\">&raquo;<\/span><span class=\"aioseo-breadcrumb\">\n\t\t\tMercadoenvios n\u00e3o envia PAC para S\u00e3o Paulo SP Capital, apenas SEDEX.\n\t\t<\/span><\/div>","aioseo_breadcrumb_json":[{"label":"Home","link":"https:\/\/teo.com.br\/noticias"},{"label":"Teo Costa Consultor","link":"https:\/\/teo.com.br\/noticias\/categoria\/teo-costa-consultor\/"},{"label":"Mercadoenvios n\u00e3o envia PAC para S\u00e3o Paulo SP Capital, apenas SEDEX.","link":"https:\/\/teo.com.br\/noticias\/2017\/06\/22\/mercadoenvios-nao-envia-pac-para-sao-paulo-sp-capital-apenas-sedex\/"}],"_links":{"self":[{"href":"https:\/\/teo.com.br\/noticias\/wp-json\/wp\/v2\/posts\/4392","targetHints":{"allow":["GET"]}}],"collection":[{"href":"https:\/\/teo.com.br\/noticias\/wp-json\/wp\/v2\/posts"}],"about":[{"href":"https:\/\/teo.com.br\/noticias\/wp-json\/wp\/v2\/types\/post"}],"author":[{"embeddable":true,"href":"https:\/\/teo.com.br\/noticias\/wp-json\/wp\/v2\/users\/1"}],"replies":[{"embeddable":true,"href":"https:\/\/teo.com.br\/noticias\/wp-json\/wp\/v2\/comments?post=4392"}],"version-history":[{"count":0,"href":"https:\/\/teo.com.br\/noticias\/wp-json\/wp\/v2\/posts\/4392\/revisions"}],"wp:attachment":[{"href":"https:\/\/teo.com.br\/noticias\/wp-json\/wp\/v2\/media?parent=4392"}],"wp:term":[{"taxonomy":"category","embeddable":true,"href":"https:\/\/teo.com.br\/noticias\/wp-json\/wp\/v2\/categories?post=4392"},{"taxonomy":"post_tag","embeddable":true,"href":"https:\/\/teo.com.br\/noticias\/wp-json\/wp\/v2\/tags?post=4392"}],"curies":[{"name":"wp","href":"https:\/\/api.w.org\/{rel}","templated":true}]}}