{"id":4403,"date":"2017-08-04T18:48:52","date_gmt":"2017-08-04T21:48:52","guid":{"rendered":"http:\/\/www.teo.com.br\/?p=4403"},"modified":"2017-08-04T18:48:52","modified_gmt":"2017-08-04T21:48:52","slug":"dizer-tres-defeitos-na-sua-entrevista-de-emprego","status":"publish","type":"post","link":"https:\/\/teo.com.br\/noticias\/2017\/08\/04\/dizer-tres-defeitos-na-sua-entrevista-de-emprego\/","title":{"rendered":"Dizer tr\u00eas defeitos na sua entrevista de emprego?"},"content":{"rendered":"<p>Vi um post no Linkedin assim:<\/p>\n<p><em>Enquanto isso na entrevista&#8230; &#8220;Diga 3 defeitos seus&#8221; &#8220;Digo sim&#8230; 1- impaci\u00eancia com perguntas tolas; 2- incredulidade, pois acho que ningu\u00e9m dir\u00e1 a verdade a respeito; 3- raiva, porque sei que acabei de dan\u00e7ar nesse processo seletivo!&#8221; \u00c9 assim ou n\u00e3o \u00e9?<\/em><\/p>\n<p>&nbsp;<\/p>\n<p>Vejo um pouco diferente.<br \/>\n1) A pessoa (entrevistador) recebe um briefing (ele precisa seguir)<br \/>\n2) A empresa precisa conhecer &#8220;os seus dois lados&#8221;.<br \/>\n3) Um ponto \u00e9 se auto-conhecer<br \/>\n4) Manter a calma, e preparado e falar.<\/p>\n<p>Eu por exemplo responderia:<br \/>\nA) N\u00e3o ter feito ainda o meu MBA, o qual acredito oferecer melhores oportunidades.<br \/>\nB) N\u00e3o ter um ingl\u00eas afiado! Vejo excelentes oportunidades para trabalhar fora como Analista de Sistemas, e por falta do ingles, perco as oportunidades.<br \/>\nC) Um outro defeito, \u00e9 n\u00e3o ter me preparado bem para responder este tipo de pergunta.<\/p>\n<p>*Viu como \u00e9 simples. Acredito que ir &#8220;preparado&#8221; \u00e9 o melhor caminho!<\/p>\n<p>Ainda mais em um momento t\u00e3o dificil para as pessoas: Estar desempregado!<\/p>\n<p>Ent\u00e3o, para quem busca a oportunidade: Calma e Preparo! E um sorriso SEMPRE!<\/p>\n<p>O entrevistador, n\u00e3o tem culpa que voc\u00ea est\u00e1 DESESPERADO, a 6 meses ou um ano buscando emprego, que teve que pedir emprestado grana pro bus\u00e3o, e nem vai almo\u00e7ar, naquelas entrevistas chatas que fica o dia todo, e bl\u00e1 bl\u00e1 bl\u00e1.<\/p>\n","protected":false},"excerpt":{"rendered":"<p>Vi um post no Linkedin assim: Enquanto isso na entrevista&#8230; &#8220;Diga 3 defeitos seus&#8221; &#8220;Digo sim&#8230; 1- impaci\u00eancia com perguntas tolas; 2- incredulidade, pois acho que ningu\u00e9m dir\u00e1 a verdade&hellip;<\/p>\n","protected":false},"author":1,"featured_media":0,"comment_status":"open","ping_status":"closed","sticky":false,"template":"","format":"standard","meta":{"footnotes":""},"categories":[4],"tags":[],"class_list":["post-4403","post","type-post","status-publish","format-standard","hentry","category-teo-costa-consultor"],"aioseo_notices":[],"aioseo_head":"\n\t\t<!-- All in One SEO 5.0.0.1 - aioseo.com -->\n\t<meta name=\"description\" content=\"Vi um post no Linkedin assim: Enquanto isso na entrevista... &quot;Diga 3 defeitos seus&quot; &quot;Digo sim... 1- impaci\u00eancia com perguntas tolas; 2- incredulidade, pois acho que ningu\u00e9m dir\u00e1 a verdade a respeito; 3- raiva, porque sei que acabei de dan\u00e7ar nesse processo seletivo!&quot; \u00c9 assim ou n\u00e3o \u00e9? Vejo um pouco diferente. 1) A\" \/>\n\t<meta name=\"robots\" content=\"max-image-preview:large\" \/>\n\t<meta name=\"author\" content=\"teocosta\"\/>\n\t<link rel=\"canonical\" href=\"https:\/\/teo.com.br\/noticias\/2017\/08\/04\/dizer-tres-defeitos-na-sua-entrevista-de-emprego\/\" \/>\n\t<meta name=\"generator\" content=\"All in One SEO (AIOSEO) 5.0.0.1\" \/>\n\t\t<meta property=\"og:locale\" content=\"pt_BR\" \/>\n\t\t<meta property=\"og:site_name\" content=\"Teo - Head TI - DPO\" \/>\n\t\t<meta property=\"og:type\" content=\"article\" \/>\n\t\t<meta property=\"og:title\" content=\"Dizer tr\u00eas defeitos na sua entrevista de emprego? - Teo\" \/>\n\t\t<meta property=\"og:description\" content=\"Vi um post no Linkedin assim: Enquanto isso na entrevista... &quot;Diga 3 defeitos seus&quot; &quot;Digo sim... 1- impaci\u00eancia com perguntas tolas; 2- incredulidade, pois acho que ningu\u00e9m dir\u00e1 a verdade a respeito; 3- raiva, porque sei que acabei de dan\u00e7ar nesse processo seletivo!&quot; \u00c9 assim ou n\u00e3o \u00e9? Vejo um pouco diferente. 1) A\" \/>\n\t\t<meta property=\"og:url\" content=\"https:\/\/teo.com.br\/noticias\/2017\/08\/04\/dizer-tres-defeitos-na-sua-entrevista-de-emprego\/\" \/>\n\t\t<meta property=\"og:image\" content=\"https:\/\/teo.com.br\/wp-content\/uploads\/2024\/03\/cropped-teo.jpg\" \/>\n\t\t<meta property=\"og:image:secure_url\" content=\"https:\/\/teo.com.br\/wp-content\/uploads\/2024\/03\/cropped-teo.jpg\" \/>\n\t\t<meta property=\"article:published_time\" content=\"2017-08-04T21:48:52+00:00\" \/>\n\t\t<meta property=\"article:modified_time\" content=\"2017-08-04T21:48:52+00:00\" \/>\n\t\t<meta name=\"twitter:card\" content=\"summary_large_image\" \/>\n\t\t<meta name=\"twitter:title\" content=\"Dizer tr\u00eas defeitos na sua entrevista de emprego? - Teo\" \/>\n\t\t<meta name=\"twitter:description\" content=\"Vi um post no Linkedin assim: Enquanto isso na entrevista... &quot;Diga 3 defeitos seus&quot; &quot;Digo sim... 1- impaci\u00eancia com perguntas tolas; 2- incredulidade, pois acho que ningu\u00e9m dir\u00e1 a verdade a respeito; 3- raiva, porque sei que acabei de dan\u00e7ar nesse processo seletivo!&quot; \u00c9 assim ou n\u00e3o \u00e9? Vejo um pouco diferente. 1) A\" \/>\n\t\t<meta name=\"twitter:image\" content=\"https:\/\/teo.com.br\/wp-content\/uploads\/2024\/03\/cropped-teo.jpg\" \/>\n\t\t<script type=\"application\/ld+json\" class=\"aioseo-schema\">\n\t\t\t{\"@context\":\"https:\\\/\\\/schema.org\",\"@graph\":[{\"@type\":\"BlogPosting\",\"@id\":\"https:\\\/\\\/teo.com.br\\\/noticias\\\/2017\\\/08\\\/04\\\/dizer-tres-defeitos-na-sua-entrevista-de-emprego\\\/#blogposting\",\"name\":\"Dizer tr\\u00eas defeitos na sua entrevista de emprego? - Teo\",\"headline\":\"Dizer tr\\u00eas defeitos na sua entrevista de emprego?\",\"author\":{\"@id\":\"https:\\\/\\\/teo.com.br\\\/noticias\\\/author\\\/temcosta\\\/#author\"},\"publisher\":{\"@id\":\"https:\\\/\\\/teo.com.br\\\/noticias\\\/#organization\"},\"datePublished\":\"2017-08-04T18:48:52-03:00\",\"dateModified\":\"2017-08-04T18:48:52-03:00\",\"inLanguage\":\"pt-BR\",\"mainEntityOfPage\":{\"@id\":\"https:\\\/\\\/teo.com.br\\\/noticias\\\/2017\\\/08\\\/04\\\/dizer-tres-defeitos-na-sua-entrevista-de-emprego\\\/#webpage\"},\"isPartOf\":{\"@id\":\"https:\\\/\\\/teo.com.br\\\/noticias\\\/2017\\\/08\\\/04\\\/dizer-tres-defeitos-na-sua-entrevista-de-emprego\\\/#webpage\"},\"articleSection\":\"Teo Costa Consultor\"},{\"@type\":\"BreadcrumbList\",\"@id\":\"https:\\\/\\\/teo.com.br\\\/noticias\\\/2017\\\/08\\\/04\\\/dizer-tres-defeitos-na-sua-entrevista-de-emprego\\\/#breadcrumblist\",\"itemListElement\":[{\"@type\":\"ListItem\",\"@id\":\"https:\\\/\\\/teo.com.br\\\/noticias#listItem\",\"position\":1,\"name\":\"Home\",\"item\":\"https:\\\/\\\/teo.com.br\\\/noticias\",\"nextItem\":{\"@type\":\"ListItem\",\"@id\":\"https:\\\/\\\/teo.com.br\\\/noticias\\\/categoria\\\/teo-costa-consultor\\\/#listItem\",\"name\":\"Teo Costa Consultor\"}},{\"@type\":\"ListItem\",\"@id\":\"https:\\\/\\\/teo.com.br\\\/noticias\\\/categoria\\\/teo-costa-consultor\\\/#listItem\",\"position\":2,\"name\":\"Teo Costa Consultor\",\"item\":\"https:\\\/\\\/teo.com.br\\\/noticias\\\/categoria\\\/teo-costa-consultor\\\/\",\"nextItem\":{\"@type\":\"ListItem\",\"@id\":\"https:\\\/\\\/teo.com.br\\\/noticias\\\/2017\\\/08\\\/04\\\/dizer-tres-defeitos-na-sua-entrevista-de-emprego\\\/#listItem\",\"name\":\"Dizer tr\\u00eas defeitos na sua entrevista de emprego?\"},\"previousItem\":{\"@type\":\"ListItem\",\"@id\":\"https:\\\/\\\/teo.com.br\\\/noticias#listItem\",\"name\":\"Home\"}},{\"@type\":\"ListItem\",\"@id\":\"https:\\\/\\\/teo.com.br\\\/noticias\\\/2017\\\/08\\\/04\\\/dizer-tres-defeitos-na-sua-entrevista-de-emprego\\\/#listItem\",\"position\":3,\"name\":\"Dizer tr\\u00eas defeitos na sua entrevista de emprego?\",\"previousItem\":{\"@type\":\"ListItem\",\"@id\":\"https:\\\/\\\/teo.com.br\\\/noticias\\\/categoria\\\/teo-costa-consultor\\\/#listItem\",\"name\":\"Teo Costa Consultor\"}}]},{\"@type\":\"Organization\",\"@id\":\"https:\\\/\\\/teo.com.br\\\/noticias\\\/#organization\",\"name\":\"Teo Costa - Tecnologia e Solu\\u00e7\\u00f5es Corporativas em Seguran\\u00e7a Contra Inc\\u00eandio Pesquisa de Satisfa\\u00e7\\u00e3o\",\"description\":\"Head TI - DPO\",\"url\":\"https:\\\/\\\/teo.com.br\\\/noticias\\\/\"},{\"@type\":\"Person\",\"@id\":\"https:\\\/\\\/teo.com.br\\\/noticias\\\/author\\\/temcosta\\\/#author\",\"url\":\"https:\\\/\\\/teo.com.br\\\/noticias\\\/author\\\/temcosta\\\/\",\"name\":\"teocosta\",\"image\":{\"@type\":\"ImageObject\",\"@id\":\"https:\\\/\\\/teo.com.br\\\/noticias\\\/2017\\\/08\\\/04\\\/dizer-tres-defeitos-na-sua-entrevista-de-emprego\\\/#authorImage\",\"url\":\"https:\\\/\\\/secure.gravatar.com\\\/avatar\\\/9eaa33a8942fc7cb0be99e3b8f5a8f798b4647876bd8c39ebfc4b1f5753beac2?s=96&d=mm&r=g\",\"width\":96,\"height\":96,\"caption\":\"teocosta\"}},{\"@type\":\"WebPage\",\"@id\":\"https:\\\/\\\/teo.com.br\\\/noticias\\\/2017\\\/08\\\/04\\\/dizer-tres-defeitos-na-sua-entrevista-de-emprego\\\/#webpage\",\"url\":\"https:\\\/\\\/teo.com.br\\\/noticias\\\/2017\\\/08\\\/04\\\/dizer-tres-defeitos-na-sua-entrevista-de-emprego\\\/\",\"name\":\"Dizer tr\\u00eas defeitos na sua entrevista de emprego? - Teo\",\"description\":\"Vi um post no Linkedin assim: Enquanto isso na entrevista... \\\"Diga 3 defeitos seus\\\" \\\"Digo sim... 1- impaci\\u00eancia com perguntas tolas; 2- incredulidade, pois acho que ningu\\u00e9m dir\\u00e1 a verdade a respeito; 3- raiva, porque sei que acabei de dan\\u00e7ar nesse processo seletivo!\\\" \\u00c9 assim ou n\\u00e3o \\u00e9? Vejo um pouco diferente. 1) A\",\"inLanguage\":\"pt-BR\",\"isPartOf\":{\"@id\":\"https:\\\/\\\/teo.com.br\\\/noticias\\\/#website\"},\"breadcrumb\":{\"@id\":\"https:\\\/\\\/teo.com.br\\\/noticias\\\/2017\\\/08\\\/04\\\/dizer-tres-defeitos-na-sua-entrevista-de-emprego\\\/#breadcrumblist\"},\"author\":{\"@id\":\"https:\\\/\\\/teo.com.br\\\/noticias\\\/author\\\/temcosta\\\/#author\"},\"creator\":{\"@id\":\"https:\\\/\\\/teo.com.br\\\/noticias\\\/author\\\/temcosta\\\/#author\"},\"datePublished\":\"2017-08-04T18:48:52-03:00\",\"dateModified\":\"2017-08-04T18:48:52-03:00\"},{\"@type\":\"WebSite\",\"@id\":\"https:\\\/\\\/teo.com.br\\\/noticias\\\/#website\",\"url\":\"https:\\\/\\\/teo.com.br\\\/noticias\\\/\",\"name\":\"Teo Costa - Tecnologia e Solu\\u00e7\\u00f5es Corporativas em Seguran\\u00e7a Contra Inc\\u00eandio Pesquisa de Satisfa\\u00e7\\u00e3o\",\"description\":\"Head TI - DPO\",\"inLanguage\":\"pt-BR\",\"publisher\":{\"@id\":\"https:\\\/\\\/teo.com.br\\\/noticias\\\/#organization\"}}]}\n\t\t<\/script>\n\t\t<!-- All in One SEO -->\n\n","aioseo_head_json":{"title":"Dizer tr\u00eas defeitos na sua entrevista de emprego? - Teo","description":"Vi um post no Linkedin assim: Enquanto isso na entrevista... \"Diga 3 defeitos seus\" \"Digo sim... 1- impaci\u00eancia com perguntas tolas; 2- incredulidade, pois acho que ningu\u00e9m dir\u00e1 a verdade a respeito; 3- raiva, porque sei que acabei de dan\u00e7ar nesse processo seletivo!\" \u00c9 assim ou n\u00e3o \u00e9? Vejo um pouco diferente. 1) A","canonical_url":"https:\/\/teo.com.br\/noticias\/2017\/08\/04\/dizer-tres-defeitos-na-sua-entrevista-de-emprego\/","robots":"max-image-preview:large","keywords":"","webmasterTools":{"miscellaneous":""},"schema":{"@context":"https:\/\/schema.org","@graph":[{"@type":"BlogPosting","@id":"https:\/\/teo.com.br\/noticias\/2017\/08\/04\/dizer-tres-defeitos-na-sua-entrevista-de-emprego\/#blogposting","name":"Dizer tr\u00eas defeitos na sua entrevista de emprego? - Teo","headline":"Dizer tr\u00eas defeitos na sua entrevista de emprego?","author":{"@id":"https:\/\/teo.com.br\/noticias\/author\/temcosta\/#author"},"publisher":{"@id":"https:\/\/teo.com.br\/noticias\/#organization"},"datePublished":"2017-08-04T18:48:52-03:00","dateModified":"2017-08-04T18:48:52-03:00","inLanguage":"pt-BR","mainEntityOfPage":{"@id":"https:\/\/teo.com.br\/noticias\/2017\/08\/04\/dizer-tres-defeitos-na-sua-entrevista-de-emprego\/#webpage"},"isPartOf":{"@id":"https:\/\/teo.com.br\/noticias\/2017\/08\/04\/dizer-tres-defeitos-na-sua-entrevista-de-emprego\/#webpage"},"articleSection":"Teo Costa Consultor"},{"@type":"BreadcrumbList","@id":"https:\/\/teo.com.br\/noticias\/2017\/08\/04\/dizer-tres-defeitos-na-sua-entrevista-de-emprego\/#breadcrumblist","itemListElement":[{"@type":"ListItem","@id":"https:\/\/teo.com.br\/noticias#listItem","position":1,"name":"Home","item":"https:\/\/teo.com.br\/noticias","nextItem":{"@type":"ListItem","@id":"https:\/\/teo.com.br\/noticias\/categoria\/teo-costa-consultor\/#listItem","name":"Teo Costa Consultor"}},{"@type":"ListItem","@id":"https:\/\/teo.com.br\/noticias\/categoria\/teo-costa-consultor\/#listItem","position":2,"name":"Teo Costa Consultor","item":"https:\/\/teo.com.br\/noticias\/categoria\/teo-costa-consultor\/","nextItem":{"@type":"ListItem","@id":"https:\/\/teo.com.br\/noticias\/2017\/08\/04\/dizer-tres-defeitos-na-sua-entrevista-de-emprego\/#listItem","name":"Dizer tr\u00eas defeitos na sua entrevista de emprego?"},"previousItem":{"@type":"ListItem","@id":"https:\/\/teo.com.br\/noticias#listItem","name":"Home"}},{"@type":"ListItem","@id":"https:\/\/teo.com.br\/noticias\/2017\/08\/04\/dizer-tres-defeitos-na-sua-entrevista-de-emprego\/#listItem","position":3,"name":"Dizer tr\u00eas defeitos na sua entrevista de emprego?","previousItem":{"@type":"ListItem","@id":"https:\/\/teo.com.br\/noticias\/categoria\/teo-costa-consultor\/#listItem","name":"Teo Costa Consultor"}}]},{"@type":"Organization","@id":"https:\/\/teo.com.br\/noticias\/#organization","name":"Teo Costa - Tecnologia e Solu\u00e7\u00f5es Corporativas em Seguran\u00e7a Contra Inc\u00eandio Pesquisa de Satisfa\u00e7\u00e3o","description":"Head TI - DPO","url":"https:\/\/teo.com.br\/noticias\/"},{"@type":"Person","@id":"https:\/\/teo.com.br\/noticias\/author\/temcosta\/#author","url":"https:\/\/teo.com.br\/noticias\/author\/temcosta\/","name":"teocosta","image":{"@type":"ImageObject","@id":"https:\/\/teo.com.br\/noticias\/2017\/08\/04\/dizer-tres-defeitos-na-sua-entrevista-de-emprego\/#authorImage","url":"https:\/\/secure.gravatar.com\/avatar\/9eaa33a8942fc7cb0be99e3b8f5a8f798b4647876bd8c39ebfc4b1f5753beac2?s=96&d=mm&r=g","width":96,"height":96,"caption":"teocosta"}},{"@type":"WebPage","@id":"https:\/\/teo.com.br\/noticias\/2017\/08\/04\/dizer-tres-defeitos-na-sua-entrevista-de-emprego\/#webpage","url":"https:\/\/teo.com.br\/noticias\/2017\/08\/04\/dizer-tres-defeitos-na-sua-entrevista-de-emprego\/","name":"Dizer tr\u00eas defeitos na sua entrevista de emprego? - Teo","description":"Vi um post no Linkedin assim: Enquanto isso na entrevista... \"Diga 3 defeitos seus\" \"Digo sim... 1- impaci\u00eancia com perguntas tolas; 2- incredulidade, pois acho que ningu\u00e9m dir\u00e1 a verdade a respeito; 3- raiva, porque sei que acabei de dan\u00e7ar nesse processo seletivo!\" \u00c9 assim ou n\u00e3o \u00e9? Vejo um pouco diferente. 1) A","inLanguage":"pt-BR","isPartOf":{"@id":"https:\/\/teo.com.br\/noticias\/#website"},"breadcrumb":{"@id":"https:\/\/teo.com.br\/noticias\/2017\/08\/04\/dizer-tres-defeitos-na-sua-entrevista-de-emprego\/#breadcrumblist"},"author":{"@id":"https:\/\/teo.com.br\/noticias\/author\/temcosta\/#author"},"creator":{"@id":"https:\/\/teo.com.br\/noticias\/author\/temcosta\/#author"},"datePublished":"2017-08-04T18:48:52-03:00","dateModified":"2017-08-04T18:48:52-03:00"},{"@type":"WebSite","@id":"https:\/\/teo.com.br\/noticias\/#website","url":"https:\/\/teo.com.br\/noticias\/","name":"Teo Costa - Tecnologia e Solu\u00e7\u00f5es Corporativas em Seguran\u00e7a Contra Inc\u00eandio Pesquisa de Satisfa\u00e7\u00e3o","description":"Head TI - DPO","inLanguage":"pt-BR","publisher":{"@id":"https:\/\/teo.com.br\/noticias\/#organization"}}]},"og:locale":"pt_BR","og:site_name":"Teo - Head TI - DPO","og:type":"article","og:title":"Dizer tr\u00eas defeitos na sua entrevista de emprego? - Teo","og:description":"Vi um post no Linkedin assim: Enquanto isso na entrevista... &quot;Diga 3 defeitos seus&quot; &quot;Digo sim... 1- impaci\u00eancia com perguntas tolas; 2- incredulidade, pois acho que ningu\u00e9m dir\u00e1 a verdade a respeito; 3- raiva, porque sei que acabei de dan\u00e7ar nesse processo seletivo!&quot; \u00c9 assim ou n\u00e3o \u00e9? Vejo um pouco diferente. 1) A","og:url":"https:\/\/teo.com.br\/noticias\/2017\/08\/04\/dizer-tres-defeitos-na-sua-entrevista-de-emprego\/","og:image":"https:\/\/teo.com.br\/wp-content\/uploads\/2024\/03\/cropped-teo.jpg","og:image:secure_url":"https:\/\/teo.com.br\/wp-content\/uploads\/2024\/03\/cropped-teo.jpg","article:published_time":"2017-08-04T21:48:52+00:00","article:modified_time":"2017-08-04T21:48:52+00:00","twitter:card":"summary_large_image","twitter:title":"Dizer tr\u00eas defeitos na sua entrevista de emprego? - Teo","twitter:description":"Vi um post no Linkedin assim: Enquanto isso na entrevista... &quot;Diga 3 defeitos seus&quot; &quot;Digo sim... 1- impaci\u00eancia com perguntas tolas; 2- incredulidade, pois acho que ningu\u00e9m dir\u00e1 a verdade a respeito; 3- raiva, porque sei que acabei de dan\u00e7ar nesse processo seletivo!&quot; \u00c9 assim ou n\u00e3o \u00e9? Vejo um pouco diferente. 1) A","twitter:image":"https:\/\/teo.com.br\/wp-content\/uploads\/2024\/03\/cropped-teo.jpg"},"aioseo_meta_data":{"post_id":"4403","title":null,"description":null,"keywords":null,"keyphrases":null,"primary_term":null,"canonical_url":null,"og_title":null,"og_description":null,"og_object_type":"default","og_image_type":"default","og_image_url":null,"og_image_width":null,"og_image_height":null,"og_image_custom_url":null,"og_image_custom_fields":null,"og_video":null,"og_custom_url":null,"og_article_section":null,"og_article_tags":null,"twitter_use_og":false,"twitter_card":"default","twitter_image_type":"default","twitter_image_url":null,"twitter_image_custom_url":null,"twitter_image_custom_fields":null,"twitter_title":null,"twitter_description":null,"schema":{"blockGraphs":[],"customGraphs":[],"default":{"data":{"Article":[],"Course":[],"Dataset":[],"FAQPage":[],"Movie":[],"Person":[],"Product":[],"ProductReview":[],"Car":[],"Recipe":[],"Service":[],"SoftwareApplication":[],"WebPage":[]},"graphName":"","isEnabled":true},"graphs":[]},"schema_type":"default","schema_type_options":null,"pillar_content":false,"robots_default":true,"robots_noindex":false,"robots_noarchive":false,"robots_nosnippet":false,"robots_nofollow":false,"robots_noimageindex":false,"robots_noodp":false,"robots_notranslate":false,"robots_max_snippet":null,"robots_max_videopreview":null,"robots_max_imagepreview":"large","priority":null,"frequency":null,"local_seo":null,"breadcrumb_settings":null,"limit_modified_date":false,"ai":null,"created":"2024-04-08 22:11:29","updated":"2025-09-12 21:16:09","seo_analyzer_scan_date":null,"focus_keyword":null,"additional_keywords":null,"truseo_locale":null},"aioseo_breadcrumb":"<div class=\"aioseo-breadcrumbs\"><span class=\"aioseo-breadcrumb\">\n\t\t\t<a href=\"https:\/\/teo.com.br\/noticias\" title=\"Home\">Home<\/a>\n\t\t<\/span><span class=\"aioseo-breadcrumb-separator\">&raquo;<\/span><span class=\"aioseo-breadcrumb\">\n\t\t\t<a href=\"https:\/\/teo.com.br\/noticias\/categoria\/teo-costa-consultor\/\" title=\"Teo Costa Consultor\">Teo Costa Consultor<\/a>\n\t\t<\/span><span class=\"aioseo-breadcrumb-separator\">&raquo;<\/span><span class=\"aioseo-breadcrumb\">\n\t\t\tDizer tr\u00eas defeitos na sua entrevista de emprego?\n\t\t<\/span><\/div>","aioseo_breadcrumb_json":[{"label":"Home","link":"https:\/\/teo.com.br\/noticias"},{"label":"Teo Costa Consultor","link":"https:\/\/teo.com.br\/noticias\/categoria\/teo-costa-consultor\/"},{"label":"Dizer tr\u00eas defeitos na sua entrevista de emprego?","link":"https:\/\/teo.com.br\/noticias\/2017\/08\/04\/dizer-tres-defeitos-na-sua-entrevista-de-emprego\/"}],"_links":{"self":[{"href":"https:\/\/teo.com.br\/noticias\/wp-json\/wp\/v2\/posts\/4403","targetHints":{"allow":["GET"]}}],"collection":[{"href":"https:\/\/teo.com.br\/noticias\/wp-json\/wp\/v2\/posts"}],"about":[{"href":"https:\/\/teo.com.br\/noticias\/wp-json\/wp\/v2\/types\/post"}],"author":[{"embeddable":true,"href":"https:\/\/teo.com.br\/noticias\/wp-json\/wp\/v2\/users\/1"}],"replies":[{"embeddable":true,"href":"https:\/\/teo.com.br\/noticias\/wp-json\/wp\/v2\/comments?post=4403"}],"version-history":[{"count":0,"href":"https:\/\/teo.com.br\/noticias\/wp-json\/wp\/v2\/posts\/4403\/revisions"}],"wp:attachment":[{"href":"https:\/\/teo.com.br\/noticias\/wp-json\/wp\/v2\/media?parent=4403"}],"wp:term":[{"taxonomy":"category","embeddable":true,"href":"https:\/\/teo.com.br\/noticias\/wp-json\/wp\/v2\/categories?post=4403"},{"taxonomy":"post_tag","embeddable":true,"href":"https:\/\/teo.com.br\/noticias\/wp-json\/wp\/v2\/tags?post=4403"}],"curies":[{"name":"wp","href":"https:\/\/api.w.org\/{rel}","templated":true}]}}