{"id":5065,"date":"2022-11-12T16:30:00","date_gmt":"2022-11-12T16:30:00","guid":{"rendered":"https:\/\/teo.com.br\/?p=5065"},"modified":"2022-11-12T16:30:00","modified_gmt":"2022-11-12T16:30:00","slug":"a-moldura-de-normas-que-se-dispoem-em-escaloes-no-ordenamento-juridico","status":"publish","type":"post","link":"https:\/\/teo.com.br\/noticias\/2022\/11\/12\/a-moldura-de-normas-que-se-dispoem-em-escaloes-no-ordenamento-juridico\/","title":{"rendered":"A moldura de normas que se disp\u00f5em em escal\u00f5es no Ordenamento Jur\u00eddico"},"content":{"rendered":"\n<h1 class=\"wp-block-heading\" id=\"titTopico\">A moldura da norma<\/h1>\n\n\n\n<p class=\"wp-block-paragraph\">Entender que para Hans Kelsen, o direito \u00e9 um conjunto de normas que se disp\u00f5em em escal\u00f5es no Ordenamento Jur\u00eddico.<\/p>\n\n\n\n<p class=\"wp-block-paragraph\">Desde o escal\u00e3o de maior n\u00edvel hier\u00e1rquico \u2013 onde se encontram as normas constitucionais \u2013 at\u00e9 o escal\u00e3o mais inferior \u2013 onde se encontram, por exemplo, as senten\u00e7as judiciais, que s\u00e3o normas jur\u00eddicas individuais \u2013, as normas encontram-se relacionadas entre si por meio do Princ\u00edpio da Hierarquia das Normas (a norma superior outorga compet\u00eancia a um \u00f3rg\u00e3o que cria a norma inferior). As normas fundamentam sua validade nas normas superiores.<\/p>\n\n\n\n<p class=\"wp-block-paragraph\">Quando se passa de um escal\u00e3o superior a um inferior (como de uma lei a uma senten\u00e7a), o direito sempre apresenta uma indetermina\u00e7\u00e3o.<\/p>\n\n\n\n<p class=\"wp-block-paragraph\"><strong>Essa indetermina\u00e7\u00e3o pode ser:<\/strong><\/p>\n\n\n\n<ul class=\"wp-block-list\"><li>&#8211; intencional: origina-se da vontade do criador da norma de escal\u00e3o superior \u2013 por exemplo, o legislador determinou que a pena para o crime de homic\u00eddio simples \u00e9 de seis a vinte anos. Cabe ao juiz, aplicador da norma e criador da senten\u00e7a (norma jur\u00eddica individual), determinar a quantidade da pena, dentro do intervalo de seis a vinte anos;<\/li><li>&#8211; n\u00e3o intencional: como as normas s\u00e3o expressas linguisticamente, isto \u00e9, por meio de palavras, h\u00e1 uma indetermina\u00e7\u00e3o quanto ao seu sentido, pois as palavras possuem mais do que um sentido, e o sentido das palavras depende do contexto em que s\u00e3o usadas.<\/li><\/ul>\n\n\n\n<p class=\"wp-block-paragraph\">Dada uma norma geral (que se encontra, por exemplo, numa lei), ela n\u00e3o possui um \u00fanico sentido. Em outras palavras, diferentes pessoas que a interpretam podem chegar a resultados diferentes.<\/p>\n\n\n\n<p class=\"wp-block-paragraph\">O juiz que vai aplicar essa norma geral encontra-se diante de v\u00e1rias normas jur\u00eddicas individuais em potencial. Ele ter\u00e1 que, mediante um ato de vontade, escolher uma dessas normas jur\u00eddicas individuais em potencial para formar a sua decis\u00e3o, isto \u00e9, ele ir\u00e1 transform\u00e1-la na senten\u00e7a que decidiu o caso julgado (na norma jur\u00eddica individual que, uma vez transitada em julgado, ingressou definitivamente no Ordenamento Jur\u00eddico).<\/p>\n\n\n\n<p class=\"wp-block-paragraph\"><strong>Por exemplo:<\/strong>&nbsp;dois ju\u00edzes julgam casos semelhantes, a saber, se o \u201ce-book\u201d goza ou n\u00e3o de imunidade tribut\u00e1ria.<\/p>\n\n\n\n<p class=\"wp-block-paragraph\">Determina a Constitui\u00e7\u00e3o Federal em seu artigo 150, VI, d:<\/p>\n\n\n\n<p class=\"wp-block-paragraph\"><strong>Art. 150<\/strong>. Sem preju\u00edzo de outras garantias asseguradas ao contribuinte, \u00e9 vedado \u00e0 Uni\u00e3o, aos Estados, ao Distrito Federal e aos Munic\u00edpios: (&#8230;)<\/p>\n\n\n\n<p class=\"wp-block-paragraph\"><strong>VI&nbsp;<\/strong>&#8211; instituir impostos sobre: (&#8230;)<\/p>\n\n\n\n<p class=\"wp-block-paragraph\"><strong>d)<\/strong>&nbsp;livros, jornais, peri\u00f3dicos e o papel destinado a sua impress\u00e3o.<\/p>\n\n\n\n<p class=\"wp-block-paragraph\">Juiz J1: Os livros s\u00e3o objetos de papel, encadernados por uma lombada, com capa. Se o sentido do termo ling\u00fc\u00edstico \u201clivro\u201d \u00e9 esse, o chamado \u201ce-book\u201d n\u00e3o \u00e9 livro, pois n\u00e3o \u00e9 feito de papel. Portanto, o \u201ce-book\u201d n\u00e3o goza de imunidade tribut\u00e1ria e as empresas que o fabricam ou o comercializam est\u00e3o obrigadas a pagar os impostos decorrentes dessas atividades.<\/p>\n\n\n\n<p class=\"wp-block-paragraph\"><strong>Juiz J2<\/strong>: O sentido do termo ling\u00fc\u00edstico \u201clivro\u201d n\u00e3o pode ser dado a partir do seu suporte material. Afinal de contas, o conte\u00fado do que chamamos de \u201clivro\u201d j\u00e1 foi encontrado em outros materiais al\u00e9m do papel: em papiro, em couro, em pedra &#8230;E, agora, esse conte\u00fado est\u00e1 armazenado eletronicamente nos \u201ce-books\u201d. \u201cE-book\u201d, portanto, \u00e9 livro, \u00e9 livro eletr\u00f4nico, o que significa dizer que gozam de imunidade tribut\u00e1ria e que as empresas que o fabricam ou o comercializam n\u00e3o est\u00e3o obrigadas a pagar os impostos decorrentes dessas atividades.<\/p>\n\n\n\n<p class=\"wp-block-paragraph\">\u00c9 poss\u00edvel, ainda, que um terceiro juiz encontre um terceiro sentido para o termo \u201clivro\u201d, alargando os limites da moldura. Nem mesmo os limites da moldura s\u00e3o fixos!<\/p>\n\n\n\n<p class=\"wp-block-paragraph\"><\/p>\n\n\n\n<h3 class=\"wp-block-heading\">Refer\u00eancias<\/h3>\n\n\n\n<p class=\"wp-block-paragraph\">KELSEN, Hans.&nbsp;<strong>Teoria Pura do Direito.<\/strong>&nbsp;6. ed. S\u00e3o Paulo: Martins Fontes, 1998.<\/p>\n\n\n\n<p class=\"wp-block-paragraph\">FERRAZ J\u00daNIOR, T\u00e9rcio Sampaio.&nbsp;<strong>Introdu\u00e7\u00e3o ao Estudo do Direito<\/strong>. S\u00e3o Paulo: Saraiva, 1996.<\/p>\n\n\n\n<p class=\"wp-block-paragraph\">MAXIMILIANO, Carlos.&nbsp;<strong>Hemen\u00eautica e Aplica\u00e7\u00e3o do Direito<\/strong>. 17. ed. Rio de Janeiro: Forense, 1998.<\/p>\n\n\n\n<p class=\"wp-block-paragraph\">PALMER, Richard E.&nbsp;<strong>Hermen\u00eautica.<\/strong>&nbsp;Lisboa: Edi\u00e7\u00f5es 70, 1986.<\/p>\n\n\n\n<p class=\"wp-block-paragraph\">STRECK, Lenio Luiz.&nbsp;<strong>Hermen\u00eautica Jur\u00eddica e(m) Crise<\/strong>. Porto Alegre, Livraria do Advogado, 2001.<\/p>\n","protected":false},"excerpt":{"rendered":"<p>A moldura da norma Entender que para Hans Kelsen, o direito \u00e9 um conjunto de normas que se disp\u00f5em em escal\u00f5es no Ordenamento Jur\u00eddico. Desde o escal\u00e3o de maior n\u00edvel&hellip;<\/p>\n","protected":false},"author":1,"featured_media":0,"comment_status":"open","ping_status":"closed","sticky":false,"template":"","format":"standard","meta":{"footnotes":""},"categories":[300],"tags":[299,301,304,302,305],"class_list":["post-5065","post","type-post","status-publish","format-standard","hentry","category-direito","tag-constitucional","tag-direito","tag-filosofica","tag-hermeneutica","tag-juridica"],"aioseo_notices":[],"aioseo_head":"\n\t\t<!-- All in One SEO 5.0.0.1 - aioseo.com -->\n\t<meta name=\"description\" content=\"A moldura da norma Entender que para Hans Kelsen, o direito \u00e9 um conjunto de normas que se disp\u00f5em em escal\u00f5es no Ordenamento Jur\u00eddico. Desde o escal\u00e3o de maior n\u00edvel hier\u00e1rquico \u2013 onde se encontram as normas constitucionais \u2013 at\u00e9 o escal\u00e3o mais inferior \u2013 onde se encontram, por exemplo, as senten\u00e7as judiciais, que s\u00e3o\" \/>\n\t<meta name=\"robots\" content=\"max-image-preview:large\" \/>\n\t<meta name=\"author\" content=\"teocosta\"\/>\n\t<link rel=\"canonical\" href=\"https:\/\/teo.com.br\/noticias\/2022\/11\/12\/a-moldura-de-normas-que-se-dispoem-em-escaloes-no-ordenamento-juridico\/\" \/>\n\t<meta name=\"generator\" content=\"All in One SEO (AIOSEO) 5.0.0.1\" \/>\n\t\t<meta property=\"og:locale\" content=\"pt_BR\" \/>\n\t\t<meta property=\"og:site_name\" content=\"Teo - Head TI - DPO\" \/>\n\t\t<meta property=\"og:type\" content=\"article\" \/>\n\t\t<meta property=\"og:title\" content=\"A moldura de normas que se disp\u00f5em em escal\u00f5es no Ordenamento Jur\u00eddico - Teo\" \/>\n\t\t<meta property=\"og:description\" content=\"A moldura da norma Entender que para Hans Kelsen, o direito \u00e9 um conjunto de normas que se disp\u00f5em em escal\u00f5es no Ordenamento Jur\u00eddico. Desde o escal\u00e3o de maior n\u00edvel hier\u00e1rquico \u2013 onde se encontram as normas constitucionais \u2013 at\u00e9 o escal\u00e3o mais inferior \u2013 onde se encontram, por exemplo, as senten\u00e7as judiciais, que s\u00e3o\" \/>\n\t\t<meta property=\"og:url\" content=\"https:\/\/teo.com.br\/noticias\/2022\/11\/12\/a-moldura-de-normas-que-se-dispoem-em-escaloes-no-ordenamento-juridico\/\" \/>\n\t\t<meta property=\"og:image\" content=\"https:\/\/teo.com.br\/wp-content\/uploads\/2024\/03\/cropped-teo.jpg\" \/>\n\t\t<meta property=\"og:image:secure_url\" content=\"https:\/\/teo.com.br\/wp-content\/uploads\/2024\/03\/cropped-teo.jpg\" \/>\n\t\t<meta property=\"article:published_time\" content=\"2022-11-12T16:30:00+00:00\" \/>\n\t\t<meta property=\"article:modified_time\" content=\"2022-11-12T16:30:00+00:00\" \/>\n\t\t<meta name=\"twitter:card\" content=\"summary_large_image\" \/>\n\t\t<meta name=\"twitter:title\" content=\"A moldura de normas que se disp\u00f5em em escal\u00f5es no Ordenamento Jur\u00eddico - Teo\" \/>\n\t\t<meta name=\"twitter:description\" content=\"A moldura da norma Entender que para Hans Kelsen, o direito \u00e9 um conjunto de normas que se disp\u00f5em em escal\u00f5es no Ordenamento Jur\u00eddico. Desde o escal\u00e3o de maior n\u00edvel hier\u00e1rquico \u2013 onde se encontram as normas constitucionais \u2013 at\u00e9 o escal\u00e3o mais inferior \u2013 onde se encontram, por exemplo, as senten\u00e7as judiciais, que s\u00e3o\" \/>\n\t\t<meta name=\"twitter:image\" content=\"https:\/\/teo.com.br\/wp-content\/uploads\/2024\/03\/cropped-teo.jpg\" \/>\n\t\t<script type=\"application\/ld+json\" class=\"aioseo-schema\">\n\t\t\t{\"@context\":\"https:\\\/\\\/schema.org\",\"@graph\":[{\"@type\":\"BlogPosting\",\"@id\":\"https:\\\/\\\/teo.com.br\\\/noticias\\\/2022\\\/11\\\/12\\\/a-moldura-de-normas-que-se-dispoem-em-escaloes-no-ordenamento-juridico\\\/#blogposting\",\"name\":\"A moldura de normas que se disp\\u00f5em em escal\\u00f5es no Ordenamento Jur\\u00eddico - Teo\",\"headline\":\"A moldura de normas que se disp\\u00f5em em escal\\u00f5es no Ordenamento Jur\\u00eddico\",\"author\":{\"@id\":\"https:\\\/\\\/teo.com.br\\\/noticias\\\/author\\\/temcosta\\\/#author\"},\"publisher\":{\"@id\":\"https:\\\/\\\/teo.com.br\\\/noticias\\\/#organization\"},\"datePublished\":\"2022-11-12T16:30:00-03:00\",\"dateModified\":\"2022-11-12T16:30:00-03:00\",\"inLanguage\":\"pt-BR\",\"mainEntityOfPage\":{\"@id\":\"https:\\\/\\\/teo.com.br\\\/noticias\\\/2022\\\/11\\\/12\\\/a-moldura-de-normas-que-se-dispoem-em-escaloes-no-ordenamento-juridico\\\/#webpage\"},\"isPartOf\":{\"@id\":\"https:\\\/\\\/teo.com.br\\\/noticias\\\/2022\\\/11\\\/12\\\/a-moldura-de-normas-que-se-dispoem-em-escaloes-no-ordenamento-juridico\\\/#webpage\"},\"articleSection\":\"Direito, constitucional, direito, Filos\\u00f3fica, Hermen\\u00eautica, Jur\\u00eddica\"},{\"@type\":\"BreadcrumbList\",\"@id\":\"https:\\\/\\\/teo.com.br\\\/noticias\\\/2022\\\/11\\\/12\\\/a-moldura-de-normas-que-se-dispoem-em-escaloes-no-ordenamento-juridico\\\/#breadcrumblist\",\"itemListElement\":[{\"@type\":\"ListItem\",\"@id\":\"https:\\\/\\\/teo.com.br\\\/noticias#listItem\",\"position\":1,\"name\":\"Home\",\"item\":\"https:\\\/\\\/teo.com.br\\\/noticias\",\"nextItem\":{\"@type\":\"ListItem\",\"@id\":\"https:\\\/\\\/teo.com.br\\\/noticias\\\/categoria\\\/direito\\\/#listItem\",\"name\":\"Direito\"}},{\"@type\":\"ListItem\",\"@id\":\"https:\\\/\\\/teo.com.br\\\/noticias\\\/categoria\\\/direito\\\/#listItem\",\"position\":2,\"name\":\"Direito\",\"item\":\"https:\\\/\\\/teo.com.br\\\/noticias\\\/categoria\\\/direito\\\/\",\"nextItem\":{\"@type\":\"ListItem\",\"@id\":\"https:\\\/\\\/teo.com.br\\\/noticias\\\/2022\\\/11\\\/12\\\/a-moldura-de-normas-que-se-dispoem-em-escaloes-no-ordenamento-juridico\\\/#listItem\",\"name\":\"A moldura de normas que se disp\\u00f5em em escal\\u00f5es no Ordenamento Jur\\u00eddico\"},\"previousItem\":{\"@type\":\"ListItem\",\"@id\":\"https:\\\/\\\/teo.com.br\\\/noticias#listItem\",\"name\":\"Home\"}},{\"@type\":\"ListItem\",\"@id\":\"https:\\\/\\\/teo.com.br\\\/noticias\\\/2022\\\/11\\\/12\\\/a-moldura-de-normas-que-se-dispoem-em-escaloes-no-ordenamento-juridico\\\/#listItem\",\"position\":3,\"name\":\"A moldura de normas que se disp\\u00f5em em escal\\u00f5es no Ordenamento Jur\\u00eddico\",\"previousItem\":{\"@type\":\"ListItem\",\"@id\":\"https:\\\/\\\/teo.com.br\\\/noticias\\\/categoria\\\/direito\\\/#listItem\",\"name\":\"Direito\"}}]},{\"@type\":\"Organization\",\"@id\":\"https:\\\/\\\/teo.com.br\\\/noticias\\\/#organization\",\"name\":\"Teo Costa - Tecnologia e Solu\\u00e7\\u00f5es Corporativas em Seguran\\u00e7a Contra Inc\\u00eandio Pesquisa de Satisfa\\u00e7\\u00e3o\",\"description\":\"Head TI - DPO\",\"url\":\"https:\\\/\\\/teo.com.br\\\/noticias\\\/\"},{\"@type\":\"Person\",\"@id\":\"https:\\\/\\\/teo.com.br\\\/noticias\\\/author\\\/temcosta\\\/#author\",\"url\":\"https:\\\/\\\/teo.com.br\\\/noticias\\\/author\\\/temcosta\\\/\",\"name\":\"teocosta\",\"image\":{\"@type\":\"ImageObject\",\"@id\":\"https:\\\/\\\/teo.com.br\\\/noticias\\\/2022\\\/11\\\/12\\\/a-moldura-de-normas-que-se-dispoem-em-escaloes-no-ordenamento-juridico\\\/#authorImage\",\"url\":\"https:\\\/\\\/secure.gravatar.com\\\/avatar\\\/9eaa33a8942fc7cb0be99e3b8f5a8f798b4647876bd8c39ebfc4b1f5753beac2?s=96&d=mm&r=g\",\"width\":96,\"height\":96,\"caption\":\"teocosta\"}},{\"@type\":\"WebPage\",\"@id\":\"https:\\\/\\\/teo.com.br\\\/noticias\\\/2022\\\/11\\\/12\\\/a-moldura-de-normas-que-se-dispoem-em-escaloes-no-ordenamento-juridico\\\/#webpage\",\"url\":\"https:\\\/\\\/teo.com.br\\\/noticias\\\/2022\\\/11\\\/12\\\/a-moldura-de-normas-que-se-dispoem-em-escaloes-no-ordenamento-juridico\\\/\",\"name\":\"A moldura de normas que se disp\\u00f5em em escal\\u00f5es no Ordenamento Jur\\u00eddico - Teo\",\"description\":\"A moldura da norma Entender que para Hans Kelsen, o direito \\u00e9 um conjunto de normas que se disp\\u00f5em em escal\\u00f5es no Ordenamento Jur\\u00eddico. Desde o escal\\u00e3o de maior n\\u00edvel hier\\u00e1rquico \\u2013 onde se encontram as normas constitucionais \\u2013 at\\u00e9 o escal\\u00e3o mais inferior \\u2013 onde se encontram, por exemplo, as senten\\u00e7as judiciais, que s\\u00e3o\",\"inLanguage\":\"pt-BR\",\"isPartOf\":{\"@id\":\"https:\\\/\\\/teo.com.br\\\/noticias\\\/#website\"},\"breadcrumb\":{\"@id\":\"https:\\\/\\\/teo.com.br\\\/noticias\\\/2022\\\/11\\\/12\\\/a-moldura-de-normas-que-se-dispoem-em-escaloes-no-ordenamento-juridico\\\/#breadcrumblist\"},\"author\":{\"@id\":\"https:\\\/\\\/teo.com.br\\\/noticias\\\/author\\\/temcosta\\\/#author\"},\"creator\":{\"@id\":\"https:\\\/\\\/teo.com.br\\\/noticias\\\/author\\\/temcosta\\\/#author\"},\"datePublished\":\"2022-11-12T16:30:00-03:00\",\"dateModified\":\"2022-11-12T16:30:00-03:00\"},{\"@type\":\"WebSite\",\"@id\":\"https:\\\/\\\/teo.com.br\\\/noticias\\\/#website\",\"url\":\"https:\\\/\\\/teo.com.br\\\/noticias\\\/\",\"name\":\"Teo Costa - Tecnologia e Solu\\u00e7\\u00f5es Corporativas em Seguran\\u00e7a Contra Inc\\u00eandio Pesquisa de Satisfa\\u00e7\\u00e3o\",\"description\":\"Head TI - DPO\",\"inLanguage\":\"pt-BR\",\"publisher\":{\"@id\":\"https:\\\/\\\/teo.com.br\\\/noticias\\\/#organization\"}}]}\n\t\t<\/script>\n\t\t<!-- All in One SEO -->\n\n","aioseo_head_json":{"title":"A moldura de normas que se disp\u00f5em em escal\u00f5es no Ordenamento Jur\u00eddico - Teo","description":"A moldura da norma Entender que para Hans Kelsen, o direito \u00e9 um conjunto de normas que se disp\u00f5em em escal\u00f5es no Ordenamento Jur\u00eddico. Desde o escal\u00e3o de maior n\u00edvel hier\u00e1rquico \u2013 onde se encontram as normas constitucionais \u2013 at\u00e9 o escal\u00e3o mais inferior \u2013 onde se encontram, por exemplo, as senten\u00e7as judiciais, que s\u00e3o","canonical_url":"https:\/\/teo.com.br\/noticias\/2022\/11\/12\/a-moldura-de-normas-que-se-dispoem-em-escaloes-no-ordenamento-juridico\/","robots":"max-image-preview:large","keywords":"","webmasterTools":{"miscellaneous":""},"schema":{"@context":"https:\/\/schema.org","@graph":[{"@type":"BlogPosting","@id":"https:\/\/teo.com.br\/noticias\/2022\/11\/12\/a-moldura-de-normas-que-se-dispoem-em-escaloes-no-ordenamento-juridico\/#blogposting","name":"A moldura de normas que se disp\u00f5em em escal\u00f5es no Ordenamento Jur\u00eddico - Teo","headline":"A moldura de normas que se disp\u00f5em em escal\u00f5es no Ordenamento Jur\u00eddico","author":{"@id":"https:\/\/teo.com.br\/noticias\/author\/temcosta\/#author"},"publisher":{"@id":"https:\/\/teo.com.br\/noticias\/#organization"},"datePublished":"2022-11-12T16:30:00-03:00","dateModified":"2022-11-12T16:30:00-03:00","inLanguage":"pt-BR","mainEntityOfPage":{"@id":"https:\/\/teo.com.br\/noticias\/2022\/11\/12\/a-moldura-de-normas-que-se-dispoem-em-escaloes-no-ordenamento-juridico\/#webpage"},"isPartOf":{"@id":"https:\/\/teo.com.br\/noticias\/2022\/11\/12\/a-moldura-de-normas-que-se-dispoem-em-escaloes-no-ordenamento-juridico\/#webpage"},"articleSection":"Direito, constitucional, direito, Filos\u00f3fica, Hermen\u00eautica, Jur\u00eddica"},{"@type":"BreadcrumbList","@id":"https:\/\/teo.com.br\/noticias\/2022\/11\/12\/a-moldura-de-normas-que-se-dispoem-em-escaloes-no-ordenamento-juridico\/#breadcrumblist","itemListElement":[{"@type":"ListItem","@id":"https:\/\/teo.com.br\/noticias#listItem","position":1,"name":"Home","item":"https:\/\/teo.com.br\/noticias","nextItem":{"@type":"ListItem","@id":"https:\/\/teo.com.br\/noticias\/categoria\/direito\/#listItem","name":"Direito"}},{"@type":"ListItem","@id":"https:\/\/teo.com.br\/noticias\/categoria\/direito\/#listItem","position":2,"name":"Direito","item":"https:\/\/teo.com.br\/noticias\/categoria\/direito\/","nextItem":{"@type":"ListItem","@id":"https:\/\/teo.com.br\/noticias\/2022\/11\/12\/a-moldura-de-normas-que-se-dispoem-em-escaloes-no-ordenamento-juridico\/#listItem","name":"A moldura de normas que se disp\u00f5em em escal\u00f5es no Ordenamento Jur\u00eddico"},"previousItem":{"@type":"ListItem","@id":"https:\/\/teo.com.br\/noticias#listItem","name":"Home"}},{"@type":"ListItem","@id":"https:\/\/teo.com.br\/noticias\/2022\/11\/12\/a-moldura-de-normas-que-se-dispoem-em-escaloes-no-ordenamento-juridico\/#listItem","position":3,"name":"A moldura de normas que se disp\u00f5em em escal\u00f5es no Ordenamento Jur\u00eddico","previousItem":{"@type":"ListItem","@id":"https:\/\/teo.com.br\/noticias\/categoria\/direito\/#listItem","name":"Direito"}}]},{"@type":"Organization","@id":"https:\/\/teo.com.br\/noticias\/#organization","name":"Teo Costa - Tecnologia e Solu\u00e7\u00f5es Corporativas em Seguran\u00e7a Contra Inc\u00eandio Pesquisa de Satisfa\u00e7\u00e3o","description":"Head TI - DPO","url":"https:\/\/teo.com.br\/noticias\/"},{"@type":"Person","@id":"https:\/\/teo.com.br\/noticias\/author\/temcosta\/#author","url":"https:\/\/teo.com.br\/noticias\/author\/temcosta\/","name":"teocosta","image":{"@type":"ImageObject","@id":"https:\/\/teo.com.br\/noticias\/2022\/11\/12\/a-moldura-de-normas-que-se-dispoem-em-escaloes-no-ordenamento-juridico\/#authorImage","url":"https:\/\/secure.gravatar.com\/avatar\/9eaa33a8942fc7cb0be99e3b8f5a8f798b4647876bd8c39ebfc4b1f5753beac2?s=96&d=mm&r=g","width":96,"height":96,"caption":"teocosta"}},{"@type":"WebPage","@id":"https:\/\/teo.com.br\/noticias\/2022\/11\/12\/a-moldura-de-normas-que-se-dispoem-em-escaloes-no-ordenamento-juridico\/#webpage","url":"https:\/\/teo.com.br\/noticias\/2022\/11\/12\/a-moldura-de-normas-que-se-dispoem-em-escaloes-no-ordenamento-juridico\/","name":"A moldura de normas que se disp\u00f5em em escal\u00f5es no Ordenamento Jur\u00eddico - Teo","description":"A moldura da norma Entender que para Hans Kelsen, o direito \u00e9 um conjunto de normas que se disp\u00f5em em escal\u00f5es no Ordenamento Jur\u00eddico. Desde o escal\u00e3o de maior n\u00edvel hier\u00e1rquico \u2013 onde se encontram as normas constitucionais \u2013 at\u00e9 o escal\u00e3o mais inferior \u2013 onde se encontram, por exemplo, as senten\u00e7as judiciais, que s\u00e3o","inLanguage":"pt-BR","isPartOf":{"@id":"https:\/\/teo.com.br\/noticias\/#website"},"breadcrumb":{"@id":"https:\/\/teo.com.br\/noticias\/2022\/11\/12\/a-moldura-de-normas-que-se-dispoem-em-escaloes-no-ordenamento-juridico\/#breadcrumblist"},"author":{"@id":"https:\/\/teo.com.br\/noticias\/author\/temcosta\/#author"},"creator":{"@id":"https:\/\/teo.com.br\/noticias\/author\/temcosta\/#author"},"datePublished":"2022-11-12T16:30:00-03:00","dateModified":"2022-11-12T16:30:00-03:00"},{"@type":"WebSite","@id":"https:\/\/teo.com.br\/noticias\/#website","url":"https:\/\/teo.com.br\/noticias\/","name":"Teo Costa - Tecnologia e Solu\u00e7\u00f5es Corporativas em Seguran\u00e7a Contra Inc\u00eandio Pesquisa de Satisfa\u00e7\u00e3o","description":"Head TI - DPO","inLanguage":"pt-BR","publisher":{"@id":"https:\/\/teo.com.br\/noticias\/#organization"}}]},"og:locale":"pt_BR","og:site_name":"Teo - Head TI - DPO","og:type":"article","og:title":"A moldura de normas que se disp\u00f5em em escal\u00f5es no Ordenamento Jur\u00eddico - Teo","og:description":"A moldura da norma Entender que para Hans Kelsen, o direito \u00e9 um conjunto de normas que se disp\u00f5em em escal\u00f5es no Ordenamento Jur\u00eddico. Desde o escal\u00e3o de maior n\u00edvel hier\u00e1rquico \u2013 onde se encontram as normas constitucionais \u2013 at\u00e9 o escal\u00e3o mais inferior \u2013 onde se encontram, por exemplo, as senten\u00e7as judiciais, que s\u00e3o","og:url":"https:\/\/teo.com.br\/noticias\/2022\/11\/12\/a-moldura-de-normas-que-se-dispoem-em-escaloes-no-ordenamento-juridico\/","og:image":"https:\/\/teo.com.br\/wp-content\/uploads\/2024\/03\/cropped-teo.jpg","og:image:secure_url":"https:\/\/teo.com.br\/wp-content\/uploads\/2024\/03\/cropped-teo.jpg","article:published_time":"2022-11-12T16:30:00+00:00","article:modified_time":"2022-11-12T16:30:00+00:00","twitter:card":"summary_large_image","twitter:title":"A moldura de normas que se disp\u00f5em em escal\u00f5es no Ordenamento Jur\u00eddico - Teo","twitter:description":"A moldura da norma Entender que para Hans Kelsen, o direito \u00e9 um conjunto de normas que se disp\u00f5em em escal\u00f5es no Ordenamento Jur\u00eddico. Desde o escal\u00e3o de maior n\u00edvel hier\u00e1rquico \u2013 onde se encontram as normas constitucionais \u2013 at\u00e9 o escal\u00e3o mais inferior \u2013 onde se encontram, por exemplo, as senten\u00e7as judiciais, que s\u00e3o","twitter:image":"https:\/\/teo.com.br\/wp-content\/uploads\/2024\/03\/cropped-teo.jpg"},"aioseo_meta_data":{"post_id":"5065","title":null,"description":null,"keywords":null,"keyphrases":null,"primary_term":null,"canonical_url":null,"og_title":null,"og_description":null,"og_object_type":"default","og_image_type":"default","og_image_url":null,"og_image_width":null,"og_image_height":null,"og_image_custom_url":null,"og_image_custom_fields":null,"og_video":null,"og_custom_url":null,"og_article_section":null,"og_article_tags":null,"twitter_use_og":false,"twitter_card":"default","twitter_image_type":"default","twitter_image_url":null,"twitter_image_custom_url":null,"twitter_image_custom_fields":null,"twitter_title":null,"twitter_description":null,"schema":{"blockGraphs":[],"customGraphs":[],"default":{"data":{"Article":[],"Course":[],"Dataset":[],"FAQPage":[],"Movie":[],"Person":[],"Product":[],"ProductReview":[],"Car":[],"Recipe":[],"Service":[],"SoftwareApplication":[],"WebPage":[]},"graphName":"","isEnabled":true},"graphs":[]},"schema_type":"default","schema_type_options":null,"pillar_content":false,"robots_default":true,"robots_noindex":false,"robots_noarchive":false,"robots_nosnippet":false,"robots_nofollow":false,"robots_noimageindex":false,"robots_noodp":false,"robots_notranslate":false,"robots_max_snippet":null,"robots_max_videopreview":null,"robots_max_imagepreview":"large","priority":null,"frequency":null,"local_seo":null,"breadcrumb_settings":null,"limit_modified_date":false,"ai":null,"created":"2024-04-08 22:28:40","updated":"2025-09-12 21:40:21","seo_analyzer_scan_date":null,"focus_keyword":null,"additional_keywords":null,"truseo_locale":null},"aioseo_breadcrumb":"<div class=\"aioseo-breadcrumbs\"><span class=\"aioseo-breadcrumb\">\n\t\t\t<a href=\"https:\/\/teo.com.br\/noticias\" title=\"Home\">Home<\/a>\n\t\t<\/span><span class=\"aioseo-breadcrumb-separator\">&raquo;<\/span><span class=\"aioseo-breadcrumb\">\n\t\t\t<a href=\"https:\/\/teo.com.br\/noticias\/categoria\/direito\/\" title=\"Direito\">Direito<\/a>\n\t\t<\/span><span class=\"aioseo-breadcrumb-separator\">&raquo;<\/span><span class=\"aioseo-breadcrumb\">\n\t\t\tA moldura de normas que se disp\u00f5em em escal\u00f5es no Ordenamento Jur\u00eddico\n\t\t<\/span><\/div>","aioseo_breadcrumb_json":[{"label":"Home","link":"https:\/\/teo.com.br\/noticias"},{"label":"Direito","link":"https:\/\/teo.com.br\/noticias\/categoria\/direito\/"},{"label":"A moldura de normas que se disp\u00f5em em escal\u00f5es no Ordenamento Jur\u00eddico","link":"https:\/\/teo.com.br\/noticias\/2022\/11\/12\/a-moldura-de-normas-que-se-dispoem-em-escaloes-no-ordenamento-juridico\/"}],"_links":{"self":[{"href":"https:\/\/teo.com.br\/noticias\/wp-json\/wp\/v2\/posts\/5065","targetHints":{"allow":["GET"]}}],"collection":[{"href":"https:\/\/teo.com.br\/noticias\/wp-json\/wp\/v2\/posts"}],"about":[{"href":"https:\/\/teo.com.br\/noticias\/wp-json\/wp\/v2\/types\/post"}],"author":[{"embeddable":true,"href":"https:\/\/teo.com.br\/noticias\/wp-json\/wp\/v2\/users\/1"}],"replies":[{"embeddable":true,"href":"https:\/\/teo.com.br\/noticias\/wp-json\/wp\/v2\/comments?post=5065"}],"version-history":[{"count":0,"href":"https:\/\/teo.com.br\/noticias\/wp-json\/wp\/v2\/posts\/5065\/revisions"}],"wp:attachment":[{"href":"https:\/\/teo.com.br\/noticias\/wp-json\/wp\/v2\/media?parent=5065"}],"wp:term":[{"taxonomy":"category","embeddable":true,"href":"https:\/\/teo.com.br\/noticias\/wp-json\/wp\/v2\/categories?post=5065"},{"taxonomy":"post_tag","embeddable":true,"href":"https:\/\/teo.com.br\/noticias\/wp-json\/wp\/v2\/tags?post=5065"}],"curies":[{"name":"wp","href":"https:\/\/api.w.org\/{rel}","templated":true}]}}