{"id":5077,"date":"2022-11-12T18:13:21","date_gmt":"2022-11-12T18:13:21","guid":{"rendered":"https:\/\/teo.com.br\/?p=5077"},"modified":"2022-11-12T18:13:21","modified_gmt":"2022-11-12T18:13:21","slug":"discricionariedade-judicial-processos-logico-racionais-ou-pelo-conhecimento-do-direito","status":"publish","type":"post","link":"https:\/\/teo.com.br\/noticias\/2022\/11\/12\/discricionariedade-judicial-processos-logico-racionais-ou-pelo-conhecimento-do-direito\/","title":{"rendered":"Discricionariedade judicial: processos l\u00f3gico-racionais ou pelo conhecimento do direito"},"content":{"rendered":"\n<p class=\"wp-block-paragraph\">Entender que para os representantes do Positivismo Jur\u00eddico no s\u00e9culo XX , a decis\u00e3o judicial n\u00e3o pode ser obtida apenas por processos l\u00f3gico-racionais ou pelo conhecimento do direito, pois nos casos de d\u00favida quanto \u00e0 aplica\u00e7\u00e3o do termo, a decis\u00e3o do juiz \u00e9 discricion\u00e1ria, ele tem liberdade para tomar a decis\u00e3o, ainda que n\u00e3o seja uma liberdade absoluta, pois ele necessita fundamentar a sua decis\u00e3o em algum ju\u00edzo de experi\u00eancia ou algum valor social.<\/p>\n\n\n\n<p class=\"wp-block-paragraph\"><strong>Discricionariedade&nbsp;judicial<\/strong><\/p>\n\n\n\n<p class=\"wp-block-paragraph\">Para os principais representantes do Positivismo Jur\u00eddico no s\u00e9culo XX (Hans Kelsen, Alf Ross e H.L.A. Hart), a decis\u00e3o judicial n\u00e3o pode ser obtida apenas por&nbsp;processos l\u00f3gico-racionais ou pelo conhecimento do direito.<\/p>\n\n\n\n<p class=\"wp-block-paragraph\">Kelsen fala da norma geral a ser interpretada e aplicada como uma moldura, dentro da qual existem v\u00e1rias normas individuais em potencial. O juiz escolhe uma dessas possibilidades, e essa escolha n\u00e3o \u00e9 racional, nem pode ser racionalmente justificada. \u00c9 por essa raz\u00e3o que n\u00e3o existe, para Kelsen, uma teoria jur\u00eddica que trata da decis\u00e3o judicial. <strong>A decis\u00e3o judicial n\u00e3o pode ser explicada pela teoria do direito, mas apenas pela psicologia, pela economia, pela hist\u00f3ria etc<\/strong>.<\/p>\n\n\n\n<p class=\"wp-block-paragraph\">H.L.A. Hart, por sua vez, chama a aten\u00e7\u00e3o para o fato de as normas jur\u00eddicas apresentarem termos vagos. Ao se aplicar um termo vago aos objetos e circunst\u00e2ncias da realidade, tr\u00eas regi\u00f5es se desenham:<\/p>\n\n\n\n<p class=\"wp-block-paragraph\"><strong>(i)<\/strong>&nbsp;zona de claridade: certeza quanto \u00e0 aplica\u00e7\u00e3o do termo.<\/p>\n\n\n\n<p class=\"wp-block-paragraph\"><strong>(ii)<\/strong>&nbsp;zona de obscuridade: certeza quanto \u00e0 n\u00e3o aplica\u00e7\u00e3o do termo.<\/p>\n\n\n\n<p class=\"wp-block-paragraph\"><strong>(iii)&nbsp;<\/strong>zona de penumbra: incerteza quanto \u00e0 aplica\u00e7\u00e3o ou n\u00e3o do termo.<\/p>\n\n\n\n<p class=\"wp-block-paragraph\">Nos casos&nbsp;<strong>(i)&nbsp;<\/strong>e&nbsp;<strong>(ii)<\/strong>&nbsp;h\u00e1 certeza. A aplica\u00e7\u00e3o do direito n\u00e3o apresenta maior dificuldade ao juiz. Mediante um silogismo \u00e9 poss\u00edvel chegar \u00e0 decis\u00e3o.<\/p>\n\n\n\n<p class=\"wp-block-paragraph\">No caso&nbsp;<strong>(iii)<\/strong>, contudo, a norma n\u00e3o oferece ao juiz um crit\u00e9rio para que ele decida de maneira objetiva. O juiz usa da discricionariedade, segundo Hart. Em outras palavras, os crit\u00e9rios utilizados para se chegar \u00e0 decis\u00e3o s\u00e3o crit\u00e9rios extrajur\u00eddicos.<\/p>\n\n\n\n<p class=\"wp-block-paragraph\"><strong>Por exemplo<\/strong>, l\u00ea-se no C\u00f3digo Penal:<\/p>\n\n\n\n<ul class=\"wp-block-list\">\n<li><strong>Furto<\/strong><\/li>\n<\/ul>\n\n\n\n<p class=\"wp-block-paragraph\"><strong>Art. 155&nbsp;<\/strong>\u2013 Subtrair, para si ou para outrem, coisa alheia m\u00f3vel:<\/p>\n\n\n\n<p class=\"wp-block-paragraph\"><strong>Pena&nbsp;<\/strong>\u2013 reclus\u00e3o, de um a quatro anos, e multa.<\/p>\n\n\n\n<p class=\"wp-block-paragraph\">\u00a7 1\u00ba \u2013 A pena aumenta-se de um ter\u00e7o, se o crime \u00e9 praticado durante o repouso noturno.<\/p>\n\n\n\n<p class=\"wp-block-paragraph\">A norma que tipifica o crime de furto praticado durante o repouso noturno pode ser representada de maneira simplificada como:<\/p>\n\n\n\n<p class=\"wp-block-paragraph\">Se algu\u00e9m subtrai (para si ou para outrem) coisa alheia m\u00f3veldurante o repouso noturno, ent\u00e3o deve ser condenado \u00e0 pena de reclus\u00e3o, de um a quatro anos e multa, aumentada de um ter\u00e7o.<\/p>\n\n\n\n<ul class=\"wp-block-list\">\n<li><strong>A express\u00e3o \u201crepouso noturno\u201d apresenta vagueza:<\/strong><\/li>\n<\/ul>\n\n\n\n<p class=\"wp-block-paragraph\">(i) certeza quanto \u00e0 aplica\u00e7\u00e3o do termo (zona de claridade): se o crime for praticado \u00e0s 3h da madrugada, foi praticado durante o repouso noturno.<\/p>\n\n\n\n<p class=\"wp-block-paragraph\">(ii) certeza quanto \u00e0 n\u00e3o aplica\u00e7\u00e3o do termo (zona de obscuridade): se o crime for praticado \u00e0s 2h da tarde, n\u00e3o foi praticado durante o repouso noturno.<\/p>\n\n\n\n<p class=\"wp-block-paragraph\">(iii) incerteza quanto \u00e0 aplica\u00e7\u00e3o ou n\u00e3o do termo (zona de penumbra): o crime foi praticado \u00e0s 20h, foi praticado durante o repouso noturno?<\/p>\n\n\n\n<p class=\"wp-block-paragraph\">O crime foi praticado \u00e0s 18h, na zona rural de uma regi\u00e3o bem afastada, na qual as pessoas se deitam cedo: foi praticado durante o repouso noturno?<\/p>\n\n\n\n<p class=\"wp-block-paragraph\"><strong>Outro exemplo.<\/strong>&nbsp;Disp\u00f5e o C\u00f3digo de Defesa do Consumidor:<\/p>\n\n\n\n<p class=\"wp-block-paragraph\"><strong>Art. 42<\/strong>. Na cobran\u00e7a de d\u00e9bitos, o consumidor inadimplente n\u00e3o ser\u00e1 exposto a rid\u00edculo, nem ser\u00e1 submetido a qualquer tipo de constrangimento ou amea\u00e7a.<\/p>\n\n\n\n<p class=\"wp-block-paragraph\"><strong>Par\u00e1grafo \u00fanico.<\/strong>&nbsp;O consumidor cobrado em quantia indevida tem direito \u00e0 repeti\u00e7\u00e3o do ind\u00e9bito, por valor igual ao dobro do que pagou em excesso, acrescido de corre\u00e7\u00e3o monet\u00e1ria e juros legais, salvo hip\u00f3tese de engano justific\u00e1vel.<\/p>\n\n\n\n<p class=\"wp-block-paragraph\"><strong>Art. 71.<\/strong>&nbsp;Utilizar, na cobran\u00e7a de d\u00edvidas, de amea\u00e7a, coa\u00e7\u00e3o, constrangimento f\u00edsico ou moral, afirma\u00e7\u00f5es falsas incorretas ou enganosas ou de qualquer outro procedimento que exponha o consumidor, injustificadamente, a rid\u00edculo ou interfira com seu trabalho, descanso ou lazer:<\/p>\n\n\n\n<p class=\"wp-block-paragraph\"><strong>Pena&nbsp;<\/strong>Deten\u00e7\u00e3o de tr\u00eas meses a um ano e multa.<\/p>\n\n\n\n<p class=\"wp-block-paragraph\">Com rela\u00e7\u00e3o ao que se entende por constrangimento pela cobran\u00e7a da d\u00edvida, temos:<\/p>\n\n\n\n<p class=\"wp-block-paragraph\"><strong>(i)&nbsp;<\/strong>certeza quanto \u00e0 aplica\u00e7\u00e3o do termo (zona de claridade): acusar o devedor de ser malandro; atacar sua reputa\u00e7\u00e3o junto aos colegas de trabalho; pedir que o seu patr\u00e3o pague a d\u00edvida.<\/p>\n\n\n\n<p class=\"wp-block-paragraph\"><strong>(ii)&nbsp;<\/strong>certeza quanto \u00e0 n\u00e3o aplica\u00e7\u00e3o do termo (zona de obscuridade): telefonema para o devedor, durante o hor\u00e1rio comercial, cobrando a d\u00edvida; dizer que, se a d\u00edvida n\u00e3o for paga, ela ser\u00e1 cobrada judicialmente.<\/p>\n\n\n\n<p class=\"wp-block-paragraph\"><strong>(iii)<\/strong>&nbsp;incerteza quanto \u00e0 aplica\u00e7\u00e3o ou n\u00e3o do termo (zona de penumbra): telefonemas di\u00e1rios \u00e0 noite; telefonemas no local de trabalho; enviar uma grande quantidade de cartas de cobran\u00e7a;cobrar a d\u00edvida por meio de alguma comunica\u00e7\u00e3o que possa ser identificada por terceiros.<\/p>\n\n\n\n<p class=\"wp-block-paragraph\">Segundo Hart, nos casos de d\u00favida quanto \u00e0 aplica\u00e7\u00e3o do termo,\u00a0<strong>a decis\u00e3o do juiz \u00e9 discricion\u00e1ria<\/strong>, o juiz tem liberdade para tomar a decis\u00e3o, ainda que n\u00e3o seja uma liberdade absoluta, pois ele necessita fundamentar a sua decis\u00e3o em algum ju\u00edzo de experi\u00eancia ou algum valor social.<\/p>\n\n\n\n<p class=\"wp-block-paragraph\">Em 1967, o jurista estadunidense Ronald Dworkin publicou um artigo denominado\u00a0<em>O Modelo de Regras I<\/em>, a partir do qual pretendeu contrapor as teses centrais da teoria de seu professor H.L.A Hart, iniciando, com isso, um dos debates mais importantes da hist\u00f3ria da teoria do Direito. Posteriormente, o artigo foi publicado no cap\u00edtulo 2 da obra\u00a0<em>Levando os Direitos \u00e0 S\u00e9rio.<\/em>\u00a0Em 1994, surge o p\u00f3s-escrito da obra\u00a0<em>O Conceito de Direito<\/em>, o que seria uma resposta de Hart \u00e0s cr\u00edticas de Dworkin, que, em decorr\u00eancia do seu falecimento, veio a ser publicado por seus amigos Penelope Bulloch e Joseph Raz. A tr\u00e9plica de Dworkin foi publicada somente em 2004, com o ensaio\u00a0<em>O P\u00f3s-escrito de Hart e a Quest\u00e3o da Filosofia Pol\u00edtica<\/em>, que posteriormente foi inclu\u00eddo no cap\u00edtulo 6 da obra\u00a0<em>A Justi\u00e7a de Toga<\/em>.<\/p>\n\n\n\n<h3 class=\"wp-block-heading\">Refer\u00eancias<\/h3>\n\n\n\n<p class=\"wp-block-paragraph\">HART,&nbsp;Herbert Lionel Adolphus.&nbsp;<strong>O conceito de Direito<\/strong>.&nbsp;S\u00e3o Paulo: MARTINS FONTES, 2009.<\/p>\n\n\n\n<p class=\"wp-block-paragraph\">KELSEN, Hans.&nbsp;<strong>Teoria pura do direito<\/strong>. 20\u00aa ed. S\u00e3o Paulo: Atlas, 2003.<\/p>\n\n\n\n<p class=\"wp-block-paragraph\">FRAN\u00c7A, Rubens Limongi.&nbsp;<strong>Hermen\u00eautica jur\u00eddica<\/strong>. 9. ed. S\u00e3o Paulo:&nbsp;R. dos Tribunais,&nbsp;2009.<\/p>\n\n\n\n<p class=\"wp-block-paragraph\">CAMARGO, Ricardo Ant\u00f4nio Lucas.&nbsp;<strong>Interpreta\u00e7\u00e3o jur\u00eddica e estere\u00f3tipos<\/strong>. Porto Alegre:&nbsp;Editora Antonio Sergio Fabris,&nbsp;2003.<\/p>\n\n\n\n<p class=\"wp-block-paragraph\">FRAN\u00c7A, Rubens Limongi.&nbsp;<strong>Hermen\u00eautica jur\u00eddica<\/strong>. 9. ed. S\u00e3o Paulo:&nbsp;R. dos Tribunais,&nbsp;2009.<\/p>\n\n\n\n<p class=\"wp-block-paragraph\">CAMARGO, Ricardo Ant\u00f4nio Lucas.&nbsp;<strong>Interpreta\u00e7\u00e3o jur\u00eddica e estere\u00f3tipos<\/strong>. Porto Alegre:&nbsp;Editora Antonio Sergio Fabris,&nbsp;2003.<\/p>\n","protected":false},"excerpt":{"rendered":"<p>Entender que para os representantes do Positivismo Jur\u00eddico no s\u00e9culo XX , a decis\u00e3o judicial n\u00e3o pode ser obtida apenas por processos l\u00f3gico-racionais ou pelo conhecimento do direito, pois nos&hellip;<\/p>\n","protected":false},"author":1,"featured_media":0,"comment_status":"open","ping_status":"closed","sticky":false,"template":"","format":"standard","meta":{"footnotes":""},"categories":[300],"tags":[299,301,304,302,305,303],"class_list":["post-5077","post","type-post","status-publish","format-standard","hentry","category-direito","tag-constitucional","tag-direito","tag-filosofica","tag-hermeneutica","tag-juridica","tag-uninove"],"aioseo_notices":[],"aioseo_head":"\n\t\t<!-- All in One SEO 5.0.0.1 - aioseo.com -->\n\t<meta name=\"description\" content=\"Entender que para os representantes do Positivismo Jur\u00eddico no s\u00e9culo XX , a decis\u00e3o judicial n\u00e3o pode ser obtida apenas por processos l\u00f3gico-racionais ou pelo conhecimento do direito, pois nos casos de d\u00favida quanto \u00e0 aplica\u00e7\u00e3o do termo, a decis\u00e3o do juiz \u00e9 discricion\u00e1ria, ele tem liberdade para tomar a decis\u00e3o, ainda que n\u00e3o seja\" \/>\n\t<meta name=\"robots\" content=\"max-image-preview:large\" \/>\n\t<meta name=\"author\" content=\"teocosta\"\/>\n\t<link rel=\"canonical\" href=\"https:\/\/teo.com.br\/noticias\/2022\/11\/12\/discricionariedade-judicial-processos-logico-racionais-ou-pelo-conhecimento-do-direito\/\" \/>\n\t<meta name=\"generator\" content=\"All in One SEO (AIOSEO) 5.0.0.1\" \/>\n\t\t<meta property=\"og:locale\" content=\"pt_BR\" \/>\n\t\t<meta property=\"og:site_name\" content=\"Teo - Head TI - DPO\" \/>\n\t\t<meta property=\"og:type\" content=\"article\" \/>\n\t\t<meta property=\"og:title\" content=\"Discricionariedade judicial: processos l\u00f3gico-racionais ou pelo conhecimento do direito - Teo\" \/>\n\t\t<meta property=\"og:description\" content=\"Entender que para os representantes do Positivismo Jur\u00eddico no s\u00e9culo XX , a decis\u00e3o judicial n\u00e3o pode ser obtida apenas por processos l\u00f3gico-racionais ou pelo conhecimento do direito, pois nos casos de d\u00favida quanto \u00e0 aplica\u00e7\u00e3o do termo, a decis\u00e3o do juiz \u00e9 discricion\u00e1ria, ele tem liberdade para tomar a decis\u00e3o, ainda que n\u00e3o seja\" \/>\n\t\t<meta property=\"og:url\" content=\"https:\/\/teo.com.br\/noticias\/2022\/11\/12\/discricionariedade-judicial-processos-logico-racionais-ou-pelo-conhecimento-do-direito\/\" \/>\n\t\t<meta property=\"og:image\" content=\"https:\/\/teo.com.br\/wp-content\/uploads\/2024\/03\/cropped-teo.jpg\" \/>\n\t\t<meta property=\"og:image:secure_url\" content=\"https:\/\/teo.com.br\/wp-content\/uploads\/2024\/03\/cropped-teo.jpg\" \/>\n\t\t<meta property=\"article:published_time\" content=\"2022-11-12T18:13:21+00:00\" \/>\n\t\t<meta property=\"article:modified_time\" content=\"2022-11-12T18:13:21+00:00\" \/>\n\t\t<meta name=\"twitter:card\" content=\"summary_large_image\" \/>\n\t\t<meta name=\"twitter:title\" content=\"Discricionariedade judicial: processos l\u00f3gico-racionais ou pelo conhecimento do direito - Teo\" \/>\n\t\t<meta name=\"twitter:description\" content=\"Entender que para os representantes do Positivismo Jur\u00eddico no s\u00e9culo XX , a decis\u00e3o judicial n\u00e3o pode ser obtida apenas por processos l\u00f3gico-racionais ou pelo conhecimento do direito, pois nos casos de d\u00favida quanto \u00e0 aplica\u00e7\u00e3o do termo, a decis\u00e3o do juiz \u00e9 discricion\u00e1ria, ele tem liberdade para tomar a decis\u00e3o, ainda que n\u00e3o seja\" \/>\n\t\t<meta name=\"twitter:image\" content=\"https:\/\/teo.com.br\/wp-content\/uploads\/2024\/03\/cropped-teo.jpg\" \/>\n\t\t<script type=\"application\/ld+json\" class=\"aioseo-schema\">\n\t\t\t{\"@context\":\"https:\\\/\\\/schema.org\",\"@graph\":[{\"@type\":\"BlogPosting\",\"@id\":\"https:\\\/\\\/teo.com.br\\\/noticias\\\/2022\\\/11\\\/12\\\/discricionariedade-judicial-processos-logico-racionais-ou-pelo-conhecimento-do-direito\\\/#blogposting\",\"name\":\"Discricionariedade judicial: processos l\\u00f3gico-racionais ou pelo conhecimento do direito - Teo\",\"headline\":\"Discricionariedade judicial: processos l\\u00f3gico-racionais ou pelo conhecimento do direito\",\"author\":{\"@id\":\"https:\\\/\\\/teo.com.br\\\/noticias\\\/author\\\/temcosta\\\/#author\"},\"publisher\":{\"@id\":\"https:\\\/\\\/teo.com.br\\\/noticias\\\/#organization\"},\"datePublished\":\"2022-11-12T18:13:21-03:00\",\"dateModified\":\"2022-11-12T18:13:21-03:00\",\"inLanguage\":\"pt-BR\",\"mainEntityOfPage\":{\"@id\":\"https:\\\/\\\/teo.com.br\\\/noticias\\\/2022\\\/11\\\/12\\\/discricionariedade-judicial-processos-logico-racionais-ou-pelo-conhecimento-do-direito\\\/#webpage\"},\"isPartOf\":{\"@id\":\"https:\\\/\\\/teo.com.br\\\/noticias\\\/2022\\\/11\\\/12\\\/discricionariedade-judicial-processos-logico-racionais-ou-pelo-conhecimento-do-direito\\\/#webpage\"},\"articleSection\":\"Direito, constitucional, direito, Filos\\u00f3fica, Hermen\\u00eautica, Jur\\u00eddica, uninove\"},{\"@type\":\"BreadcrumbList\",\"@id\":\"https:\\\/\\\/teo.com.br\\\/noticias\\\/2022\\\/11\\\/12\\\/discricionariedade-judicial-processos-logico-racionais-ou-pelo-conhecimento-do-direito\\\/#breadcrumblist\",\"itemListElement\":[{\"@type\":\"ListItem\",\"@id\":\"https:\\\/\\\/teo.com.br\\\/noticias#listItem\",\"position\":1,\"name\":\"Home\",\"item\":\"https:\\\/\\\/teo.com.br\\\/noticias\",\"nextItem\":{\"@type\":\"ListItem\",\"@id\":\"https:\\\/\\\/teo.com.br\\\/noticias\\\/categoria\\\/direito\\\/#listItem\",\"name\":\"Direito\"}},{\"@type\":\"ListItem\",\"@id\":\"https:\\\/\\\/teo.com.br\\\/noticias\\\/categoria\\\/direito\\\/#listItem\",\"position\":2,\"name\":\"Direito\",\"item\":\"https:\\\/\\\/teo.com.br\\\/noticias\\\/categoria\\\/direito\\\/\",\"nextItem\":{\"@type\":\"ListItem\",\"@id\":\"https:\\\/\\\/teo.com.br\\\/noticias\\\/2022\\\/11\\\/12\\\/discricionariedade-judicial-processos-logico-racionais-ou-pelo-conhecimento-do-direito\\\/#listItem\",\"name\":\"Discricionariedade judicial: processos l\\u00f3gico-racionais ou pelo conhecimento do direito\"},\"previousItem\":{\"@type\":\"ListItem\",\"@id\":\"https:\\\/\\\/teo.com.br\\\/noticias#listItem\",\"name\":\"Home\"}},{\"@type\":\"ListItem\",\"@id\":\"https:\\\/\\\/teo.com.br\\\/noticias\\\/2022\\\/11\\\/12\\\/discricionariedade-judicial-processos-logico-racionais-ou-pelo-conhecimento-do-direito\\\/#listItem\",\"position\":3,\"name\":\"Discricionariedade judicial: processos l\\u00f3gico-racionais ou pelo conhecimento do direito\",\"previousItem\":{\"@type\":\"ListItem\",\"@id\":\"https:\\\/\\\/teo.com.br\\\/noticias\\\/categoria\\\/direito\\\/#listItem\",\"name\":\"Direito\"}}]},{\"@type\":\"Organization\",\"@id\":\"https:\\\/\\\/teo.com.br\\\/noticias\\\/#organization\",\"name\":\"Teo Costa - Tecnologia e Solu\\u00e7\\u00f5es Corporativas em Seguran\\u00e7a Contra Inc\\u00eandio Pesquisa de Satisfa\\u00e7\\u00e3o\",\"description\":\"Head TI - DPO\",\"url\":\"https:\\\/\\\/teo.com.br\\\/noticias\\\/\"},{\"@type\":\"Person\",\"@id\":\"https:\\\/\\\/teo.com.br\\\/noticias\\\/author\\\/temcosta\\\/#author\",\"url\":\"https:\\\/\\\/teo.com.br\\\/noticias\\\/author\\\/temcosta\\\/\",\"name\":\"teocosta\",\"image\":{\"@type\":\"ImageObject\",\"@id\":\"https:\\\/\\\/teo.com.br\\\/noticias\\\/2022\\\/11\\\/12\\\/discricionariedade-judicial-processos-logico-racionais-ou-pelo-conhecimento-do-direito\\\/#authorImage\",\"url\":\"https:\\\/\\\/secure.gravatar.com\\\/avatar\\\/9eaa33a8942fc7cb0be99e3b8f5a8f798b4647876bd8c39ebfc4b1f5753beac2?s=96&d=mm&r=g\",\"width\":96,\"height\":96,\"caption\":\"teocosta\"}},{\"@type\":\"WebPage\",\"@id\":\"https:\\\/\\\/teo.com.br\\\/noticias\\\/2022\\\/11\\\/12\\\/discricionariedade-judicial-processos-logico-racionais-ou-pelo-conhecimento-do-direito\\\/#webpage\",\"url\":\"https:\\\/\\\/teo.com.br\\\/noticias\\\/2022\\\/11\\\/12\\\/discricionariedade-judicial-processos-logico-racionais-ou-pelo-conhecimento-do-direito\\\/\",\"name\":\"Discricionariedade judicial: processos l\\u00f3gico-racionais ou pelo conhecimento do direito - Teo\",\"description\":\"Entender que para os representantes do Positivismo Jur\\u00eddico no s\\u00e9culo XX , a decis\\u00e3o judicial n\\u00e3o pode ser obtida apenas por processos l\\u00f3gico-racionais ou pelo conhecimento do direito, pois nos casos de d\\u00favida quanto \\u00e0 aplica\\u00e7\\u00e3o do termo, a decis\\u00e3o do juiz \\u00e9 discricion\\u00e1ria, ele tem liberdade para tomar a decis\\u00e3o, ainda que n\\u00e3o seja\",\"inLanguage\":\"pt-BR\",\"isPartOf\":{\"@id\":\"https:\\\/\\\/teo.com.br\\\/noticias\\\/#website\"},\"breadcrumb\":{\"@id\":\"https:\\\/\\\/teo.com.br\\\/noticias\\\/2022\\\/11\\\/12\\\/discricionariedade-judicial-processos-logico-racionais-ou-pelo-conhecimento-do-direito\\\/#breadcrumblist\"},\"author\":{\"@id\":\"https:\\\/\\\/teo.com.br\\\/noticias\\\/author\\\/temcosta\\\/#author\"},\"creator\":{\"@id\":\"https:\\\/\\\/teo.com.br\\\/noticias\\\/author\\\/temcosta\\\/#author\"},\"datePublished\":\"2022-11-12T18:13:21-03:00\",\"dateModified\":\"2022-11-12T18:13:21-03:00\"},{\"@type\":\"WebSite\",\"@id\":\"https:\\\/\\\/teo.com.br\\\/noticias\\\/#website\",\"url\":\"https:\\\/\\\/teo.com.br\\\/noticias\\\/\",\"name\":\"Teo Costa - Tecnologia e Solu\\u00e7\\u00f5es Corporativas em Seguran\\u00e7a Contra Inc\\u00eandio Pesquisa de Satisfa\\u00e7\\u00e3o\",\"description\":\"Head TI - DPO\",\"inLanguage\":\"pt-BR\",\"publisher\":{\"@id\":\"https:\\\/\\\/teo.com.br\\\/noticias\\\/#organization\"}}]}\n\t\t<\/script>\n\t\t<!-- All in One SEO -->\n\n","aioseo_head_json":{"title":"Discricionariedade judicial: processos l\u00f3gico-racionais ou pelo conhecimento do direito - Teo","description":"Entender que para os representantes do Positivismo Jur\u00eddico no s\u00e9culo XX , a decis\u00e3o judicial n\u00e3o pode ser obtida apenas por processos l\u00f3gico-racionais ou pelo conhecimento do direito, pois nos casos de d\u00favida quanto \u00e0 aplica\u00e7\u00e3o do termo, a decis\u00e3o do juiz \u00e9 discricion\u00e1ria, ele tem liberdade para tomar a decis\u00e3o, ainda que n\u00e3o seja","canonical_url":"https:\/\/teo.com.br\/noticias\/2022\/11\/12\/discricionariedade-judicial-processos-logico-racionais-ou-pelo-conhecimento-do-direito\/","robots":"max-image-preview:large","keywords":"","webmasterTools":{"miscellaneous":""},"schema":{"@context":"https:\/\/schema.org","@graph":[{"@type":"BlogPosting","@id":"https:\/\/teo.com.br\/noticias\/2022\/11\/12\/discricionariedade-judicial-processos-logico-racionais-ou-pelo-conhecimento-do-direito\/#blogposting","name":"Discricionariedade judicial: processos l\u00f3gico-racionais ou pelo conhecimento do direito - Teo","headline":"Discricionariedade judicial: processos l\u00f3gico-racionais ou pelo conhecimento do direito","author":{"@id":"https:\/\/teo.com.br\/noticias\/author\/temcosta\/#author"},"publisher":{"@id":"https:\/\/teo.com.br\/noticias\/#organization"},"datePublished":"2022-11-12T18:13:21-03:00","dateModified":"2022-11-12T18:13:21-03:00","inLanguage":"pt-BR","mainEntityOfPage":{"@id":"https:\/\/teo.com.br\/noticias\/2022\/11\/12\/discricionariedade-judicial-processos-logico-racionais-ou-pelo-conhecimento-do-direito\/#webpage"},"isPartOf":{"@id":"https:\/\/teo.com.br\/noticias\/2022\/11\/12\/discricionariedade-judicial-processos-logico-racionais-ou-pelo-conhecimento-do-direito\/#webpage"},"articleSection":"Direito, constitucional, direito, Filos\u00f3fica, Hermen\u00eautica, Jur\u00eddica, uninove"},{"@type":"BreadcrumbList","@id":"https:\/\/teo.com.br\/noticias\/2022\/11\/12\/discricionariedade-judicial-processos-logico-racionais-ou-pelo-conhecimento-do-direito\/#breadcrumblist","itemListElement":[{"@type":"ListItem","@id":"https:\/\/teo.com.br\/noticias#listItem","position":1,"name":"Home","item":"https:\/\/teo.com.br\/noticias","nextItem":{"@type":"ListItem","@id":"https:\/\/teo.com.br\/noticias\/categoria\/direito\/#listItem","name":"Direito"}},{"@type":"ListItem","@id":"https:\/\/teo.com.br\/noticias\/categoria\/direito\/#listItem","position":2,"name":"Direito","item":"https:\/\/teo.com.br\/noticias\/categoria\/direito\/","nextItem":{"@type":"ListItem","@id":"https:\/\/teo.com.br\/noticias\/2022\/11\/12\/discricionariedade-judicial-processos-logico-racionais-ou-pelo-conhecimento-do-direito\/#listItem","name":"Discricionariedade judicial: processos l\u00f3gico-racionais ou pelo conhecimento do direito"},"previousItem":{"@type":"ListItem","@id":"https:\/\/teo.com.br\/noticias#listItem","name":"Home"}},{"@type":"ListItem","@id":"https:\/\/teo.com.br\/noticias\/2022\/11\/12\/discricionariedade-judicial-processos-logico-racionais-ou-pelo-conhecimento-do-direito\/#listItem","position":3,"name":"Discricionariedade judicial: processos l\u00f3gico-racionais ou pelo conhecimento do direito","previousItem":{"@type":"ListItem","@id":"https:\/\/teo.com.br\/noticias\/categoria\/direito\/#listItem","name":"Direito"}}]},{"@type":"Organization","@id":"https:\/\/teo.com.br\/noticias\/#organization","name":"Teo Costa - Tecnologia e Solu\u00e7\u00f5es Corporativas em Seguran\u00e7a Contra Inc\u00eandio Pesquisa de Satisfa\u00e7\u00e3o","description":"Head TI - DPO","url":"https:\/\/teo.com.br\/noticias\/"},{"@type":"Person","@id":"https:\/\/teo.com.br\/noticias\/author\/temcosta\/#author","url":"https:\/\/teo.com.br\/noticias\/author\/temcosta\/","name":"teocosta","image":{"@type":"ImageObject","@id":"https:\/\/teo.com.br\/noticias\/2022\/11\/12\/discricionariedade-judicial-processos-logico-racionais-ou-pelo-conhecimento-do-direito\/#authorImage","url":"https:\/\/secure.gravatar.com\/avatar\/9eaa33a8942fc7cb0be99e3b8f5a8f798b4647876bd8c39ebfc4b1f5753beac2?s=96&d=mm&r=g","width":96,"height":96,"caption":"teocosta"}},{"@type":"WebPage","@id":"https:\/\/teo.com.br\/noticias\/2022\/11\/12\/discricionariedade-judicial-processos-logico-racionais-ou-pelo-conhecimento-do-direito\/#webpage","url":"https:\/\/teo.com.br\/noticias\/2022\/11\/12\/discricionariedade-judicial-processos-logico-racionais-ou-pelo-conhecimento-do-direito\/","name":"Discricionariedade judicial: processos l\u00f3gico-racionais ou pelo conhecimento do direito - Teo","description":"Entender que para os representantes do Positivismo Jur\u00eddico no s\u00e9culo XX , a decis\u00e3o judicial n\u00e3o pode ser obtida apenas por processos l\u00f3gico-racionais ou pelo conhecimento do direito, pois nos casos de d\u00favida quanto \u00e0 aplica\u00e7\u00e3o do termo, a decis\u00e3o do juiz \u00e9 discricion\u00e1ria, ele tem liberdade para tomar a decis\u00e3o, ainda que n\u00e3o seja","inLanguage":"pt-BR","isPartOf":{"@id":"https:\/\/teo.com.br\/noticias\/#website"},"breadcrumb":{"@id":"https:\/\/teo.com.br\/noticias\/2022\/11\/12\/discricionariedade-judicial-processos-logico-racionais-ou-pelo-conhecimento-do-direito\/#breadcrumblist"},"author":{"@id":"https:\/\/teo.com.br\/noticias\/author\/temcosta\/#author"},"creator":{"@id":"https:\/\/teo.com.br\/noticias\/author\/temcosta\/#author"},"datePublished":"2022-11-12T18:13:21-03:00","dateModified":"2022-11-12T18:13:21-03:00"},{"@type":"WebSite","@id":"https:\/\/teo.com.br\/noticias\/#website","url":"https:\/\/teo.com.br\/noticias\/","name":"Teo Costa - Tecnologia e Solu\u00e7\u00f5es Corporativas em Seguran\u00e7a Contra Inc\u00eandio Pesquisa de Satisfa\u00e7\u00e3o","description":"Head TI - DPO","inLanguage":"pt-BR","publisher":{"@id":"https:\/\/teo.com.br\/noticias\/#organization"}}]},"og:locale":"pt_BR","og:site_name":"Teo - Head TI - DPO","og:type":"article","og:title":"Discricionariedade judicial: processos l\u00f3gico-racionais ou pelo conhecimento do direito - Teo","og:description":"Entender que para os representantes do Positivismo Jur\u00eddico no s\u00e9culo XX , a decis\u00e3o judicial n\u00e3o pode ser obtida apenas por processos l\u00f3gico-racionais ou pelo conhecimento do direito, pois nos casos de d\u00favida quanto \u00e0 aplica\u00e7\u00e3o do termo, a decis\u00e3o do juiz \u00e9 discricion\u00e1ria, ele tem liberdade para tomar a decis\u00e3o, ainda que n\u00e3o seja","og:url":"https:\/\/teo.com.br\/noticias\/2022\/11\/12\/discricionariedade-judicial-processos-logico-racionais-ou-pelo-conhecimento-do-direito\/","og:image":"https:\/\/teo.com.br\/wp-content\/uploads\/2024\/03\/cropped-teo.jpg","og:image:secure_url":"https:\/\/teo.com.br\/wp-content\/uploads\/2024\/03\/cropped-teo.jpg","article:published_time":"2022-11-12T18:13:21+00:00","article:modified_time":"2022-11-12T18:13:21+00:00","twitter:card":"summary_large_image","twitter:title":"Discricionariedade judicial: processos l\u00f3gico-racionais ou pelo conhecimento do direito - Teo","twitter:description":"Entender que para os representantes do Positivismo Jur\u00eddico no s\u00e9culo XX , a decis\u00e3o judicial n\u00e3o pode ser obtida apenas por processos l\u00f3gico-racionais ou pelo conhecimento do direito, pois nos casos de d\u00favida quanto \u00e0 aplica\u00e7\u00e3o do termo, a decis\u00e3o do juiz \u00e9 discricion\u00e1ria, ele tem liberdade para tomar a decis\u00e3o, ainda que n\u00e3o seja","twitter:image":"https:\/\/teo.com.br\/wp-content\/uploads\/2024\/03\/cropped-teo.jpg"},"aioseo_meta_data":{"post_id":"5077","title":null,"description":null,"keywords":null,"keyphrases":null,"primary_term":null,"canonical_url":null,"og_title":null,"og_description":null,"og_object_type":"default","og_image_type":"default","og_image_url":null,"og_image_width":null,"og_image_height":null,"og_image_custom_url":null,"og_image_custom_fields":null,"og_video":null,"og_custom_url":null,"og_article_section":null,"og_article_tags":null,"twitter_use_og":false,"twitter_card":"default","twitter_image_type":"default","twitter_image_url":null,"twitter_image_custom_url":null,"twitter_image_custom_fields":null,"twitter_title":null,"twitter_description":null,"schema":{"blockGraphs":[],"customGraphs":[],"default":{"data":{"Article":[],"Course":[],"Dataset":[],"FAQPage":[],"Movie":[],"Person":[],"Product":[],"ProductReview":[],"Car":[],"Recipe":[],"Service":[],"SoftwareApplication":[],"WebPage":[]},"graphName":"","isEnabled":true},"graphs":[]},"schema_type":"default","schema_type_options":null,"pillar_content":false,"robots_default":true,"robots_noindex":false,"robots_noarchive":false,"robots_nosnippet":false,"robots_nofollow":false,"robots_noimageindex":false,"robots_noodp":false,"robots_notranslate":false,"robots_max_snippet":null,"robots_max_videopreview":null,"robots_max_imagepreview":"large","priority":null,"frequency":null,"local_seo":null,"breadcrumb_settings":null,"limit_modified_date":false,"ai":null,"created":"2024-04-08 22:29:25","updated":"2025-09-12 21:40:21","seo_analyzer_scan_date":null,"focus_keyword":null,"additional_keywords":null,"truseo_locale":null},"aioseo_breadcrumb":"<div class=\"aioseo-breadcrumbs\"><span class=\"aioseo-breadcrumb\">\n\t\t\t<a href=\"https:\/\/teo.com.br\/noticias\" title=\"Home\">Home<\/a>\n\t\t<\/span><span class=\"aioseo-breadcrumb-separator\">&raquo;<\/span><span class=\"aioseo-breadcrumb\">\n\t\t\t<a href=\"https:\/\/teo.com.br\/noticias\/categoria\/direito\/\" title=\"Direito\">Direito<\/a>\n\t\t<\/span><span class=\"aioseo-breadcrumb-separator\">&raquo;<\/span><span class=\"aioseo-breadcrumb\">\n\t\t\tDiscricionariedade judicial: processos l\u00f3gico-racionais ou pelo conhecimento do direito\n\t\t<\/span><\/div>","aioseo_breadcrumb_json":[{"label":"Home","link":"https:\/\/teo.com.br\/noticias"},{"label":"Direito","link":"https:\/\/teo.com.br\/noticias\/categoria\/direito\/"},{"label":"Discricionariedade judicial: processos l\u00f3gico-racionais ou pelo conhecimento do direito","link":"https:\/\/teo.com.br\/noticias\/2022\/11\/12\/discricionariedade-judicial-processos-logico-racionais-ou-pelo-conhecimento-do-direito\/"}],"_links":{"self":[{"href":"https:\/\/teo.com.br\/noticias\/wp-json\/wp\/v2\/posts\/5077","targetHints":{"allow":["GET"]}}],"collection":[{"href":"https:\/\/teo.com.br\/noticias\/wp-json\/wp\/v2\/posts"}],"about":[{"href":"https:\/\/teo.com.br\/noticias\/wp-json\/wp\/v2\/types\/post"}],"author":[{"embeddable":true,"href":"https:\/\/teo.com.br\/noticias\/wp-json\/wp\/v2\/users\/1"}],"replies":[{"embeddable":true,"href":"https:\/\/teo.com.br\/noticias\/wp-json\/wp\/v2\/comments?post=5077"}],"version-history":[{"count":0,"href":"https:\/\/teo.com.br\/noticias\/wp-json\/wp\/v2\/posts\/5077\/revisions"}],"wp:attachment":[{"href":"https:\/\/teo.com.br\/noticias\/wp-json\/wp\/v2\/media?parent=5077"}],"wp:term":[{"taxonomy":"category","embeddable":true,"href":"https:\/\/teo.com.br\/noticias\/wp-json\/wp\/v2\/categories?post=5077"},{"taxonomy":"post_tag","embeddable":true,"href":"https:\/\/teo.com.br\/noticias\/wp-json\/wp\/v2\/tags?post=5077"}],"curies":[{"name":"wp","href":"https:\/\/api.w.org\/{rel}","templated":true}]}}