{"id":5203,"date":"2022-11-15T14:19:35","date_gmt":"2022-11-15T14:19:35","guid":{"rendered":"https:\/\/teo.com.br\/?p=5203"},"modified":"2022-11-15T14:19:35","modified_gmt":"2022-11-15T14:19:35","slug":"a-importancia-dos-direitos-humanos-nas-relacoesinternacionais","status":"publish","type":"post","link":"https:\/\/teo.com.br\/noticias\/2022\/11\/15\/a-importancia-dos-direitos-humanos-nas-relacoesinternacionais\/","title":{"rendered":"A import\u00e2ncia dos Direitos Humanos nas rela\u00e7\u00f5es internacionais"},"content":{"rendered":"\n<p class=\"wp-block-paragraph\">Vamos discorrer um pouco sobre a import\u00e2ncia dos Direitos Humanos nas rela\u00e7\u00f5es<br>internacionais. Assim, poderemos compreender melhor a rela\u00e7\u00e3o \u00e0 import\u00e2ncia de<br>existirem cortes as organiza\u00e7\u00f5es internacionais que se dedicam a tratar desse tema.<\/p>\n\n\n\n<p class=\"wp-block-paragraph\"><strong>Direitos Humanos<\/strong> s\u00e3o os direitos base de todos os seres humanos. Eles podem ser<br>direitos civis e pol\u00edticos, como propriedade privada, liberdade de pensamento, de<br>express\u00e3o, igualdade de todos perante a lei, direito \u00e0 nacionalidade, de participar do<br>governo do seu Estado, de votar e ser votado, dentre outros direitos liberais;<br>Podem estar relacionados \u00e0 direitos econ\u00f4micos, sociais e culturais, como direitos<br>ao trabalho, \u00e0 educa\u00e7\u00e3o, \u00e0 sa\u00fade, \u00e0 previd\u00eancia social, \u00e0 moradia, \u00e0 distribui\u00e7\u00e3o de<br>renda, fundamentados no valor de igualdade de oportunidades, dentre outros direitos<br>dessa natureza;<br>Ou podem dizer respeito a direitos difusos e coletivos, como direito \u00e0 paz, direito ao<br>progresso, autodetermina\u00e7\u00e3o dos povos, direito ambiental, direitos do consumidor,<br>inclus\u00e3o digital, todos eles fundamentados no valor fraternidade.<br>A<strong> Declara\u00e7\u00e3o Universal dos Direitos Humanos da Organiza\u00e7\u00e3o das Na\u00e7\u00f5es Unidas<\/strong><br>afirma que <em><sub>\u201cTodos os seres humanos nascem livres e iguais em dignidade e em<br>direitos. Dotados de raz\u00e3o e de consci\u00eancia, devem agir uns para com os outros<br>em esp\u00edrito de fraternidade.\u201d<\/sub><\/em> Por isso, a ideia \u00e9 exatamente que esses direitos n\u00e3o<br>aceitem discrimina\u00e7\u00f5es.<\/p>\n\n\n\n<p class=\"wp-block-paragraph\"><strong>Curiosidade<\/strong><\/p>\n\n\n\n<p class=\"wp-block-paragraph\"><sub>Vamos lembrar que a humanidade \u00e9 marcada por trag\u00e9dias que<br>tem origem na intoler\u00e2ncia. Holocausto, limpeza \u00e9tnica, terrorismo,<br>colonialismo \u2013 s\u00e3o termos que nos remetem \u00e0s piores barb\u00e1ries<br>cometidas pelo ser humano. Para evitar a repeti\u00e7\u00e3o desses<br>acontecimentos, os Direitos Humanos n\u00e3o aceitam exce\u00e7\u00e3o: todos<br>os homens, independente do que fa\u00e7am ou tenham feito, s\u00e3o<br>dignos desses direitos.<\/sub><\/p>\n\n\n\n<p class=\"wp-block-paragraph\">Assim, quando os direitos humanos s\u00e3o infringidos, tem-se por base recorrer<br>a tribunais nacionais, ou mesmo internacionais. Por exemplo, o Tribunal Penal<br>Internacional tem como fun\u00e7\u00e3o julgar os indiv\u00edduos que cometem crimes de<br>genoc\u00eddio, crimes de guerra, crimes contra a humanidade e os crimes de agress\u00e3o.<br>Nas Am\u00e9ricas por exemplo, a Corte, ou o Tribunal Interamericano de Direitos<br>Humanos, exerce fun\u00e7\u00e3o parecida. No entanto, ao inv\u00e9s de julgar pessoas, ela julga<br>os Estados que n\u00e3o respeitam Direitos Humanos.<\/p>\n\n\n\n<p class=\"wp-block-paragraph\">Criada atrav\u00e9s do Pacto de San Jos\u00e9 da Costa Rica, de 1969, a Corte Interamericana<br>de Direitos humanos \u00e9 uma institui\u00e7\u00e3o judici\u00e1ria aut\u00f4noma cujo objetivo \u00e9 a<br>aplica\u00e7\u00e3o e a interpreta\u00e7\u00e3o da Conven\u00e7\u00e3o Americana sobre Direitos Humanos.<br>O Brasil, particularmente, j\u00e1 sofreu processos na Corte por n\u00e3o respeitar alguns<br>direitos. A Lei Maria da Penha, por exemplo, que criminaliza a viol\u00eancia contra a<br>mulher, surgiu a partir de uma condena\u00e7\u00e3o que o pa\u00eds sofreu neste Tribunal.<br>Assim \u00e9 que basicamente funcionam as institui\u00e7\u00f5es que t\u00eam por dever manter<br>direitos de cidadania e integridade social, evitando crimes de guerra, crimes contra a<br>humanidade e viola\u00e7\u00f5es dos direitos humanos em geral.<br>O nascimento de uma jurisdi\u00e7\u00e3o permanentemente universal \u00e9 um grande passo<br>em dire\u00e7\u00e3o da universalidade dos Direitos humanos e do respeito do direito<br>internacional. As cortes internacionais, bem como os tribunais regionais, est\u00e3o<br>presentes em diversos lugares do mundo, causando grande influ\u00eancia tanto nas<br>pol\u00edticas p\u00fablicas quanto na legisla\u00e7\u00e3o de seus Estados associados.<\/p>\n\n\n\n<p class=\"wp-block-paragraph\">Refer\u00eancias<br>AMARAL J\u00daNIOR, A. do. Curso de Direito Internacional P\u00fablico. 4. ed. S\u00e3o Paulo:<br>Atlas, 2013.<br>GUERRA, S. Curso de Direito Internacional P\u00fablico. 8. ed. S\u00e3o Paulo: Saraiva, 2014.<br>ORGANIZA\u00c7\u00c3O DAS NA\u00c7\u00d5ES UNIDAS. Declara\u00e7\u00e3o Universal dos Direitos Humanos.<br>Dispon\u00edvel em: https:\/\/www.ohchr.org\/EN\/UDHR\/Documents\/UDHR_Translations\/<br>por.pdf. Acesso em: out. 2020.<br>PIOVESAN, F. Temas de Direitos Humanos. S\u00e3o Paulo: Saraiva, 2013.<\/p>\n","protected":false},"excerpt":{"rendered":"<p>Vamos discorrer um pouco sobre a import\u00e2ncia dos Direitos Humanos nas rela\u00e7\u00f5esinternacionais. Assim, poderemos compreender melhor a rela\u00e7\u00e3o \u00e0 import\u00e2ncia deexistirem cortes as organiza\u00e7\u00f5es internacionais que se dedicam a tratar&hellip;<\/p>\n","protected":false},"author":1,"featured_media":0,"comment_status":"open","ping_status":"closed","sticky":false,"template":"","format":"standard","meta":{"footnotes":""},"categories":[300],"tags":[299,301,302,305],"class_list":["post-5203","post","type-post","status-publish","format-standard","hentry","category-direito","tag-constitucional","tag-direito","tag-hermeneutica","tag-juridica"],"aioseo_notices":[],"aioseo_head":"\n\t\t<!-- All in One SEO 5.0.0.1 - aioseo.com -->\n\t<meta name=\"description\" content=\"Vamos discorrer um pouco sobre a import\u00e2ncia dos Direitos Humanos nas rela\u00e7\u00f5esinternacionais. Assim, poderemos compreender melhor a rela\u00e7\u00e3o \u00e0 import\u00e2ncia deexistirem cortes as organiza\u00e7\u00f5es internacionais que se dedicam a tratar desse tema. Direitos Humanos s\u00e3o os direitos base de todos os seres humanos. Eles podem serdireitos civis e pol\u00edticos, como propriedade privada, liberdade de pensamento,\" \/>\n\t<meta name=\"robots\" content=\"max-image-preview:large\" \/>\n\t<meta name=\"author\" content=\"teocosta\"\/>\n\t<link rel=\"canonical\" href=\"https:\/\/teo.com.br\/noticias\/2022\/11\/15\/a-importancia-dos-direitos-humanos-nas-relacoesinternacionais\/\" \/>\n\t<meta name=\"generator\" content=\"All in One SEO (AIOSEO) 5.0.0.1\" \/>\n\t\t<meta property=\"og:locale\" content=\"pt_BR\" \/>\n\t\t<meta property=\"og:site_name\" content=\"Teo - Head TI - DPO\" \/>\n\t\t<meta property=\"og:type\" content=\"article\" \/>\n\t\t<meta property=\"og:title\" content=\"A import\u00e2ncia dos Direitos Humanos nas rela\u00e7\u00f5es internacionais - Teo\" \/>\n\t\t<meta property=\"og:description\" content=\"Vamos discorrer um pouco sobre a import\u00e2ncia dos Direitos Humanos nas rela\u00e7\u00f5esinternacionais. Assim, poderemos compreender melhor a rela\u00e7\u00e3o \u00e0 import\u00e2ncia deexistirem cortes as organiza\u00e7\u00f5es internacionais que se dedicam a tratar desse tema. Direitos Humanos s\u00e3o os direitos base de todos os seres humanos. Eles podem serdireitos civis e pol\u00edticos, como propriedade privada, liberdade de pensamento,\" \/>\n\t\t<meta property=\"og:url\" content=\"https:\/\/teo.com.br\/noticias\/2022\/11\/15\/a-importancia-dos-direitos-humanos-nas-relacoesinternacionais\/\" \/>\n\t\t<meta property=\"og:image\" content=\"https:\/\/teo.com.br\/wp-content\/uploads\/2024\/03\/cropped-teo.jpg\" \/>\n\t\t<meta property=\"og:image:secure_url\" content=\"https:\/\/teo.com.br\/wp-content\/uploads\/2024\/03\/cropped-teo.jpg\" \/>\n\t\t<meta property=\"article:published_time\" content=\"2022-11-15T14:19:35+00:00\" \/>\n\t\t<meta property=\"article:modified_time\" content=\"2022-11-15T14:19:35+00:00\" \/>\n\t\t<meta name=\"twitter:card\" content=\"summary_large_image\" \/>\n\t\t<meta name=\"twitter:title\" content=\"A import\u00e2ncia dos Direitos Humanos nas rela\u00e7\u00f5es internacionais - Teo\" \/>\n\t\t<meta name=\"twitter:description\" content=\"Vamos discorrer um pouco sobre a import\u00e2ncia dos Direitos Humanos nas rela\u00e7\u00f5esinternacionais. Assim, poderemos compreender melhor a rela\u00e7\u00e3o \u00e0 import\u00e2ncia deexistirem cortes as organiza\u00e7\u00f5es internacionais que se dedicam a tratar desse tema. Direitos Humanos s\u00e3o os direitos base de todos os seres humanos. Eles podem serdireitos civis e pol\u00edticos, como propriedade privada, liberdade de pensamento,\" \/>\n\t\t<meta name=\"twitter:image\" content=\"https:\/\/teo.com.br\/wp-content\/uploads\/2024\/03\/cropped-teo.jpg\" \/>\n\t\t<script type=\"application\/ld+json\" class=\"aioseo-schema\">\n\t\t\t{\"@context\":\"https:\\\/\\\/schema.org\",\"@graph\":[{\"@type\":\"BlogPosting\",\"@id\":\"https:\\\/\\\/teo.com.br\\\/noticias\\\/2022\\\/11\\\/15\\\/a-importancia-dos-direitos-humanos-nas-relacoesinternacionais\\\/#blogposting\",\"name\":\"A import\\u00e2ncia dos Direitos Humanos nas rela\\u00e7\\u00f5es internacionais - Teo\",\"headline\":\"A import\\u00e2ncia dos Direitos Humanos nas rela\\u00e7\\u00f5es internacionais\",\"author\":{\"@id\":\"https:\\\/\\\/teo.com.br\\\/noticias\\\/author\\\/temcosta\\\/#author\"},\"publisher\":{\"@id\":\"https:\\\/\\\/teo.com.br\\\/noticias\\\/#organization\"},\"datePublished\":\"2022-11-15T14:19:35-03:00\",\"dateModified\":\"2022-11-15T14:19:35-03:00\",\"inLanguage\":\"pt-BR\",\"mainEntityOfPage\":{\"@id\":\"https:\\\/\\\/teo.com.br\\\/noticias\\\/2022\\\/11\\\/15\\\/a-importancia-dos-direitos-humanos-nas-relacoesinternacionais\\\/#webpage\"},\"isPartOf\":{\"@id\":\"https:\\\/\\\/teo.com.br\\\/noticias\\\/2022\\\/11\\\/15\\\/a-importancia-dos-direitos-humanos-nas-relacoesinternacionais\\\/#webpage\"},\"articleSection\":\"Direito, constitucional, direito, Hermen\\u00eautica, Jur\\u00eddica\"},{\"@type\":\"BreadcrumbList\",\"@id\":\"https:\\\/\\\/teo.com.br\\\/noticias\\\/2022\\\/11\\\/15\\\/a-importancia-dos-direitos-humanos-nas-relacoesinternacionais\\\/#breadcrumblist\",\"itemListElement\":[{\"@type\":\"ListItem\",\"@id\":\"https:\\\/\\\/teo.com.br\\\/noticias#listItem\",\"position\":1,\"name\":\"Home\",\"item\":\"https:\\\/\\\/teo.com.br\\\/noticias\",\"nextItem\":{\"@type\":\"ListItem\",\"@id\":\"https:\\\/\\\/teo.com.br\\\/noticias\\\/categoria\\\/direito\\\/#listItem\",\"name\":\"Direito\"}},{\"@type\":\"ListItem\",\"@id\":\"https:\\\/\\\/teo.com.br\\\/noticias\\\/categoria\\\/direito\\\/#listItem\",\"position\":2,\"name\":\"Direito\",\"item\":\"https:\\\/\\\/teo.com.br\\\/noticias\\\/categoria\\\/direito\\\/\",\"nextItem\":{\"@type\":\"ListItem\",\"@id\":\"https:\\\/\\\/teo.com.br\\\/noticias\\\/2022\\\/11\\\/15\\\/a-importancia-dos-direitos-humanos-nas-relacoesinternacionais\\\/#listItem\",\"name\":\"A import\\u00e2ncia dos Direitos Humanos nas rela\\u00e7\\u00f5es internacionais\"},\"previousItem\":{\"@type\":\"ListItem\",\"@id\":\"https:\\\/\\\/teo.com.br\\\/noticias#listItem\",\"name\":\"Home\"}},{\"@type\":\"ListItem\",\"@id\":\"https:\\\/\\\/teo.com.br\\\/noticias\\\/2022\\\/11\\\/15\\\/a-importancia-dos-direitos-humanos-nas-relacoesinternacionais\\\/#listItem\",\"position\":3,\"name\":\"A import\\u00e2ncia dos Direitos Humanos nas rela\\u00e7\\u00f5es internacionais\",\"previousItem\":{\"@type\":\"ListItem\",\"@id\":\"https:\\\/\\\/teo.com.br\\\/noticias\\\/categoria\\\/direito\\\/#listItem\",\"name\":\"Direito\"}}]},{\"@type\":\"Organization\",\"@id\":\"https:\\\/\\\/teo.com.br\\\/noticias\\\/#organization\",\"name\":\"Teo Costa - Tecnologia e Solu\\u00e7\\u00f5es Corporativas em Seguran\\u00e7a Contra Inc\\u00eandio Pesquisa de Satisfa\\u00e7\\u00e3o\",\"description\":\"Head TI - DPO\",\"url\":\"https:\\\/\\\/teo.com.br\\\/noticias\\\/\"},{\"@type\":\"Person\",\"@id\":\"https:\\\/\\\/teo.com.br\\\/noticias\\\/author\\\/temcosta\\\/#author\",\"url\":\"https:\\\/\\\/teo.com.br\\\/noticias\\\/author\\\/temcosta\\\/\",\"name\":\"teocosta\",\"image\":{\"@type\":\"ImageObject\",\"@id\":\"https:\\\/\\\/teo.com.br\\\/noticias\\\/2022\\\/11\\\/15\\\/a-importancia-dos-direitos-humanos-nas-relacoesinternacionais\\\/#authorImage\",\"url\":\"https:\\\/\\\/secure.gravatar.com\\\/avatar\\\/9eaa33a8942fc7cb0be99e3b8f5a8f798b4647876bd8c39ebfc4b1f5753beac2?s=96&d=mm&r=g\",\"width\":96,\"height\":96,\"caption\":\"teocosta\"}},{\"@type\":\"WebPage\",\"@id\":\"https:\\\/\\\/teo.com.br\\\/noticias\\\/2022\\\/11\\\/15\\\/a-importancia-dos-direitos-humanos-nas-relacoesinternacionais\\\/#webpage\",\"url\":\"https:\\\/\\\/teo.com.br\\\/noticias\\\/2022\\\/11\\\/15\\\/a-importancia-dos-direitos-humanos-nas-relacoesinternacionais\\\/\",\"name\":\"A import\\u00e2ncia dos Direitos Humanos nas rela\\u00e7\\u00f5es internacionais - Teo\",\"description\":\"Vamos discorrer um pouco sobre a import\\u00e2ncia dos Direitos Humanos nas rela\\u00e7\\u00f5esinternacionais. Assim, poderemos compreender melhor a rela\\u00e7\\u00e3o \\u00e0 import\\u00e2ncia deexistirem cortes as organiza\\u00e7\\u00f5es internacionais que se dedicam a tratar desse tema. Direitos Humanos s\\u00e3o os direitos base de todos os seres humanos. Eles podem serdireitos civis e pol\\u00edticos, como propriedade privada, liberdade de pensamento,\",\"inLanguage\":\"pt-BR\",\"isPartOf\":{\"@id\":\"https:\\\/\\\/teo.com.br\\\/noticias\\\/#website\"},\"breadcrumb\":{\"@id\":\"https:\\\/\\\/teo.com.br\\\/noticias\\\/2022\\\/11\\\/15\\\/a-importancia-dos-direitos-humanos-nas-relacoesinternacionais\\\/#breadcrumblist\"},\"author\":{\"@id\":\"https:\\\/\\\/teo.com.br\\\/noticias\\\/author\\\/temcosta\\\/#author\"},\"creator\":{\"@id\":\"https:\\\/\\\/teo.com.br\\\/noticias\\\/author\\\/temcosta\\\/#author\"},\"datePublished\":\"2022-11-15T14:19:35-03:00\",\"dateModified\":\"2022-11-15T14:19:35-03:00\"},{\"@type\":\"WebSite\",\"@id\":\"https:\\\/\\\/teo.com.br\\\/noticias\\\/#website\",\"url\":\"https:\\\/\\\/teo.com.br\\\/noticias\\\/\",\"name\":\"Teo Costa - Tecnologia e Solu\\u00e7\\u00f5es Corporativas em Seguran\\u00e7a Contra Inc\\u00eandio Pesquisa de Satisfa\\u00e7\\u00e3o\",\"description\":\"Head TI - DPO\",\"inLanguage\":\"pt-BR\",\"publisher\":{\"@id\":\"https:\\\/\\\/teo.com.br\\\/noticias\\\/#organization\"}}]}\n\t\t<\/script>\n\t\t<!-- All in One SEO -->\n\n","aioseo_head_json":{"title":"A import\u00e2ncia dos Direitos Humanos nas rela\u00e7\u00f5es internacionais - Teo","description":"Vamos discorrer um pouco sobre a import\u00e2ncia dos Direitos Humanos nas rela\u00e7\u00f5esinternacionais. Assim, poderemos compreender melhor a rela\u00e7\u00e3o \u00e0 import\u00e2ncia deexistirem cortes as organiza\u00e7\u00f5es internacionais que se dedicam a tratar desse tema. Direitos Humanos s\u00e3o os direitos base de todos os seres humanos. Eles podem serdireitos civis e pol\u00edticos, como propriedade privada, liberdade de pensamento,","canonical_url":"https:\/\/teo.com.br\/noticias\/2022\/11\/15\/a-importancia-dos-direitos-humanos-nas-relacoesinternacionais\/","robots":"max-image-preview:large","keywords":"","webmasterTools":{"miscellaneous":""},"schema":{"@context":"https:\/\/schema.org","@graph":[{"@type":"BlogPosting","@id":"https:\/\/teo.com.br\/noticias\/2022\/11\/15\/a-importancia-dos-direitos-humanos-nas-relacoesinternacionais\/#blogposting","name":"A import\u00e2ncia dos Direitos Humanos nas rela\u00e7\u00f5es internacionais - Teo","headline":"A import\u00e2ncia dos Direitos Humanos nas rela\u00e7\u00f5es internacionais","author":{"@id":"https:\/\/teo.com.br\/noticias\/author\/temcosta\/#author"},"publisher":{"@id":"https:\/\/teo.com.br\/noticias\/#organization"},"datePublished":"2022-11-15T14:19:35-03:00","dateModified":"2022-11-15T14:19:35-03:00","inLanguage":"pt-BR","mainEntityOfPage":{"@id":"https:\/\/teo.com.br\/noticias\/2022\/11\/15\/a-importancia-dos-direitos-humanos-nas-relacoesinternacionais\/#webpage"},"isPartOf":{"@id":"https:\/\/teo.com.br\/noticias\/2022\/11\/15\/a-importancia-dos-direitos-humanos-nas-relacoesinternacionais\/#webpage"},"articleSection":"Direito, constitucional, direito, Hermen\u00eautica, Jur\u00eddica"},{"@type":"BreadcrumbList","@id":"https:\/\/teo.com.br\/noticias\/2022\/11\/15\/a-importancia-dos-direitos-humanos-nas-relacoesinternacionais\/#breadcrumblist","itemListElement":[{"@type":"ListItem","@id":"https:\/\/teo.com.br\/noticias#listItem","position":1,"name":"Home","item":"https:\/\/teo.com.br\/noticias","nextItem":{"@type":"ListItem","@id":"https:\/\/teo.com.br\/noticias\/categoria\/direito\/#listItem","name":"Direito"}},{"@type":"ListItem","@id":"https:\/\/teo.com.br\/noticias\/categoria\/direito\/#listItem","position":2,"name":"Direito","item":"https:\/\/teo.com.br\/noticias\/categoria\/direito\/","nextItem":{"@type":"ListItem","@id":"https:\/\/teo.com.br\/noticias\/2022\/11\/15\/a-importancia-dos-direitos-humanos-nas-relacoesinternacionais\/#listItem","name":"A import\u00e2ncia dos Direitos Humanos nas rela\u00e7\u00f5es internacionais"},"previousItem":{"@type":"ListItem","@id":"https:\/\/teo.com.br\/noticias#listItem","name":"Home"}},{"@type":"ListItem","@id":"https:\/\/teo.com.br\/noticias\/2022\/11\/15\/a-importancia-dos-direitos-humanos-nas-relacoesinternacionais\/#listItem","position":3,"name":"A import\u00e2ncia dos Direitos Humanos nas rela\u00e7\u00f5es internacionais","previousItem":{"@type":"ListItem","@id":"https:\/\/teo.com.br\/noticias\/categoria\/direito\/#listItem","name":"Direito"}}]},{"@type":"Organization","@id":"https:\/\/teo.com.br\/noticias\/#organization","name":"Teo Costa - Tecnologia e Solu\u00e7\u00f5es Corporativas em Seguran\u00e7a Contra Inc\u00eandio Pesquisa de Satisfa\u00e7\u00e3o","description":"Head TI - DPO","url":"https:\/\/teo.com.br\/noticias\/"},{"@type":"Person","@id":"https:\/\/teo.com.br\/noticias\/author\/temcosta\/#author","url":"https:\/\/teo.com.br\/noticias\/author\/temcosta\/","name":"teocosta","image":{"@type":"ImageObject","@id":"https:\/\/teo.com.br\/noticias\/2022\/11\/15\/a-importancia-dos-direitos-humanos-nas-relacoesinternacionais\/#authorImage","url":"https:\/\/secure.gravatar.com\/avatar\/9eaa33a8942fc7cb0be99e3b8f5a8f798b4647876bd8c39ebfc4b1f5753beac2?s=96&d=mm&r=g","width":96,"height":96,"caption":"teocosta"}},{"@type":"WebPage","@id":"https:\/\/teo.com.br\/noticias\/2022\/11\/15\/a-importancia-dos-direitos-humanos-nas-relacoesinternacionais\/#webpage","url":"https:\/\/teo.com.br\/noticias\/2022\/11\/15\/a-importancia-dos-direitos-humanos-nas-relacoesinternacionais\/","name":"A import\u00e2ncia dos Direitos Humanos nas rela\u00e7\u00f5es internacionais - Teo","description":"Vamos discorrer um pouco sobre a import\u00e2ncia dos Direitos Humanos nas rela\u00e7\u00f5esinternacionais. Assim, poderemos compreender melhor a rela\u00e7\u00e3o \u00e0 import\u00e2ncia deexistirem cortes as organiza\u00e7\u00f5es internacionais que se dedicam a tratar desse tema. Direitos Humanos s\u00e3o os direitos base de todos os seres humanos. Eles podem serdireitos civis e pol\u00edticos, como propriedade privada, liberdade de pensamento,","inLanguage":"pt-BR","isPartOf":{"@id":"https:\/\/teo.com.br\/noticias\/#website"},"breadcrumb":{"@id":"https:\/\/teo.com.br\/noticias\/2022\/11\/15\/a-importancia-dos-direitos-humanos-nas-relacoesinternacionais\/#breadcrumblist"},"author":{"@id":"https:\/\/teo.com.br\/noticias\/author\/temcosta\/#author"},"creator":{"@id":"https:\/\/teo.com.br\/noticias\/author\/temcosta\/#author"},"datePublished":"2022-11-15T14:19:35-03:00","dateModified":"2022-11-15T14:19:35-03:00"},{"@type":"WebSite","@id":"https:\/\/teo.com.br\/noticias\/#website","url":"https:\/\/teo.com.br\/noticias\/","name":"Teo Costa - Tecnologia e Solu\u00e7\u00f5es Corporativas em Seguran\u00e7a Contra Inc\u00eandio Pesquisa de Satisfa\u00e7\u00e3o","description":"Head TI - DPO","inLanguage":"pt-BR","publisher":{"@id":"https:\/\/teo.com.br\/noticias\/#organization"}}]},"og:locale":"pt_BR","og:site_name":"Teo - Head TI - DPO","og:type":"article","og:title":"A import\u00e2ncia dos Direitos Humanos nas rela\u00e7\u00f5es internacionais - Teo","og:description":"Vamos discorrer um pouco sobre a import\u00e2ncia dos Direitos Humanos nas rela\u00e7\u00f5esinternacionais. Assim, poderemos compreender melhor a rela\u00e7\u00e3o \u00e0 import\u00e2ncia deexistirem cortes as organiza\u00e7\u00f5es internacionais que se dedicam a tratar desse tema. Direitos Humanos s\u00e3o os direitos base de todos os seres humanos. Eles podem serdireitos civis e pol\u00edticos, como propriedade privada, liberdade de pensamento,","og:url":"https:\/\/teo.com.br\/noticias\/2022\/11\/15\/a-importancia-dos-direitos-humanos-nas-relacoesinternacionais\/","og:image":"https:\/\/teo.com.br\/wp-content\/uploads\/2024\/03\/cropped-teo.jpg","og:image:secure_url":"https:\/\/teo.com.br\/wp-content\/uploads\/2024\/03\/cropped-teo.jpg","article:published_time":"2022-11-15T14:19:35+00:00","article:modified_time":"2022-11-15T14:19:35+00:00","twitter:card":"summary_large_image","twitter:title":"A import\u00e2ncia dos Direitos Humanos nas rela\u00e7\u00f5es internacionais - Teo","twitter:description":"Vamos discorrer um pouco sobre a import\u00e2ncia dos Direitos Humanos nas rela\u00e7\u00f5esinternacionais. Assim, poderemos compreender melhor a rela\u00e7\u00e3o \u00e0 import\u00e2ncia deexistirem cortes as organiza\u00e7\u00f5es internacionais que se dedicam a tratar desse tema. Direitos Humanos s\u00e3o os direitos base de todos os seres humanos. Eles podem serdireitos civis e pol\u00edticos, como propriedade privada, liberdade de pensamento,","twitter:image":"https:\/\/teo.com.br\/wp-content\/uploads\/2024\/03\/cropped-teo.jpg"},"aioseo_meta_data":{"post_id":"5203","title":null,"description":null,"keywords":null,"keyphrases":null,"primary_term":null,"canonical_url":null,"og_title":null,"og_description":null,"og_object_type":"default","og_image_type":"default","og_image_url":null,"og_image_width":null,"og_image_height":null,"og_image_custom_url":null,"og_image_custom_fields":null,"og_video":null,"og_custom_url":null,"og_article_section":null,"og_article_tags":null,"twitter_use_og":false,"twitter_card":"default","twitter_image_type":"default","twitter_image_url":null,"twitter_image_custom_url":null,"twitter_image_custom_fields":null,"twitter_title":null,"twitter_description":null,"schema":{"blockGraphs":[],"customGraphs":[],"default":{"data":{"Article":[],"Course":[],"Dataset":[],"FAQPage":[],"Movie":[],"Person":[],"Product":[],"ProductReview":[],"Car":[],"Recipe":[],"Service":[],"SoftwareApplication":[],"WebPage":[]},"graphName":"","isEnabled":true},"graphs":[]},"schema_type":"default","schema_type_options":null,"pillar_content":false,"robots_default":true,"robots_noindex":false,"robots_noarchive":false,"robots_nosnippet":false,"robots_nofollow":false,"robots_noimageindex":false,"robots_noodp":false,"robots_notranslate":false,"robots_max_snippet":null,"robots_max_videopreview":null,"robots_max_imagepreview":"large","priority":null,"frequency":null,"local_seo":null,"breadcrumb_settings":null,"limit_modified_date":false,"ai":null,"created":"2024-04-08 22:29:25","updated":"2025-09-12 21:42:22","seo_analyzer_scan_date":null,"focus_keyword":null,"additional_keywords":null,"truseo_locale":null},"aioseo_breadcrumb":"<div class=\"aioseo-breadcrumbs\"><span class=\"aioseo-breadcrumb\">\n\t\t\t<a href=\"https:\/\/teo.com.br\/noticias\" title=\"Home\">Home<\/a>\n\t\t<\/span><span class=\"aioseo-breadcrumb-separator\">&raquo;<\/span><span class=\"aioseo-breadcrumb\">\n\t\t\t<a href=\"https:\/\/teo.com.br\/noticias\/categoria\/direito\/\" title=\"Direito\">Direito<\/a>\n\t\t<\/span><span class=\"aioseo-breadcrumb-separator\">&raquo;<\/span><span class=\"aioseo-breadcrumb\">\n\t\t\tA import\u00e2ncia dos Direitos Humanos nas rela\u00e7\u00f5es internacionais\n\t\t<\/span><\/div>","aioseo_breadcrumb_json":[{"label":"Home","link":"https:\/\/teo.com.br\/noticias"},{"label":"Direito","link":"https:\/\/teo.com.br\/noticias\/categoria\/direito\/"},{"label":"A import\u00e2ncia dos Direitos Humanos nas rela\u00e7\u00f5es internacionais","link":"https:\/\/teo.com.br\/noticias\/2022\/11\/15\/a-importancia-dos-direitos-humanos-nas-relacoesinternacionais\/"}],"_links":{"self":[{"href":"https:\/\/teo.com.br\/noticias\/wp-json\/wp\/v2\/posts\/5203","targetHints":{"allow":["GET"]}}],"collection":[{"href":"https:\/\/teo.com.br\/noticias\/wp-json\/wp\/v2\/posts"}],"about":[{"href":"https:\/\/teo.com.br\/noticias\/wp-json\/wp\/v2\/types\/post"}],"author":[{"embeddable":true,"href":"https:\/\/teo.com.br\/noticias\/wp-json\/wp\/v2\/users\/1"}],"replies":[{"embeddable":true,"href":"https:\/\/teo.com.br\/noticias\/wp-json\/wp\/v2\/comments?post=5203"}],"version-history":[{"count":0,"href":"https:\/\/teo.com.br\/noticias\/wp-json\/wp\/v2\/posts\/5203\/revisions"}],"wp:attachment":[{"href":"https:\/\/teo.com.br\/noticias\/wp-json\/wp\/v2\/media?parent=5203"}],"wp:term":[{"taxonomy":"category","embeddable":true,"href":"https:\/\/teo.com.br\/noticias\/wp-json\/wp\/v2\/categories?post=5203"},{"taxonomy":"post_tag","embeddable":true,"href":"https:\/\/teo.com.br\/noticias\/wp-json\/wp\/v2\/tags?post=5203"}],"curies":[{"name":"wp","href":"https:\/\/api.w.org\/{rel}","templated":true}]}}