{"id":5714,"date":"2023-06-10T08:59:56","date_gmt":"2023-06-10T11:59:56","guid":{"rendered":"https:\/\/teo.com.br\/?p=5714"},"modified":"2023-06-10T08:59:57","modified_gmt":"2023-06-10T11:59:57","slug":"apresentacao-cv-em-video","status":"publish","type":"post","link":"https:\/\/teo.com.br\/noticias\/2023\/06\/10\/apresentacao-cv-em-video\/","title":{"rendered":"Apresenta\u00e7\u00e3o CV em Video"},"content":{"rendered":"\n<p class=\"wp-block-paragraph\">Apresenta\u00e7\u00e3o:<\/p>\n\n\n\n<p class=\"wp-block-paragraph\">Nome, idade, casado, fa\u00e7a voce mesmo, caes, e jardinagem<\/p>\n\n\n\n<p class=\"wp-block-paragraph\">Minha primeira faculdade foi Gest\u00e3o em T.i, depois eu fiz marketing, em seguida, fui fazer a minha p\u00f3s gradua\u00e7\u00e3o em Direitos Humanos, e gostei tanto que durante o curso, me inscrevi na Uninove em Direito, a qual estou cursando o terceiro semestretre.<\/p>\n\n\n\n<p class=\"wp-block-paragraph\">Meu lado profissional:<\/p>\n\n\n\n<p class=\"wp-block-paragraph\">Curiosidade, fui propriet\u00e1rio de uma pequena agencia de marketing digital, de 2000 aat\u00e9 2013, e como todo pequeno empreendedor: eu vendia, desenvolvia, cobrava os boletos e fidelizava o cliente. Cheguei a ter 8 colaboradores, e o alge foi em 2009, que entrei de cabe\u00e7a no e-commmerce, com compra coletiva, pois gerava leads (cliente comprador) para a minha loja virtual e para terceiros, gerava leads (anunciantes) para o site de compra coletiva, para o meu e para outros, ou seja, buscava cliente, parceiros, e ainda vendia produtos e ofertas em compra coletiva. E em 2013, encerramos a opera\u00e7\u00e3o.<\/p>\n\n\n\n<p class=\"wp-block-paragraph\">Recebi a proposta para focar 100% na area comercial, e fui comercializaar a plataforma de ecommerce Vtex em 2013.<br>Ticket m\u00e9dio de 80 a 120k ano. Full commerce. vendi 16 planos em 8 meses. venda consultiva total, pois falavamos sobre design, atendimento, SEO, marketing digital. Mas enfim, como fazer uma loja virtual vender mais na web. Tudo pela agencia Inovar. Prospec\u00e7\u00e3o via E-commerce Brasil, LInkeding<\/p>\n\n\n\n<p class=\"wp-block-paragraph\">2014 fu para a precifica: empresa que atende o e-commerce e a industria monitorando os produtos na internet: Pre\u00e7o e ruptura. Trabalhei com o Luiz e o Ricardo Ramos.<\/p>\n\n\n\n<p class=\"wp-block-paragraph\">2015 recebi a proposta do Andr\u00e9 (diretor comercial da Tray Corp), um bra\u00e7o do E-commerce da Locaweb, para atuar como Farmer. Gerenciar 80 grandes contas, fazendo as visitas, apresentando relatorios, indicando solu\u00e7\u00f5es Locaweb, Tray e de agencias parceiras para reter e impulsionar o e-commerce dos clientes.<\/p>\n\n\n\n<p class=\"wp-block-paragraph\">em 2016, fui procurado pela STartup Chama. Uma empresa do Grupo Supergrasbras, que necessitava abrir mercado. Abri o litoral paulista, Curitiba, Brasilia, Porto Alegre, e S\u00e2o Paulo.<br>o funcionamento do trabalho era assim: Marketing de acordo com os dados apresnetados pelo consumo de g\u00e1s GLP da reugi\u00e3o determinava que seria o proximo local a ser populado.<br>Eu maepava os cliente e fazia todo o processo de prospec\u00e7\u00e3o, apresenta\u00e7\u00e3o, contrato e onboarding do cliente. Ap\u00f3s o cliente na carteira, fazia a gest\u00e3o para que le pudesse transacionar o minimo dia\u00b4raio essencial.<\/p>\n\n\n\n<p class=\"wp-block-paragraph\">Abri mais de 2 mil clientes, ou seja, mais de 2 mil revendedorews de gas cadastrados no aplicativo. O Chama encerrou a opera\u00e7\u00e3o infelizmente.<\/p>\n\n\n\n<p class=\"wp-block-paragraph\">Stone:<br>me levando para a minha proxima etapa de vida: Stone<br>Atuando como um gerente de contas, visto que a Stone n\u00e3o possui agencias banc\u00e1rias, eu fazia a gest\u00e3o de mais de 800 clientes na regi\u00e3o de Mairinque, S\u00e3o Roque e Ara\u00e7ariguama.<br>Gest\u00e3o da carteira, findelizando os clientes.<br>A minha atua\u00e7\u00e3o tamb\u00e9m Hunter, com a meta di\u00e1ria de um novo cliente por dia.<br>Trabalho PAP, apresentando: Adquirencia, Seguro Pessoa Fisica resgatavel, seguro de loja, sistema de fideliza\u00e7\u00e3o Collact, sistema de gest\u00e3o, seja para dentista ou posto de gasolina, conta corrente, antecipa\u00e7\u00e3o entre tantas outras solu\u00e7\u00f5es.<\/p>\n","protected":false},"excerpt":{"rendered":"<p>Apresenta\u00e7\u00e3o: Nome, idade, casado, fa\u00e7a voce mesmo, caes, e jardinagem Minha primeira faculdade foi Gest\u00e3o em T.i, depois eu fiz marketing, em seguida, fui fazer a minha p\u00f3s gradua\u00e7\u00e3o em&hellip;<\/p>\n","protected":false},"author":1,"featured_media":0,"comment_status":"open","ping_status":"closed","sticky":false,"template":"","format":"standard","meta":{"footnotes":""},"categories":[1],"tags":[],"class_list":["post-5714","post","type-post","status-publish","format-standard","hentry","category-licitacoes"],"aioseo_notices":[],"aioseo_head":"\n\t\t<!-- All in One SEO 5.0.0.1 - aioseo.com -->\n\t<meta name=\"description\" content=\"Apresenta\u00e7\u00e3o: Nome, idade, casado, fa\u00e7a voce mesmo, caes, e jardinagem Minha primeira faculdade foi Gest\u00e3o em T.i, depois eu fiz marketing, em seguida, fui fazer a minha p\u00f3s gradua\u00e7\u00e3o em Direitos Humanos, e gostei tanto que durante o curso, me inscrevi na Uninove em Direito, a qual estou cursando o terceiro semestretre. Meu lado profissional:\" \/>\n\t<meta name=\"robots\" content=\"max-image-preview:large\" \/>\n\t<meta name=\"author\" content=\"teocosta\"\/>\n\t<link rel=\"canonical\" href=\"https:\/\/teo.com.br\/noticias\/2023\/06\/10\/apresentacao-cv-em-video\/\" \/>\n\t<meta name=\"generator\" content=\"All in One SEO (AIOSEO) 5.0.0.1\" \/>\n\t\t<meta property=\"og:locale\" content=\"pt_BR\" \/>\n\t\t<meta property=\"og:site_name\" content=\"Teo - Head TI - DPO\" \/>\n\t\t<meta property=\"og:type\" content=\"article\" \/>\n\t\t<meta property=\"og:title\" content=\"Apresenta\u00e7\u00e3o CV em Video - Teo\" \/>\n\t\t<meta property=\"og:description\" content=\"Apresenta\u00e7\u00e3o: Nome, idade, casado, fa\u00e7a voce mesmo, caes, e jardinagem Minha primeira faculdade foi Gest\u00e3o em T.i, depois eu fiz marketing, em seguida, fui fazer a minha p\u00f3s gradua\u00e7\u00e3o em Direitos Humanos, e gostei tanto que durante o curso, me inscrevi na Uninove em Direito, a qual estou cursando o terceiro semestretre. Meu lado profissional:\" \/>\n\t\t<meta property=\"og:url\" content=\"https:\/\/teo.com.br\/noticias\/2023\/06\/10\/apresentacao-cv-em-video\/\" \/>\n\t\t<meta property=\"og:image\" content=\"https:\/\/teo.com.br\/wp-content\/uploads\/2024\/03\/cropped-teo.jpg\" \/>\n\t\t<meta property=\"og:image:secure_url\" content=\"https:\/\/teo.com.br\/wp-content\/uploads\/2024\/03\/cropped-teo.jpg\" \/>\n\t\t<meta property=\"article:published_time\" content=\"2023-06-10T11:59:56+00:00\" \/>\n\t\t<meta property=\"article:modified_time\" content=\"2023-06-10T11:59:57+00:00\" \/>\n\t\t<meta name=\"twitter:card\" content=\"summary_large_image\" \/>\n\t\t<meta name=\"twitter:title\" content=\"Apresenta\u00e7\u00e3o CV em Video - Teo\" \/>\n\t\t<meta name=\"twitter:description\" content=\"Apresenta\u00e7\u00e3o: Nome, idade, casado, fa\u00e7a voce mesmo, caes, e jardinagem Minha primeira faculdade foi Gest\u00e3o em T.i, depois eu fiz marketing, em seguida, fui fazer a minha p\u00f3s gradua\u00e7\u00e3o em Direitos Humanos, e gostei tanto que durante o curso, me inscrevi na Uninove em Direito, a qual estou cursando o terceiro semestretre. Meu lado profissional:\" \/>\n\t\t<meta name=\"twitter:image\" content=\"https:\/\/teo.com.br\/wp-content\/uploads\/2024\/03\/cropped-teo.jpg\" \/>\n\t\t<script type=\"application\/ld+json\" class=\"aioseo-schema\">\n\t\t\t{\"@context\":\"https:\\\/\\\/schema.org\",\"@graph\":[{\"@type\":\"BlogPosting\",\"@id\":\"https:\\\/\\\/teo.com.br\\\/noticias\\\/2023\\\/06\\\/10\\\/apresentacao-cv-em-video\\\/#blogposting\",\"name\":\"Apresenta\\u00e7\\u00e3o CV em Video - Teo\",\"headline\":\"Apresenta\\u00e7\\u00e3o CV em Video\",\"author\":{\"@id\":\"https:\\\/\\\/teo.com.br\\\/noticias\\\/author\\\/temcosta\\\/#author\"},\"publisher\":{\"@id\":\"https:\\\/\\\/teo.com.br\\\/noticias\\\/#organization\"},\"datePublished\":\"2023-06-10T08:59:56-03:00\",\"dateModified\":\"2023-06-10T08:59:57-03:00\",\"inLanguage\":\"pt-BR\",\"mainEntityOfPage\":{\"@id\":\"https:\\\/\\\/teo.com.br\\\/noticias\\\/2023\\\/06\\\/10\\\/apresentacao-cv-em-video\\\/#webpage\"},\"isPartOf\":{\"@id\":\"https:\\\/\\\/teo.com.br\\\/noticias\\\/2023\\\/06\\\/10\\\/apresentacao-cv-em-video\\\/#webpage\"},\"articleSection\":\"Licita\\u00e7\\u00f5es\"},{\"@type\":\"BreadcrumbList\",\"@id\":\"https:\\\/\\\/teo.com.br\\\/noticias\\\/2023\\\/06\\\/10\\\/apresentacao-cv-em-video\\\/#breadcrumblist\",\"itemListElement\":[{\"@type\":\"ListItem\",\"@id\":\"https:\\\/\\\/teo.com.br\\\/noticias#listItem\",\"position\":1,\"name\":\"Home\",\"item\":\"https:\\\/\\\/teo.com.br\\\/noticias\",\"nextItem\":{\"@type\":\"ListItem\",\"@id\":\"https:\\\/\\\/teo.com.br\\\/noticias\\\/categoria\\\/licitacoes\\\/#listItem\",\"name\":\"Licita\\u00e7\\u00f5es\"}},{\"@type\":\"ListItem\",\"@id\":\"https:\\\/\\\/teo.com.br\\\/noticias\\\/categoria\\\/licitacoes\\\/#listItem\",\"position\":2,\"name\":\"Licita\\u00e7\\u00f5es\",\"item\":\"https:\\\/\\\/teo.com.br\\\/noticias\\\/categoria\\\/licitacoes\\\/\",\"nextItem\":{\"@type\":\"ListItem\",\"@id\":\"https:\\\/\\\/teo.com.br\\\/noticias\\\/2023\\\/06\\\/10\\\/apresentacao-cv-em-video\\\/#listItem\",\"name\":\"Apresenta\\u00e7\\u00e3o CV em Video\"},\"previousItem\":{\"@type\":\"ListItem\",\"@id\":\"https:\\\/\\\/teo.com.br\\\/noticias#listItem\",\"name\":\"Home\"}},{\"@type\":\"ListItem\",\"@id\":\"https:\\\/\\\/teo.com.br\\\/noticias\\\/2023\\\/06\\\/10\\\/apresentacao-cv-em-video\\\/#listItem\",\"position\":3,\"name\":\"Apresenta\\u00e7\\u00e3o CV em Video\",\"previousItem\":{\"@type\":\"ListItem\",\"@id\":\"https:\\\/\\\/teo.com.br\\\/noticias\\\/categoria\\\/licitacoes\\\/#listItem\",\"name\":\"Licita\\u00e7\\u00f5es\"}}]},{\"@type\":\"Organization\",\"@id\":\"https:\\\/\\\/teo.com.br\\\/noticias\\\/#organization\",\"name\":\"Teo Costa - Tecnologia e Solu\\u00e7\\u00f5es Corporativas em Seguran\\u00e7a Contra Inc\\u00eandio Pesquisa de Satisfa\\u00e7\\u00e3o\",\"description\":\"Head TI - DPO\",\"url\":\"https:\\\/\\\/teo.com.br\\\/noticias\\\/\"},{\"@type\":\"Person\",\"@id\":\"https:\\\/\\\/teo.com.br\\\/noticias\\\/author\\\/temcosta\\\/#author\",\"url\":\"https:\\\/\\\/teo.com.br\\\/noticias\\\/author\\\/temcosta\\\/\",\"name\":\"teocosta\",\"image\":{\"@type\":\"ImageObject\",\"@id\":\"https:\\\/\\\/teo.com.br\\\/noticias\\\/2023\\\/06\\\/10\\\/apresentacao-cv-em-video\\\/#authorImage\",\"url\":\"https:\\\/\\\/secure.gravatar.com\\\/avatar\\\/9eaa33a8942fc7cb0be99e3b8f5a8f798b4647876bd8c39ebfc4b1f5753beac2?s=96&d=mm&r=g\",\"width\":96,\"height\":96,\"caption\":\"teocosta\"}},{\"@type\":\"WebPage\",\"@id\":\"https:\\\/\\\/teo.com.br\\\/noticias\\\/2023\\\/06\\\/10\\\/apresentacao-cv-em-video\\\/#webpage\",\"url\":\"https:\\\/\\\/teo.com.br\\\/noticias\\\/2023\\\/06\\\/10\\\/apresentacao-cv-em-video\\\/\",\"name\":\"Apresenta\\u00e7\\u00e3o CV em Video - Teo\",\"description\":\"Apresenta\\u00e7\\u00e3o: Nome, idade, casado, fa\\u00e7a voce mesmo, caes, e jardinagem Minha primeira faculdade foi Gest\\u00e3o em T.i, depois eu fiz marketing, em seguida, fui fazer a minha p\\u00f3s gradua\\u00e7\\u00e3o em Direitos Humanos, e gostei tanto que durante o curso, me inscrevi na Uninove em Direito, a qual estou cursando o terceiro semestretre. Meu lado profissional:\",\"inLanguage\":\"pt-BR\",\"isPartOf\":{\"@id\":\"https:\\\/\\\/teo.com.br\\\/noticias\\\/#website\"},\"breadcrumb\":{\"@id\":\"https:\\\/\\\/teo.com.br\\\/noticias\\\/2023\\\/06\\\/10\\\/apresentacao-cv-em-video\\\/#breadcrumblist\"},\"author\":{\"@id\":\"https:\\\/\\\/teo.com.br\\\/noticias\\\/author\\\/temcosta\\\/#author\"},\"creator\":{\"@id\":\"https:\\\/\\\/teo.com.br\\\/noticias\\\/author\\\/temcosta\\\/#author\"},\"datePublished\":\"2023-06-10T08:59:56-03:00\",\"dateModified\":\"2023-06-10T08:59:57-03:00\"},{\"@type\":\"WebSite\",\"@id\":\"https:\\\/\\\/teo.com.br\\\/noticias\\\/#website\",\"url\":\"https:\\\/\\\/teo.com.br\\\/noticias\\\/\",\"name\":\"Teo Costa - Tecnologia e Solu\\u00e7\\u00f5es Corporativas em Seguran\\u00e7a Contra Inc\\u00eandio Pesquisa de Satisfa\\u00e7\\u00e3o\",\"description\":\"Head TI - DPO\",\"inLanguage\":\"pt-BR\",\"publisher\":{\"@id\":\"https:\\\/\\\/teo.com.br\\\/noticias\\\/#organization\"}}]}\n\t\t<\/script>\n\t\t<!-- All in One SEO -->\n\n","aioseo_head_json":{"title":"Apresenta\u00e7\u00e3o CV em Video - Teo","description":"Apresenta\u00e7\u00e3o: Nome, idade, casado, fa\u00e7a voce mesmo, caes, e jardinagem Minha primeira faculdade foi Gest\u00e3o em T.i, depois eu fiz marketing, em seguida, fui fazer a minha p\u00f3s gradua\u00e7\u00e3o em Direitos Humanos, e gostei tanto que durante o curso, me inscrevi na Uninove em Direito, a qual estou cursando o terceiro semestretre. Meu lado profissional:","canonical_url":"https:\/\/teo.com.br\/noticias\/2023\/06\/10\/apresentacao-cv-em-video\/","robots":"max-image-preview:large","keywords":"","webmasterTools":{"miscellaneous":""},"schema":{"@context":"https:\/\/schema.org","@graph":[{"@type":"BlogPosting","@id":"https:\/\/teo.com.br\/noticias\/2023\/06\/10\/apresentacao-cv-em-video\/#blogposting","name":"Apresenta\u00e7\u00e3o CV em Video - Teo","headline":"Apresenta\u00e7\u00e3o CV em Video","author":{"@id":"https:\/\/teo.com.br\/noticias\/author\/temcosta\/#author"},"publisher":{"@id":"https:\/\/teo.com.br\/noticias\/#organization"},"datePublished":"2023-06-10T08:59:56-03:00","dateModified":"2023-06-10T08:59:57-03:00","inLanguage":"pt-BR","mainEntityOfPage":{"@id":"https:\/\/teo.com.br\/noticias\/2023\/06\/10\/apresentacao-cv-em-video\/#webpage"},"isPartOf":{"@id":"https:\/\/teo.com.br\/noticias\/2023\/06\/10\/apresentacao-cv-em-video\/#webpage"},"articleSection":"Licita\u00e7\u00f5es"},{"@type":"BreadcrumbList","@id":"https:\/\/teo.com.br\/noticias\/2023\/06\/10\/apresentacao-cv-em-video\/#breadcrumblist","itemListElement":[{"@type":"ListItem","@id":"https:\/\/teo.com.br\/noticias#listItem","position":1,"name":"Home","item":"https:\/\/teo.com.br\/noticias","nextItem":{"@type":"ListItem","@id":"https:\/\/teo.com.br\/noticias\/categoria\/licitacoes\/#listItem","name":"Licita\u00e7\u00f5es"}},{"@type":"ListItem","@id":"https:\/\/teo.com.br\/noticias\/categoria\/licitacoes\/#listItem","position":2,"name":"Licita\u00e7\u00f5es","item":"https:\/\/teo.com.br\/noticias\/categoria\/licitacoes\/","nextItem":{"@type":"ListItem","@id":"https:\/\/teo.com.br\/noticias\/2023\/06\/10\/apresentacao-cv-em-video\/#listItem","name":"Apresenta\u00e7\u00e3o CV em Video"},"previousItem":{"@type":"ListItem","@id":"https:\/\/teo.com.br\/noticias#listItem","name":"Home"}},{"@type":"ListItem","@id":"https:\/\/teo.com.br\/noticias\/2023\/06\/10\/apresentacao-cv-em-video\/#listItem","position":3,"name":"Apresenta\u00e7\u00e3o CV em Video","previousItem":{"@type":"ListItem","@id":"https:\/\/teo.com.br\/noticias\/categoria\/licitacoes\/#listItem","name":"Licita\u00e7\u00f5es"}}]},{"@type":"Organization","@id":"https:\/\/teo.com.br\/noticias\/#organization","name":"Teo Costa - Tecnologia e Solu\u00e7\u00f5es Corporativas em Seguran\u00e7a Contra Inc\u00eandio Pesquisa de Satisfa\u00e7\u00e3o","description":"Head TI - DPO","url":"https:\/\/teo.com.br\/noticias\/"},{"@type":"Person","@id":"https:\/\/teo.com.br\/noticias\/author\/temcosta\/#author","url":"https:\/\/teo.com.br\/noticias\/author\/temcosta\/","name":"teocosta","image":{"@type":"ImageObject","@id":"https:\/\/teo.com.br\/noticias\/2023\/06\/10\/apresentacao-cv-em-video\/#authorImage","url":"https:\/\/secure.gravatar.com\/avatar\/9eaa33a8942fc7cb0be99e3b8f5a8f798b4647876bd8c39ebfc4b1f5753beac2?s=96&d=mm&r=g","width":96,"height":96,"caption":"teocosta"}},{"@type":"WebPage","@id":"https:\/\/teo.com.br\/noticias\/2023\/06\/10\/apresentacao-cv-em-video\/#webpage","url":"https:\/\/teo.com.br\/noticias\/2023\/06\/10\/apresentacao-cv-em-video\/","name":"Apresenta\u00e7\u00e3o CV em Video - Teo","description":"Apresenta\u00e7\u00e3o: Nome, idade, casado, fa\u00e7a voce mesmo, caes, e jardinagem Minha primeira faculdade foi Gest\u00e3o em T.i, depois eu fiz marketing, em seguida, fui fazer a minha p\u00f3s gradua\u00e7\u00e3o em Direitos Humanos, e gostei tanto que durante o curso, me inscrevi na Uninove em Direito, a qual estou cursando o terceiro semestretre. Meu lado profissional:","inLanguage":"pt-BR","isPartOf":{"@id":"https:\/\/teo.com.br\/noticias\/#website"},"breadcrumb":{"@id":"https:\/\/teo.com.br\/noticias\/2023\/06\/10\/apresentacao-cv-em-video\/#breadcrumblist"},"author":{"@id":"https:\/\/teo.com.br\/noticias\/author\/temcosta\/#author"},"creator":{"@id":"https:\/\/teo.com.br\/noticias\/author\/temcosta\/#author"},"datePublished":"2023-06-10T08:59:56-03:00","dateModified":"2023-06-10T08:59:57-03:00"},{"@type":"WebSite","@id":"https:\/\/teo.com.br\/noticias\/#website","url":"https:\/\/teo.com.br\/noticias\/","name":"Teo Costa - Tecnologia e Solu\u00e7\u00f5es Corporativas em Seguran\u00e7a Contra Inc\u00eandio Pesquisa de Satisfa\u00e7\u00e3o","description":"Head TI - DPO","inLanguage":"pt-BR","publisher":{"@id":"https:\/\/teo.com.br\/noticias\/#organization"}}]},"og:locale":"pt_BR","og:site_name":"Teo - Head TI - DPO","og:type":"article","og:title":"Apresenta\u00e7\u00e3o CV em Video - Teo","og:description":"Apresenta\u00e7\u00e3o: Nome, idade, casado, fa\u00e7a voce mesmo, caes, e jardinagem Minha primeira faculdade foi Gest\u00e3o em T.i, depois eu fiz marketing, em seguida, fui fazer a minha p\u00f3s gradua\u00e7\u00e3o em Direitos Humanos, e gostei tanto que durante o curso, me inscrevi na Uninove em Direito, a qual estou cursando o terceiro semestretre. Meu lado profissional:","og:url":"https:\/\/teo.com.br\/noticias\/2023\/06\/10\/apresentacao-cv-em-video\/","og:image":"https:\/\/teo.com.br\/wp-content\/uploads\/2024\/03\/cropped-teo.jpg","og:image:secure_url":"https:\/\/teo.com.br\/wp-content\/uploads\/2024\/03\/cropped-teo.jpg","article:published_time":"2023-06-10T11:59:56+00:00","article:modified_time":"2023-06-10T11:59:57+00:00","twitter:card":"summary_large_image","twitter:title":"Apresenta\u00e7\u00e3o CV em Video - Teo","twitter:description":"Apresenta\u00e7\u00e3o: Nome, idade, casado, fa\u00e7a voce mesmo, caes, e jardinagem Minha primeira faculdade foi Gest\u00e3o em T.i, depois eu fiz marketing, em seguida, fui fazer a minha p\u00f3s gradua\u00e7\u00e3o em Direitos Humanos, e gostei tanto que durante o curso, me inscrevi na Uninove em Direito, a qual estou cursando o terceiro semestretre. Meu lado profissional:","twitter:image":"https:\/\/teo.com.br\/wp-content\/uploads\/2024\/03\/cropped-teo.jpg"},"aioseo_meta_data":{"post_id":"5714","title":null,"description":null,"keywords":null,"keyphrases":null,"primary_term":null,"canonical_url":null,"og_title":null,"og_description":null,"og_object_type":"default","og_image_type":"default","og_image_url":null,"og_image_width":null,"og_image_height":null,"og_image_custom_url":null,"og_image_custom_fields":null,"og_video":null,"og_custom_url":null,"og_article_section":null,"og_article_tags":null,"twitter_use_og":false,"twitter_card":"default","twitter_image_type":"default","twitter_image_url":null,"twitter_image_custom_url":null,"twitter_image_custom_fields":null,"twitter_title":null,"twitter_description":null,"schema":{"blockGraphs":[],"customGraphs":[],"default":{"data":{"Article":[],"Course":[],"Dataset":[],"FAQPage":[],"Movie":[],"Person":[],"Product":[],"ProductReview":[],"Car":[],"Recipe":[],"Service":[],"SoftwareApplication":[],"WebPage":[]},"graphName":"","isEnabled":true},"graphs":[]},"schema_type":"default","schema_type_options":null,"pillar_content":false,"robots_default":true,"robots_noindex":false,"robots_noarchive":false,"robots_nosnippet":false,"robots_nofollow":false,"robots_noimageindex":false,"robots_noodp":false,"robots_notranslate":false,"robots_max_snippet":null,"robots_max_videopreview":null,"robots_max_imagepreview":"large","priority":null,"frequency":null,"local_seo":null,"breadcrumb_settings":null,"limit_modified_date":false,"ai":null,"created":"2024-04-08 22:40:34","updated":"2025-09-12 21:46:24","seo_analyzer_scan_date":null,"focus_keyword":null,"additional_keywords":null,"truseo_locale":null},"aioseo_breadcrumb":"<div class=\"aioseo-breadcrumbs\"><span class=\"aioseo-breadcrumb\">\n\t\t\t<a href=\"https:\/\/teo.com.br\/noticias\" title=\"Home\">Home<\/a>\n\t\t<\/span><span class=\"aioseo-breadcrumb-separator\">&raquo;<\/span><span class=\"aioseo-breadcrumb\">\n\t\t\t<a href=\"https:\/\/teo.com.br\/noticias\/categoria\/licitacoes\/\" title=\"Licita\u00e7\u00f5es\">Licita\u00e7\u00f5es<\/a>\n\t\t<\/span><span class=\"aioseo-breadcrumb-separator\">&raquo;<\/span><span class=\"aioseo-breadcrumb\">\n\t\t\tApresenta\u00e7\u00e3o CV em Video\n\t\t<\/span><\/div>","aioseo_breadcrumb_json":[{"label":"Home","link":"https:\/\/teo.com.br\/noticias"},{"label":"Licita\u00e7\u00f5es","link":"https:\/\/teo.com.br\/noticias\/categoria\/licitacoes\/"},{"label":"Apresenta\u00e7\u00e3o CV em Video","link":"https:\/\/teo.com.br\/noticias\/2023\/06\/10\/apresentacao-cv-em-video\/"}],"_links":{"self":[{"href":"https:\/\/teo.com.br\/noticias\/wp-json\/wp\/v2\/posts\/5714","targetHints":{"allow":["GET"]}}],"collection":[{"href":"https:\/\/teo.com.br\/noticias\/wp-json\/wp\/v2\/posts"}],"about":[{"href":"https:\/\/teo.com.br\/noticias\/wp-json\/wp\/v2\/types\/post"}],"author":[{"embeddable":true,"href":"https:\/\/teo.com.br\/noticias\/wp-json\/wp\/v2\/users\/1"}],"replies":[{"embeddable":true,"href":"https:\/\/teo.com.br\/noticias\/wp-json\/wp\/v2\/comments?post=5714"}],"version-history":[{"count":1,"href":"https:\/\/teo.com.br\/noticias\/wp-json\/wp\/v2\/posts\/5714\/revisions"}],"predecessor-version":[{"id":5715,"href":"https:\/\/teo.com.br\/noticias\/wp-json\/wp\/v2\/posts\/5714\/revisions\/5715"}],"wp:attachment":[{"href":"https:\/\/teo.com.br\/noticias\/wp-json\/wp\/v2\/media?parent=5714"}],"wp:term":[{"taxonomy":"category","embeddable":true,"href":"https:\/\/teo.com.br\/noticias\/wp-json\/wp\/v2\/categories?post=5714"},{"taxonomy":"post_tag","embeddable":true,"href":"https:\/\/teo.com.br\/noticias\/wp-json\/wp\/v2\/tags?post=5714"}],"curies":[{"name":"wp","href":"https:\/\/api.w.org\/{rel}","templated":true}]}}