{"id":5724,"date":"2023-06-10T09:22:01","date_gmt":"2023-06-10T12:22:01","guid":{"rendered":"https:\/\/teo.com.br\/?p=5724"},"modified":"2023-06-10T09:22:02","modified_gmt":"2023-06-10T12:22:02","slug":"normas-materialmente-constitucionais","status":"publish","type":"post","link":"https:\/\/teo.com.br\/noticias\/2023\/06\/10\/normas-materialmente-constitucionais\/","title":{"rendered":"Normas materialmente constitucionais"},"content":{"rendered":"\n<p class=\"wp-block-paragraph\">S\u00e3o aquelas que se referem ao conte\u00fado ou ess\u00eancia da Constitui\u00e7\u00e3o, ou seja, s\u00e3o normas que tratam de assuntos essenciais para a organiza\u00e7\u00e3o do Estado, a distribui\u00e7\u00e3o de compet\u00eancia entre os poderes, os direitos fundamentais, dentre outros temas. S\u00e3o chamadas de &#8220;materialmente constitucionais&#8221; porque, apesar de n\u00e3o estarem necessariamente expressas no texto da Constitui\u00e7\u00e3o, possuem uma posi\u00e7\u00e3o hier\u00e1rquica superior em rela\u00e7\u00e3o \u00e0s demais normas infraconstitucionais. Essas normas s\u00e3o consideradas como integrantes da &#8220;Constitui\u00e7\u00e3o material&#8221;, que \u00e9 o conjunto de valores, princ\u00edpios e regras essenciais que regem o Estado e a sociedade brasileira.<\/p>\n","protected":false},"excerpt":{"rendered":"<p>S\u00e3o aquelas que se referem ao conte\u00fado ou ess\u00eancia da Constitui\u00e7\u00e3o, ou seja, s\u00e3o normas que tratam de assuntos essenciais para a organiza\u00e7\u00e3o do Estado, a distribui\u00e7\u00e3o de compet\u00eancia entre&hellip;<\/p>\n","protected":false},"author":1,"featured_media":0,"comment_status":"open","ping_status":"closed","sticky":false,"template":"","format":"standard","meta":{"footnotes":""},"categories":[300],"tags":[299,301,302,305,74],"class_list":["post-5724","post","type-post","status-publish","format-standard","hentry","category-direito","tag-constitucional","tag-direito","tag-hermeneutica","tag-juridica","tag-teo-costa"],"aioseo_notices":[],"aioseo_head":"\n\t\t<!-- All in One SEO 5.0.0.1 - aioseo.com -->\n\t<meta name=\"description\" content=\"S\u00e3o aquelas que se referem ao conte\u00fado ou ess\u00eancia da Constitui\u00e7\u00e3o, ou seja, s\u00e3o normas que tratam de assuntos essenciais para a organiza\u00e7\u00e3o do Estado, a distribui\u00e7\u00e3o de compet\u00eancia entre os poderes, os direitos fundamentais, dentre outros temas. S\u00e3o chamadas de &quot;materialmente constitucionais&quot; porque, apesar de n\u00e3o estarem necessariamente expressas no texto da Constitui\u00e7\u00e3o, possuem\" \/>\n\t<meta name=\"robots\" content=\"max-image-preview:large\" \/>\n\t<meta name=\"author\" content=\"teocosta\"\/>\n\t<link rel=\"canonical\" href=\"https:\/\/teo.com.br\/noticias\/2023\/06\/10\/normas-materialmente-constitucionais\/\" \/>\n\t<meta name=\"generator\" content=\"All in One SEO (AIOSEO) 5.0.0.1\" \/>\n\t\t<meta property=\"og:locale\" content=\"pt_BR\" \/>\n\t\t<meta property=\"og:site_name\" content=\"Teo - Head TI - DPO\" \/>\n\t\t<meta property=\"og:type\" content=\"article\" \/>\n\t\t<meta property=\"og:title\" content=\"Normas materialmente constitucionais - Teo\" \/>\n\t\t<meta property=\"og:description\" content=\"S\u00e3o aquelas que se referem ao conte\u00fado ou ess\u00eancia da Constitui\u00e7\u00e3o, ou seja, s\u00e3o normas que tratam de assuntos essenciais para a organiza\u00e7\u00e3o do Estado, a distribui\u00e7\u00e3o de compet\u00eancia entre os poderes, os direitos fundamentais, dentre outros temas. S\u00e3o chamadas de &quot;materialmente constitucionais&quot; porque, apesar de n\u00e3o estarem necessariamente expressas no texto da Constitui\u00e7\u00e3o, possuem\" \/>\n\t\t<meta property=\"og:url\" content=\"https:\/\/teo.com.br\/noticias\/2023\/06\/10\/normas-materialmente-constitucionais\/\" \/>\n\t\t<meta property=\"og:image\" content=\"https:\/\/teo.com.br\/wp-content\/uploads\/2024\/03\/cropped-teo.jpg\" \/>\n\t\t<meta property=\"og:image:secure_url\" content=\"https:\/\/teo.com.br\/wp-content\/uploads\/2024\/03\/cropped-teo.jpg\" \/>\n\t\t<meta property=\"article:published_time\" content=\"2023-06-10T12:22:01+00:00\" \/>\n\t\t<meta property=\"article:modified_time\" content=\"2023-06-10T12:22:02+00:00\" \/>\n\t\t<meta name=\"twitter:card\" content=\"summary_large_image\" \/>\n\t\t<meta name=\"twitter:title\" content=\"Normas materialmente constitucionais - Teo\" \/>\n\t\t<meta name=\"twitter:description\" content=\"S\u00e3o aquelas que se referem ao conte\u00fado ou ess\u00eancia da Constitui\u00e7\u00e3o, ou seja, s\u00e3o normas que tratam de assuntos essenciais para a organiza\u00e7\u00e3o do Estado, a distribui\u00e7\u00e3o de compet\u00eancia entre os poderes, os direitos fundamentais, dentre outros temas. S\u00e3o chamadas de &quot;materialmente constitucionais&quot; porque, apesar de n\u00e3o estarem necessariamente expressas no texto da Constitui\u00e7\u00e3o, possuem\" \/>\n\t\t<meta name=\"twitter:image\" content=\"https:\/\/teo.com.br\/wp-content\/uploads\/2024\/03\/cropped-teo.jpg\" \/>\n\t\t<script type=\"application\/ld+json\" class=\"aioseo-schema\">\n\t\t\t{\"@context\":\"https:\\\/\\\/schema.org\",\"@graph\":[{\"@type\":\"BlogPosting\",\"@id\":\"https:\\\/\\\/teo.com.br\\\/noticias\\\/2023\\\/06\\\/10\\\/normas-materialmente-constitucionais\\\/#blogposting\",\"name\":\"Normas materialmente constitucionais - Teo\",\"headline\":\"Normas materialmente constitucionais\",\"author\":{\"@id\":\"https:\\\/\\\/teo.com.br\\\/noticias\\\/author\\\/temcosta\\\/#author\"},\"publisher\":{\"@id\":\"https:\\\/\\\/teo.com.br\\\/noticias\\\/#organization\"},\"datePublished\":\"2023-06-10T09:22:01-03:00\",\"dateModified\":\"2023-06-10T09:22:02-03:00\",\"inLanguage\":\"pt-BR\",\"mainEntityOfPage\":{\"@id\":\"https:\\\/\\\/teo.com.br\\\/noticias\\\/2023\\\/06\\\/10\\\/normas-materialmente-constitucionais\\\/#webpage\"},\"isPartOf\":{\"@id\":\"https:\\\/\\\/teo.com.br\\\/noticias\\\/2023\\\/06\\\/10\\\/normas-materialmente-constitucionais\\\/#webpage\"},\"articleSection\":\"Direito, constitucional, direito, Hermen\\u00eautica, Jur\\u00eddica, teo costa\"},{\"@type\":\"BreadcrumbList\",\"@id\":\"https:\\\/\\\/teo.com.br\\\/noticias\\\/2023\\\/06\\\/10\\\/normas-materialmente-constitucionais\\\/#breadcrumblist\",\"itemListElement\":[{\"@type\":\"ListItem\",\"@id\":\"https:\\\/\\\/teo.com.br\\\/noticias#listItem\",\"position\":1,\"name\":\"Home\",\"item\":\"https:\\\/\\\/teo.com.br\\\/noticias\",\"nextItem\":{\"@type\":\"ListItem\",\"@id\":\"https:\\\/\\\/teo.com.br\\\/noticias\\\/categoria\\\/direito\\\/#listItem\",\"name\":\"Direito\"}},{\"@type\":\"ListItem\",\"@id\":\"https:\\\/\\\/teo.com.br\\\/noticias\\\/categoria\\\/direito\\\/#listItem\",\"position\":2,\"name\":\"Direito\",\"item\":\"https:\\\/\\\/teo.com.br\\\/noticias\\\/categoria\\\/direito\\\/\",\"nextItem\":{\"@type\":\"ListItem\",\"@id\":\"https:\\\/\\\/teo.com.br\\\/noticias\\\/2023\\\/06\\\/10\\\/normas-materialmente-constitucionais\\\/#listItem\",\"name\":\"Normas materialmente constitucionais\"},\"previousItem\":{\"@type\":\"ListItem\",\"@id\":\"https:\\\/\\\/teo.com.br\\\/noticias#listItem\",\"name\":\"Home\"}},{\"@type\":\"ListItem\",\"@id\":\"https:\\\/\\\/teo.com.br\\\/noticias\\\/2023\\\/06\\\/10\\\/normas-materialmente-constitucionais\\\/#listItem\",\"position\":3,\"name\":\"Normas materialmente constitucionais\",\"previousItem\":{\"@type\":\"ListItem\",\"@id\":\"https:\\\/\\\/teo.com.br\\\/noticias\\\/categoria\\\/direito\\\/#listItem\",\"name\":\"Direito\"}}]},{\"@type\":\"Organization\",\"@id\":\"https:\\\/\\\/teo.com.br\\\/noticias\\\/#organization\",\"name\":\"Teo Costa - Tecnologia e Solu\\u00e7\\u00f5es Corporativas em Seguran\\u00e7a Contra Inc\\u00eandio Pesquisa de Satisfa\\u00e7\\u00e3o\",\"description\":\"Head TI - DPO\",\"url\":\"https:\\\/\\\/teo.com.br\\\/noticias\\\/\"},{\"@type\":\"Person\",\"@id\":\"https:\\\/\\\/teo.com.br\\\/noticias\\\/author\\\/temcosta\\\/#author\",\"url\":\"https:\\\/\\\/teo.com.br\\\/noticias\\\/author\\\/temcosta\\\/\",\"name\":\"teocosta\",\"image\":{\"@type\":\"ImageObject\",\"@id\":\"https:\\\/\\\/teo.com.br\\\/noticias\\\/2023\\\/06\\\/10\\\/normas-materialmente-constitucionais\\\/#authorImage\",\"url\":\"https:\\\/\\\/secure.gravatar.com\\\/avatar\\\/9eaa33a8942fc7cb0be99e3b8f5a8f798b4647876bd8c39ebfc4b1f5753beac2?s=96&d=mm&r=g\",\"width\":96,\"height\":96,\"caption\":\"teocosta\"}},{\"@type\":\"WebPage\",\"@id\":\"https:\\\/\\\/teo.com.br\\\/noticias\\\/2023\\\/06\\\/10\\\/normas-materialmente-constitucionais\\\/#webpage\",\"url\":\"https:\\\/\\\/teo.com.br\\\/noticias\\\/2023\\\/06\\\/10\\\/normas-materialmente-constitucionais\\\/\",\"name\":\"Normas materialmente constitucionais - Teo\",\"description\":\"S\\u00e3o aquelas que se referem ao conte\\u00fado ou ess\\u00eancia da Constitui\\u00e7\\u00e3o, ou seja, s\\u00e3o normas que tratam de assuntos essenciais para a organiza\\u00e7\\u00e3o do Estado, a distribui\\u00e7\\u00e3o de compet\\u00eancia entre os poderes, os direitos fundamentais, dentre outros temas. S\\u00e3o chamadas de \\\"materialmente constitucionais\\\" porque, apesar de n\\u00e3o estarem necessariamente expressas no texto da Constitui\\u00e7\\u00e3o, possuem\",\"inLanguage\":\"pt-BR\",\"isPartOf\":{\"@id\":\"https:\\\/\\\/teo.com.br\\\/noticias\\\/#website\"},\"breadcrumb\":{\"@id\":\"https:\\\/\\\/teo.com.br\\\/noticias\\\/2023\\\/06\\\/10\\\/normas-materialmente-constitucionais\\\/#breadcrumblist\"},\"author\":{\"@id\":\"https:\\\/\\\/teo.com.br\\\/noticias\\\/author\\\/temcosta\\\/#author\"},\"creator\":{\"@id\":\"https:\\\/\\\/teo.com.br\\\/noticias\\\/author\\\/temcosta\\\/#author\"},\"datePublished\":\"2023-06-10T09:22:01-03:00\",\"dateModified\":\"2023-06-10T09:22:02-03:00\"},{\"@type\":\"WebSite\",\"@id\":\"https:\\\/\\\/teo.com.br\\\/noticias\\\/#website\",\"url\":\"https:\\\/\\\/teo.com.br\\\/noticias\\\/\",\"name\":\"Teo Costa - Tecnologia e Solu\\u00e7\\u00f5es Corporativas em Seguran\\u00e7a Contra Inc\\u00eandio Pesquisa de Satisfa\\u00e7\\u00e3o\",\"description\":\"Head TI - DPO\",\"inLanguage\":\"pt-BR\",\"publisher\":{\"@id\":\"https:\\\/\\\/teo.com.br\\\/noticias\\\/#organization\"}}]}\n\t\t<\/script>\n\t\t<!-- All in One SEO -->\n\n","aioseo_head_json":{"title":"Normas materialmente constitucionais - Teo","description":"S\u00e3o aquelas que se referem ao conte\u00fado ou ess\u00eancia da Constitui\u00e7\u00e3o, ou seja, s\u00e3o normas que tratam de assuntos essenciais para a organiza\u00e7\u00e3o do Estado, a distribui\u00e7\u00e3o de compet\u00eancia entre os poderes, os direitos fundamentais, dentre outros temas. S\u00e3o chamadas de \"materialmente constitucionais\" porque, apesar de n\u00e3o estarem necessariamente expressas no texto da Constitui\u00e7\u00e3o, possuem","canonical_url":"https:\/\/teo.com.br\/noticias\/2023\/06\/10\/normas-materialmente-constitucionais\/","robots":"max-image-preview:large","keywords":"","webmasterTools":{"miscellaneous":""},"schema":{"@context":"https:\/\/schema.org","@graph":[{"@type":"BlogPosting","@id":"https:\/\/teo.com.br\/noticias\/2023\/06\/10\/normas-materialmente-constitucionais\/#blogposting","name":"Normas materialmente constitucionais - Teo","headline":"Normas materialmente constitucionais","author":{"@id":"https:\/\/teo.com.br\/noticias\/author\/temcosta\/#author"},"publisher":{"@id":"https:\/\/teo.com.br\/noticias\/#organization"},"datePublished":"2023-06-10T09:22:01-03:00","dateModified":"2023-06-10T09:22:02-03:00","inLanguage":"pt-BR","mainEntityOfPage":{"@id":"https:\/\/teo.com.br\/noticias\/2023\/06\/10\/normas-materialmente-constitucionais\/#webpage"},"isPartOf":{"@id":"https:\/\/teo.com.br\/noticias\/2023\/06\/10\/normas-materialmente-constitucionais\/#webpage"},"articleSection":"Direito, constitucional, direito, Hermen\u00eautica, Jur\u00eddica, teo costa"},{"@type":"BreadcrumbList","@id":"https:\/\/teo.com.br\/noticias\/2023\/06\/10\/normas-materialmente-constitucionais\/#breadcrumblist","itemListElement":[{"@type":"ListItem","@id":"https:\/\/teo.com.br\/noticias#listItem","position":1,"name":"Home","item":"https:\/\/teo.com.br\/noticias","nextItem":{"@type":"ListItem","@id":"https:\/\/teo.com.br\/noticias\/categoria\/direito\/#listItem","name":"Direito"}},{"@type":"ListItem","@id":"https:\/\/teo.com.br\/noticias\/categoria\/direito\/#listItem","position":2,"name":"Direito","item":"https:\/\/teo.com.br\/noticias\/categoria\/direito\/","nextItem":{"@type":"ListItem","@id":"https:\/\/teo.com.br\/noticias\/2023\/06\/10\/normas-materialmente-constitucionais\/#listItem","name":"Normas materialmente constitucionais"},"previousItem":{"@type":"ListItem","@id":"https:\/\/teo.com.br\/noticias#listItem","name":"Home"}},{"@type":"ListItem","@id":"https:\/\/teo.com.br\/noticias\/2023\/06\/10\/normas-materialmente-constitucionais\/#listItem","position":3,"name":"Normas materialmente constitucionais","previousItem":{"@type":"ListItem","@id":"https:\/\/teo.com.br\/noticias\/categoria\/direito\/#listItem","name":"Direito"}}]},{"@type":"Organization","@id":"https:\/\/teo.com.br\/noticias\/#organization","name":"Teo Costa - Tecnologia e Solu\u00e7\u00f5es Corporativas em Seguran\u00e7a Contra Inc\u00eandio Pesquisa de Satisfa\u00e7\u00e3o","description":"Head TI - DPO","url":"https:\/\/teo.com.br\/noticias\/"},{"@type":"Person","@id":"https:\/\/teo.com.br\/noticias\/author\/temcosta\/#author","url":"https:\/\/teo.com.br\/noticias\/author\/temcosta\/","name":"teocosta","image":{"@type":"ImageObject","@id":"https:\/\/teo.com.br\/noticias\/2023\/06\/10\/normas-materialmente-constitucionais\/#authorImage","url":"https:\/\/secure.gravatar.com\/avatar\/9eaa33a8942fc7cb0be99e3b8f5a8f798b4647876bd8c39ebfc4b1f5753beac2?s=96&d=mm&r=g","width":96,"height":96,"caption":"teocosta"}},{"@type":"WebPage","@id":"https:\/\/teo.com.br\/noticias\/2023\/06\/10\/normas-materialmente-constitucionais\/#webpage","url":"https:\/\/teo.com.br\/noticias\/2023\/06\/10\/normas-materialmente-constitucionais\/","name":"Normas materialmente constitucionais - Teo","description":"S\u00e3o aquelas que se referem ao conte\u00fado ou ess\u00eancia da Constitui\u00e7\u00e3o, ou seja, s\u00e3o normas que tratam de assuntos essenciais para a organiza\u00e7\u00e3o do Estado, a distribui\u00e7\u00e3o de compet\u00eancia entre os poderes, os direitos fundamentais, dentre outros temas. S\u00e3o chamadas de \"materialmente constitucionais\" porque, apesar de n\u00e3o estarem necessariamente expressas no texto da Constitui\u00e7\u00e3o, possuem","inLanguage":"pt-BR","isPartOf":{"@id":"https:\/\/teo.com.br\/noticias\/#website"},"breadcrumb":{"@id":"https:\/\/teo.com.br\/noticias\/2023\/06\/10\/normas-materialmente-constitucionais\/#breadcrumblist"},"author":{"@id":"https:\/\/teo.com.br\/noticias\/author\/temcosta\/#author"},"creator":{"@id":"https:\/\/teo.com.br\/noticias\/author\/temcosta\/#author"},"datePublished":"2023-06-10T09:22:01-03:00","dateModified":"2023-06-10T09:22:02-03:00"},{"@type":"WebSite","@id":"https:\/\/teo.com.br\/noticias\/#website","url":"https:\/\/teo.com.br\/noticias\/","name":"Teo Costa - Tecnologia e Solu\u00e7\u00f5es Corporativas em Seguran\u00e7a Contra Inc\u00eandio Pesquisa de Satisfa\u00e7\u00e3o","description":"Head TI - DPO","inLanguage":"pt-BR","publisher":{"@id":"https:\/\/teo.com.br\/noticias\/#organization"}}]},"og:locale":"pt_BR","og:site_name":"Teo - Head TI - DPO","og:type":"article","og:title":"Normas materialmente constitucionais - Teo","og:description":"S\u00e3o aquelas que se referem ao conte\u00fado ou ess\u00eancia da Constitui\u00e7\u00e3o, ou seja, s\u00e3o normas que tratam de assuntos essenciais para a organiza\u00e7\u00e3o do Estado, a distribui\u00e7\u00e3o de compet\u00eancia entre os poderes, os direitos fundamentais, dentre outros temas. S\u00e3o chamadas de &quot;materialmente constitucionais&quot; porque, apesar de n\u00e3o estarem necessariamente expressas no texto da Constitui\u00e7\u00e3o, possuem","og:url":"https:\/\/teo.com.br\/noticias\/2023\/06\/10\/normas-materialmente-constitucionais\/","og:image":"https:\/\/teo.com.br\/wp-content\/uploads\/2024\/03\/cropped-teo.jpg","og:image:secure_url":"https:\/\/teo.com.br\/wp-content\/uploads\/2024\/03\/cropped-teo.jpg","article:published_time":"2023-06-10T12:22:01+00:00","article:modified_time":"2023-06-10T12:22:02+00:00","twitter:card":"summary_large_image","twitter:title":"Normas materialmente constitucionais - Teo","twitter:description":"S\u00e3o aquelas que se referem ao conte\u00fado ou ess\u00eancia da Constitui\u00e7\u00e3o, ou seja, s\u00e3o normas que tratam de assuntos essenciais para a organiza\u00e7\u00e3o do Estado, a distribui\u00e7\u00e3o de compet\u00eancia entre os poderes, os direitos fundamentais, dentre outros temas. S\u00e3o chamadas de &quot;materialmente constitucionais&quot; porque, apesar de n\u00e3o estarem necessariamente expressas no texto da Constitui\u00e7\u00e3o, possuem","twitter:image":"https:\/\/teo.com.br\/wp-content\/uploads\/2024\/03\/cropped-teo.jpg"},"aioseo_meta_data":{"post_id":"5724","title":null,"description":null,"keywords":null,"keyphrases":null,"primary_term":null,"canonical_url":null,"og_title":null,"og_description":null,"og_object_type":"default","og_image_type":"default","og_image_url":null,"og_image_width":null,"og_image_height":null,"og_image_custom_url":null,"og_image_custom_fields":null,"og_video":null,"og_custom_url":null,"og_article_section":null,"og_article_tags":null,"twitter_use_og":false,"twitter_card":"default","twitter_image_type":"default","twitter_image_url":null,"twitter_image_custom_url":null,"twitter_image_custom_fields":null,"twitter_title":null,"twitter_description":null,"schema":{"blockGraphs":[],"customGraphs":[],"default":{"data":{"Article":[],"Course":[],"Dataset":[],"FAQPage":[],"Movie":[],"Person":[],"Product":[],"ProductReview":[],"Car":[],"Recipe":[],"Service":[],"SoftwareApplication":[],"WebPage":[]},"graphName":"","isEnabled":true},"graphs":[]},"schema_type":"default","schema_type_options":null,"pillar_content":false,"robots_default":true,"robots_noindex":false,"robots_noarchive":false,"robots_nosnippet":false,"robots_nofollow":false,"robots_noimageindex":false,"robots_noodp":false,"robots_notranslate":false,"robots_max_snippet":null,"robots_max_videopreview":null,"robots_max_imagepreview":"large","priority":null,"frequency":null,"local_seo":null,"breadcrumb_settings":null,"limit_modified_date":false,"ai":null,"created":"2024-04-08 22:40:34","updated":"2025-09-12 21:46:24","seo_analyzer_scan_date":null,"focus_keyword":null,"additional_keywords":null,"truseo_locale":null},"aioseo_breadcrumb":"<div class=\"aioseo-breadcrumbs\"><span class=\"aioseo-breadcrumb\">\n\t\t\t<a href=\"https:\/\/teo.com.br\/noticias\" title=\"Home\">Home<\/a>\n\t\t<\/span><span class=\"aioseo-breadcrumb-separator\">&raquo;<\/span><span class=\"aioseo-breadcrumb\">\n\t\t\t<a href=\"https:\/\/teo.com.br\/noticias\/categoria\/direito\/\" title=\"Direito\">Direito<\/a>\n\t\t<\/span><span class=\"aioseo-breadcrumb-separator\">&raquo;<\/span><span class=\"aioseo-breadcrumb\">\n\t\t\tNormas materialmente constitucionais\n\t\t<\/span><\/div>","aioseo_breadcrumb_json":[{"label":"Home","link":"https:\/\/teo.com.br\/noticias"},{"label":"Direito","link":"https:\/\/teo.com.br\/noticias\/categoria\/direito\/"},{"label":"Normas materialmente constitucionais","link":"https:\/\/teo.com.br\/noticias\/2023\/06\/10\/normas-materialmente-constitucionais\/"}],"_links":{"self":[{"href":"https:\/\/teo.com.br\/noticias\/wp-json\/wp\/v2\/posts\/5724","targetHints":{"allow":["GET"]}}],"collection":[{"href":"https:\/\/teo.com.br\/noticias\/wp-json\/wp\/v2\/posts"}],"about":[{"href":"https:\/\/teo.com.br\/noticias\/wp-json\/wp\/v2\/types\/post"}],"author":[{"embeddable":true,"href":"https:\/\/teo.com.br\/noticias\/wp-json\/wp\/v2\/users\/1"}],"replies":[{"embeddable":true,"href":"https:\/\/teo.com.br\/noticias\/wp-json\/wp\/v2\/comments?post=5724"}],"version-history":[{"count":1,"href":"https:\/\/teo.com.br\/noticias\/wp-json\/wp\/v2\/posts\/5724\/revisions"}],"predecessor-version":[{"id":5725,"href":"https:\/\/teo.com.br\/noticias\/wp-json\/wp\/v2\/posts\/5724\/revisions\/5725"}],"wp:attachment":[{"href":"https:\/\/teo.com.br\/noticias\/wp-json\/wp\/v2\/media?parent=5724"}],"wp:term":[{"taxonomy":"category","embeddable":true,"href":"https:\/\/teo.com.br\/noticias\/wp-json\/wp\/v2\/categories?post=5724"},{"taxonomy":"post_tag","embeddable":true,"href":"https:\/\/teo.com.br\/noticias\/wp-json\/wp\/v2\/tags?post=5724"}],"curies":[{"name":"wp","href":"https:\/\/api.w.org\/{rel}","templated":true}]}}