{"id":5728,"date":"2023-06-10T09:29:59","date_gmt":"2023-06-10T12:29:59","guid":{"rendered":"https:\/\/teo.com.br\/?p=5728"},"modified":"2023-06-10T09:30:00","modified_gmt":"2023-06-10T12:30:00","slug":"periclitacao-da-vida-ameaca-ou-risco-iminente-de-perda-ou-extincao-da-vida","status":"publish","type":"post","link":"https:\/\/teo.com.br\/noticias\/2023\/06\/10\/periclitacao-da-vida-ameaca-ou-risco-iminente-de-perda-ou-extincao-da-vida\/","title":{"rendered":"Periclita\u00e7\u00e3o da vida: amea\u00e7a ou risco iminente de perda ou extin\u00e7\u00e3o da vida"},"content":{"rendered":"\n<p class=\"wp-block-paragraph\">A periclita\u00e7\u00e3o da vida refere-se \u00e0 amea\u00e7a ou risco iminente de perda ou extin\u00e7\u00e3o da vida. \u00c9 uma express\u00e3o que pode ser usada para descrever situa\u00e7\u00f5es em que a vida est\u00e1 em perigo, seja devido a causas naturais, como desastres naturais ou doen\u00e7as, ou causas humanas, como conflitos armados ou destrui\u00e7\u00e3o ambiental.<\/p>\n\n\n\n<p class=\"wp-block-paragraph\">A periclita\u00e7\u00e3o da vida \u00e9 um assunto s\u00e9rio e preocupante, e \u00e9 importante que sejam tomadas medidas para proteger e preservar a vida, tanto a n\u00edvel individual quanto coletivo. Isso pode incluir medidas de seguran\u00e7a, preven\u00e7\u00e3o de desastres, pol\u00edticas de conserva\u00e7\u00e3o ambiental, cuidados m\u00e9dicos adequados e esfor\u00e7os para resolver conflitos de maneira pac\u00edfica.<\/p>\n\n\n\n<p class=\"wp-block-paragraph\">\u00c0 medida que enfrentamos desafios como as mudan\u00e7as clim\u00e1ticas, a degrada\u00e7\u00e3o ambiental, a dissemina\u00e7\u00e3o de doen\u00e7as ou a instabilidade pol\u00edtica, \u00e9 essencial que os governos, organiza\u00e7\u00f5es internacionais e a sociedade como um todo estejam comprometidos em garantir a seguran\u00e7a e o bem-estar da vida em todas as suas formas. Isso pode envolver a implementa\u00e7\u00e3o de medidas de mitiga\u00e7\u00e3o e adapta\u00e7\u00e3o, investimento em pesquisa cient\u00edfica e tecnol\u00f3gica, promo\u00e7\u00e3o da educa\u00e7\u00e3o e conscientiza\u00e7\u00e3o e a\u00e7\u00f5es individuais para reduzir nosso impacto negativo no mundo.<\/p>\n\n\n\n<p class=\"wp-block-paragraph\">Embora a periclita\u00e7\u00e3o da vida possa parecer desanimadora, \u00e9 importante lembrar que a humanidade tem a capacidade de tomar medidas significativas para proteger e preservar a vida. Ao trabalharmos juntos e tomarmos a\u00e7\u00f5es respons\u00e1veis, podemos enfrentar esses desafios e criar um futuro mais seguro e sustent\u00e1vel para todas as formas de vida em nosso planeta.<\/p>\n\n\n\n<p class=\"wp-block-paragraph\"><strong>Perigo de cont\u00e1gio de mol\u00e9stia grave<\/strong><br>Art. 131 &#8211; Praticar, com o fim de transmitir a outrem mol\u00e9stia grave e que est\u00e1 contaminado, ato capaz de produzir o cont\u00e1gio:<br><strong>Pena &#8211; reclus\u00e3o, de um a quatro anos, e multa.<\/strong><\/p>\n\n\n\n<p class=\"wp-block-paragraph\">Aqui o CP cuida de crimes de \u201cperigo\u201d, ou seja, atos praticados pelo agente que, embora n\u00e3o causando danos, exp\u00f5em a perigo de dano outra ou outras pessoas. Temos aqui, portanto, <strong>crimes FORMAIS<\/strong>, pois a ocorr\u00eancia do dano \u00e9 irrelevante para a consuma\u00e7\u00e3o destes delitos.<\/p>\n\n\n\n<p class=\"wp-block-paragraph\"><br>Alguns Doutrinadores entendem que h\u00e1, nos crimes deste cap\u00edtulo, crimes de perigo concreto (em que se exige demonstra\u00e7\u00e3o de quem sofreu a exposi\u00e7\u00e3o real de perigo de dano) e crimes de<br>perigo abstrato (nos quais a lei presume que a conduta exponha a perigo de dano, n\u00e3o sendo necess\u00e1rio provar que algu\u00e9m foi exposto a este risco).<\/p>\n\n\n\n<p class=\"wp-block-paragraph\"><br>O debate existe, pois parte da Doutrina entende que os crimes de perigo abstrato n\u00e3o foram recepcionados pela Constitui\u00e7\u00e3o, pois, pelo <strong>PRINC\u00cdPIO DA LESIVIDADE<\/strong>, uma conduta s\u00f3 pode ser<br>penalmente tutelada se causar dano ou pelo menos perigo concreto de dano a algu\u00e9m.<\/p>\n","protected":false},"excerpt":{"rendered":"<p>A periclita\u00e7\u00e3o da vida refere-se \u00e0 amea\u00e7a ou risco iminente de perda ou extin\u00e7\u00e3o da vida. \u00c9 uma express\u00e3o que pode ser usada para descrever situa\u00e7\u00f5es em que a vida&hellip;<\/p>\n","protected":false},"author":1,"featured_media":0,"comment_status":"open","ping_status":"closed","sticky":false,"template":"","format":"standard","meta":{"footnotes":""},"categories":[1],"tags":[],"class_list":["post-5728","post","type-post","status-publish","format-standard","hentry","category-licitacoes"],"aioseo_notices":[],"aioseo_head":"\n\t\t<!-- All in One SEO 5.0.0.1 - aioseo.com -->\n\t<meta name=\"description\" content=\"A periclita\u00e7\u00e3o da vida refere-se \u00e0 amea\u00e7a ou risco iminente de perda ou extin\u00e7\u00e3o da vida. \u00c9 uma express\u00e3o que pode ser usada para descrever situa\u00e7\u00f5es em que a vida est\u00e1 em perigo, seja devido a causas naturais, como desastres naturais ou doen\u00e7as, ou causas humanas, como conflitos armados ou destrui\u00e7\u00e3o ambiental. A periclita\u00e7\u00e3o da\" \/>\n\t<meta name=\"robots\" content=\"max-image-preview:large\" \/>\n\t<meta name=\"author\" content=\"teocosta\"\/>\n\t<link rel=\"canonical\" href=\"https:\/\/teo.com.br\/noticias\/2023\/06\/10\/periclitacao-da-vida-ameaca-ou-risco-iminente-de-perda-ou-extincao-da-vida\/\" \/>\n\t<meta name=\"generator\" content=\"All in One SEO (AIOSEO) 5.0.0.1\" \/>\n\t\t<meta property=\"og:locale\" content=\"pt_BR\" \/>\n\t\t<meta property=\"og:site_name\" content=\"Teo - Head TI - DPO\" \/>\n\t\t<meta property=\"og:type\" content=\"article\" \/>\n\t\t<meta property=\"og:title\" content=\"Periclita\u00e7\u00e3o da vida: amea\u00e7a ou risco iminente de perda ou extin\u00e7\u00e3o da vida - Teo\" \/>\n\t\t<meta property=\"og:description\" content=\"A periclita\u00e7\u00e3o da vida refere-se \u00e0 amea\u00e7a ou risco iminente de perda ou extin\u00e7\u00e3o da vida. \u00c9 uma express\u00e3o que pode ser usada para descrever situa\u00e7\u00f5es em que a vida est\u00e1 em perigo, seja devido a causas naturais, como desastres naturais ou doen\u00e7as, ou causas humanas, como conflitos armados ou destrui\u00e7\u00e3o ambiental. A periclita\u00e7\u00e3o da\" \/>\n\t\t<meta property=\"og:url\" content=\"https:\/\/teo.com.br\/noticias\/2023\/06\/10\/periclitacao-da-vida-ameaca-ou-risco-iminente-de-perda-ou-extincao-da-vida\/\" \/>\n\t\t<meta property=\"og:image\" content=\"https:\/\/teo.com.br\/wp-content\/uploads\/2024\/03\/cropped-teo.jpg\" \/>\n\t\t<meta property=\"og:image:secure_url\" content=\"https:\/\/teo.com.br\/wp-content\/uploads\/2024\/03\/cropped-teo.jpg\" \/>\n\t\t<meta property=\"article:published_time\" content=\"2023-06-10T12:29:59+00:00\" \/>\n\t\t<meta property=\"article:modified_time\" content=\"2023-06-10T12:30:00+00:00\" \/>\n\t\t<meta name=\"twitter:card\" content=\"summary_large_image\" \/>\n\t\t<meta name=\"twitter:title\" content=\"Periclita\u00e7\u00e3o da vida: amea\u00e7a ou risco iminente de perda ou extin\u00e7\u00e3o da vida - Teo\" \/>\n\t\t<meta name=\"twitter:description\" content=\"A periclita\u00e7\u00e3o da vida refere-se \u00e0 amea\u00e7a ou risco iminente de perda ou extin\u00e7\u00e3o da vida. \u00c9 uma express\u00e3o que pode ser usada para descrever situa\u00e7\u00f5es em que a vida est\u00e1 em perigo, seja devido a causas naturais, como desastres naturais ou doen\u00e7as, ou causas humanas, como conflitos armados ou destrui\u00e7\u00e3o ambiental. A periclita\u00e7\u00e3o da\" \/>\n\t\t<meta name=\"twitter:image\" content=\"https:\/\/teo.com.br\/wp-content\/uploads\/2024\/03\/cropped-teo.jpg\" \/>\n\t\t<script type=\"application\/ld+json\" class=\"aioseo-schema\">\n\t\t\t{\"@context\":\"https:\\\/\\\/schema.org\",\"@graph\":[{\"@type\":\"BlogPosting\",\"@id\":\"https:\\\/\\\/teo.com.br\\\/noticias\\\/2023\\\/06\\\/10\\\/periclitacao-da-vida-ameaca-ou-risco-iminente-de-perda-ou-extincao-da-vida\\\/#blogposting\",\"name\":\"Periclita\\u00e7\\u00e3o da vida: amea\\u00e7a ou risco iminente de perda ou extin\\u00e7\\u00e3o da vida - Teo\",\"headline\":\"Periclita\\u00e7\\u00e3o da vida: amea\\u00e7a ou risco iminente de perda ou extin\\u00e7\\u00e3o da vida\",\"author\":{\"@id\":\"https:\\\/\\\/teo.com.br\\\/noticias\\\/author\\\/temcosta\\\/#author\"},\"publisher\":{\"@id\":\"https:\\\/\\\/teo.com.br\\\/noticias\\\/#organization\"},\"datePublished\":\"2023-06-10T09:29:59-03:00\",\"dateModified\":\"2023-06-10T09:30:00-03:00\",\"inLanguage\":\"pt-BR\",\"mainEntityOfPage\":{\"@id\":\"https:\\\/\\\/teo.com.br\\\/noticias\\\/2023\\\/06\\\/10\\\/periclitacao-da-vida-ameaca-ou-risco-iminente-de-perda-ou-extincao-da-vida\\\/#webpage\"},\"isPartOf\":{\"@id\":\"https:\\\/\\\/teo.com.br\\\/noticias\\\/2023\\\/06\\\/10\\\/periclitacao-da-vida-ameaca-ou-risco-iminente-de-perda-ou-extincao-da-vida\\\/#webpage\"},\"articleSection\":\"Licita\\u00e7\\u00f5es\"},{\"@type\":\"BreadcrumbList\",\"@id\":\"https:\\\/\\\/teo.com.br\\\/noticias\\\/2023\\\/06\\\/10\\\/periclitacao-da-vida-ameaca-ou-risco-iminente-de-perda-ou-extincao-da-vida\\\/#breadcrumblist\",\"itemListElement\":[{\"@type\":\"ListItem\",\"@id\":\"https:\\\/\\\/teo.com.br\\\/noticias#listItem\",\"position\":1,\"name\":\"Home\",\"item\":\"https:\\\/\\\/teo.com.br\\\/noticias\",\"nextItem\":{\"@type\":\"ListItem\",\"@id\":\"https:\\\/\\\/teo.com.br\\\/noticias\\\/categoria\\\/licitacoes\\\/#listItem\",\"name\":\"Licita\\u00e7\\u00f5es\"}},{\"@type\":\"ListItem\",\"@id\":\"https:\\\/\\\/teo.com.br\\\/noticias\\\/categoria\\\/licitacoes\\\/#listItem\",\"position\":2,\"name\":\"Licita\\u00e7\\u00f5es\",\"item\":\"https:\\\/\\\/teo.com.br\\\/noticias\\\/categoria\\\/licitacoes\\\/\",\"nextItem\":{\"@type\":\"ListItem\",\"@id\":\"https:\\\/\\\/teo.com.br\\\/noticias\\\/2023\\\/06\\\/10\\\/periclitacao-da-vida-ameaca-ou-risco-iminente-de-perda-ou-extincao-da-vida\\\/#listItem\",\"name\":\"Periclita\\u00e7\\u00e3o da vida: amea\\u00e7a ou risco iminente de perda ou extin\\u00e7\\u00e3o da vida\"},\"previousItem\":{\"@type\":\"ListItem\",\"@id\":\"https:\\\/\\\/teo.com.br\\\/noticias#listItem\",\"name\":\"Home\"}},{\"@type\":\"ListItem\",\"@id\":\"https:\\\/\\\/teo.com.br\\\/noticias\\\/2023\\\/06\\\/10\\\/periclitacao-da-vida-ameaca-ou-risco-iminente-de-perda-ou-extincao-da-vida\\\/#listItem\",\"position\":3,\"name\":\"Periclita\\u00e7\\u00e3o da vida: amea\\u00e7a ou risco iminente de perda ou extin\\u00e7\\u00e3o da vida\",\"previousItem\":{\"@type\":\"ListItem\",\"@id\":\"https:\\\/\\\/teo.com.br\\\/noticias\\\/categoria\\\/licitacoes\\\/#listItem\",\"name\":\"Licita\\u00e7\\u00f5es\"}}]},{\"@type\":\"Organization\",\"@id\":\"https:\\\/\\\/teo.com.br\\\/noticias\\\/#organization\",\"name\":\"Teo Costa - Tecnologia e Solu\\u00e7\\u00f5es Corporativas em Seguran\\u00e7a Contra Inc\\u00eandio Pesquisa de Satisfa\\u00e7\\u00e3o\",\"description\":\"Head TI - DPO\",\"url\":\"https:\\\/\\\/teo.com.br\\\/noticias\\\/\"},{\"@type\":\"Person\",\"@id\":\"https:\\\/\\\/teo.com.br\\\/noticias\\\/author\\\/temcosta\\\/#author\",\"url\":\"https:\\\/\\\/teo.com.br\\\/noticias\\\/author\\\/temcosta\\\/\",\"name\":\"teocosta\",\"image\":{\"@type\":\"ImageObject\",\"@id\":\"https:\\\/\\\/teo.com.br\\\/noticias\\\/2023\\\/06\\\/10\\\/periclitacao-da-vida-ameaca-ou-risco-iminente-de-perda-ou-extincao-da-vida\\\/#authorImage\",\"url\":\"https:\\\/\\\/secure.gravatar.com\\\/avatar\\\/9eaa33a8942fc7cb0be99e3b8f5a8f798b4647876bd8c39ebfc4b1f5753beac2?s=96&d=mm&r=g\",\"width\":96,\"height\":96,\"caption\":\"teocosta\"}},{\"@type\":\"WebPage\",\"@id\":\"https:\\\/\\\/teo.com.br\\\/noticias\\\/2023\\\/06\\\/10\\\/periclitacao-da-vida-ameaca-ou-risco-iminente-de-perda-ou-extincao-da-vida\\\/#webpage\",\"url\":\"https:\\\/\\\/teo.com.br\\\/noticias\\\/2023\\\/06\\\/10\\\/periclitacao-da-vida-ameaca-ou-risco-iminente-de-perda-ou-extincao-da-vida\\\/\",\"name\":\"Periclita\\u00e7\\u00e3o da vida: amea\\u00e7a ou risco iminente de perda ou extin\\u00e7\\u00e3o da vida - Teo\",\"description\":\"A periclita\\u00e7\\u00e3o da vida refere-se \\u00e0 amea\\u00e7a ou risco iminente de perda ou extin\\u00e7\\u00e3o da vida. \\u00c9 uma express\\u00e3o que pode ser usada para descrever situa\\u00e7\\u00f5es em que a vida est\\u00e1 em perigo, seja devido a causas naturais, como desastres naturais ou doen\\u00e7as, ou causas humanas, como conflitos armados ou destrui\\u00e7\\u00e3o ambiental. A periclita\\u00e7\\u00e3o da\",\"inLanguage\":\"pt-BR\",\"isPartOf\":{\"@id\":\"https:\\\/\\\/teo.com.br\\\/noticias\\\/#website\"},\"breadcrumb\":{\"@id\":\"https:\\\/\\\/teo.com.br\\\/noticias\\\/2023\\\/06\\\/10\\\/periclitacao-da-vida-ameaca-ou-risco-iminente-de-perda-ou-extincao-da-vida\\\/#breadcrumblist\"},\"author\":{\"@id\":\"https:\\\/\\\/teo.com.br\\\/noticias\\\/author\\\/temcosta\\\/#author\"},\"creator\":{\"@id\":\"https:\\\/\\\/teo.com.br\\\/noticias\\\/author\\\/temcosta\\\/#author\"},\"datePublished\":\"2023-06-10T09:29:59-03:00\",\"dateModified\":\"2023-06-10T09:30:00-03:00\"},{\"@type\":\"WebSite\",\"@id\":\"https:\\\/\\\/teo.com.br\\\/noticias\\\/#website\",\"url\":\"https:\\\/\\\/teo.com.br\\\/noticias\\\/\",\"name\":\"Teo Costa - Tecnologia e Solu\\u00e7\\u00f5es Corporativas em Seguran\\u00e7a Contra Inc\\u00eandio Pesquisa de Satisfa\\u00e7\\u00e3o\",\"description\":\"Head TI - DPO\",\"inLanguage\":\"pt-BR\",\"publisher\":{\"@id\":\"https:\\\/\\\/teo.com.br\\\/noticias\\\/#organization\"}}]}\n\t\t<\/script>\n\t\t<!-- All in One SEO -->\n\n","aioseo_head_json":{"title":"Periclita\u00e7\u00e3o da vida: amea\u00e7a ou risco iminente de perda ou extin\u00e7\u00e3o da vida - Teo","description":"A periclita\u00e7\u00e3o da vida refere-se \u00e0 amea\u00e7a ou risco iminente de perda ou extin\u00e7\u00e3o da vida. \u00c9 uma express\u00e3o que pode ser usada para descrever situa\u00e7\u00f5es em que a vida est\u00e1 em perigo, seja devido a causas naturais, como desastres naturais ou doen\u00e7as, ou causas humanas, como conflitos armados ou destrui\u00e7\u00e3o ambiental. A periclita\u00e7\u00e3o da","canonical_url":"https:\/\/teo.com.br\/noticias\/2023\/06\/10\/periclitacao-da-vida-ameaca-ou-risco-iminente-de-perda-ou-extincao-da-vida\/","robots":"max-image-preview:large","keywords":"","webmasterTools":{"miscellaneous":""},"schema":{"@context":"https:\/\/schema.org","@graph":[{"@type":"BlogPosting","@id":"https:\/\/teo.com.br\/noticias\/2023\/06\/10\/periclitacao-da-vida-ameaca-ou-risco-iminente-de-perda-ou-extincao-da-vida\/#blogposting","name":"Periclita\u00e7\u00e3o da vida: amea\u00e7a ou risco iminente de perda ou extin\u00e7\u00e3o da vida - Teo","headline":"Periclita\u00e7\u00e3o da vida: amea\u00e7a ou risco iminente de perda ou extin\u00e7\u00e3o da vida","author":{"@id":"https:\/\/teo.com.br\/noticias\/author\/temcosta\/#author"},"publisher":{"@id":"https:\/\/teo.com.br\/noticias\/#organization"},"datePublished":"2023-06-10T09:29:59-03:00","dateModified":"2023-06-10T09:30:00-03:00","inLanguage":"pt-BR","mainEntityOfPage":{"@id":"https:\/\/teo.com.br\/noticias\/2023\/06\/10\/periclitacao-da-vida-ameaca-ou-risco-iminente-de-perda-ou-extincao-da-vida\/#webpage"},"isPartOf":{"@id":"https:\/\/teo.com.br\/noticias\/2023\/06\/10\/periclitacao-da-vida-ameaca-ou-risco-iminente-de-perda-ou-extincao-da-vida\/#webpage"},"articleSection":"Licita\u00e7\u00f5es"},{"@type":"BreadcrumbList","@id":"https:\/\/teo.com.br\/noticias\/2023\/06\/10\/periclitacao-da-vida-ameaca-ou-risco-iminente-de-perda-ou-extincao-da-vida\/#breadcrumblist","itemListElement":[{"@type":"ListItem","@id":"https:\/\/teo.com.br\/noticias#listItem","position":1,"name":"Home","item":"https:\/\/teo.com.br\/noticias","nextItem":{"@type":"ListItem","@id":"https:\/\/teo.com.br\/noticias\/categoria\/licitacoes\/#listItem","name":"Licita\u00e7\u00f5es"}},{"@type":"ListItem","@id":"https:\/\/teo.com.br\/noticias\/categoria\/licitacoes\/#listItem","position":2,"name":"Licita\u00e7\u00f5es","item":"https:\/\/teo.com.br\/noticias\/categoria\/licitacoes\/","nextItem":{"@type":"ListItem","@id":"https:\/\/teo.com.br\/noticias\/2023\/06\/10\/periclitacao-da-vida-ameaca-ou-risco-iminente-de-perda-ou-extincao-da-vida\/#listItem","name":"Periclita\u00e7\u00e3o da vida: amea\u00e7a ou risco iminente de perda ou extin\u00e7\u00e3o da vida"},"previousItem":{"@type":"ListItem","@id":"https:\/\/teo.com.br\/noticias#listItem","name":"Home"}},{"@type":"ListItem","@id":"https:\/\/teo.com.br\/noticias\/2023\/06\/10\/periclitacao-da-vida-ameaca-ou-risco-iminente-de-perda-ou-extincao-da-vida\/#listItem","position":3,"name":"Periclita\u00e7\u00e3o da vida: amea\u00e7a ou risco iminente de perda ou extin\u00e7\u00e3o da vida","previousItem":{"@type":"ListItem","@id":"https:\/\/teo.com.br\/noticias\/categoria\/licitacoes\/#listItem","name":"Licita\u00e7\u00f5es"}}]},{"@type":"Organization","@id":"https:\/\/teo.com.br\/noticias\/#organization","name":"Teo Costa - Tecnologia e Solu\u00e7\u00f5es Corporativas em Seguran\u00e7a Contra Inc\u00eandio Pesquisa de Satisfa\u00e7\u00e3o","description":"Head TI - DPO","url":"https:\/\/teo.com.br\/noticias\/"},{"@type":"Person","@id":"https:\/\/teo.com.br\/noticias\/author\/temcosta\/#author","url":"https:\/\/teo.com.br\/noticias\/author\/temcosta\/","name":"teocosta","image":{"@type":"ImageObject","@id":"https:\/\/teo.com.br\/noticias\/2023\/06\/10\/periclitacao-da-vida-ameaca-ou-risco-iminente-de-perda-ou-extincao-da-vida\/#authorImage","url":"https:\/\/secure.gravatar.com\/avatar\/9eaa33a8942fc7cb0be99e3b8f5a8f798b4647876bd8c39ebfc4b1f5753beac2?s=96&d=mm&r=g","width":96,"height":96,"caption":"teocosta"}},{"@type":"WebPage","@id":"https:\/\/teo.com.br\/noticias\/2023\/06\/10\/periclitacao-da-vida-ameaca-ou-risco-iminente-de-perda-ou-extincao-da-vida\/#webpage","url":"https:\/\/teo.com.br\/noticias\/2023\/06\/10\/periclitacao-da-vida-ameaca-ou-risco-iminente-de-perda-ou-extincao-da-vida\/","name":"Periclita\u00e7\u00e3o da vida: amea\u00e7a ou risco iminente de perda ou extin\u00e7\u00e3o da vida - Teo","description":"A periclita\u00e7\u00e3o da vida refere-se \u00e0 amea\u00e7a ou risco iminente de perda ou extin\u00e7\u00e3o da vida. \u00c9 uma express\u00e3o que pode ser usada para descrever situa\u00e7\u00f5es em que a vida est\u00e1 em perigo, seja devido a causas naturais, como desastres naturais ou doen\u00e7as, ou causas humanas, como conflitos armados ou destrui\u00e7\u00e3o ambiental. A periclita\u00e7\u00e3o da","inLanguage":"pt-BR","isPartOf":{"@id":"https:\/\/teo.com.br\/noticias\/#website"},"breadcrumb":{"@id":"https:\/\/teo.com.br\/noticias\/2023\/06\/10\/periclitacao-da-vida-ameaca-ou-risco-iminente-de-perda-ou-extincao-da-vida\/#breadcrumblist"},"author":{"@id":"https:\/\/teo.com.br\/noticias\/author\/temcosta\/#author"},"creator":{"@id":"https:\/\/teo.com.br\/noticias\/author\/temcosta\/#author"},"datePublished":"2023-06-10T09:29:59-03:00","dateModified":"2023-06-10T09:30:00-03:00"},{"@type":"WebSite","@id":"https:\/\/teo.com.br\/noticias\/#website","url":"https:\/\/teo.com.br\/noticias\/","name":"Teo Costa - Tecnologia e Solu\u00e7\u00f5es Corporativas em Seguran\u00e7a Contra Inc\u00eandio Pesquisa de Satisfa\u00e7\u00e3o","description":"Head TI - DPO","inLanguage":"pt-BR","publisher":{"@id":"https:\/\/teo.com.br\/noticias\/#organization"}}]},"og:locale":"pt_BR","og:site_name":"Teo - Head TI - DPO","og:type":"article","og:title":"Periclita\u00e7\u00e3o da vida: amea\u00e7a ou risco iminente de perda ou extin\u00e7\u00e3o da vida - Teo","og:description":"A periclita\u00e7\u00e3o da vida refere-se \u00e0 amea\u00e7a ou risco iminente de perda ou extin\u00e7\u00e3o da vida. \u00c9 uma express\u00e3o que pode ser usada para descrever situa\u00e7\u00f5es em que a vida est\u00e1 em perigo, seja devido a causas naturais, como desastres naturais ou doen\u00e7as, ou causas humanas, como conflitos armados ou destrui\u00e7\u00e3o ambiental. A periclita\u00e7\u00e3o da","og:url":"https:\/\/teo.com.br\/noticias\/2023\/06\/10\/periclitacao-da-vida-ameaca-ou-risco-iminente-de-perda-ou-extincao-da-vida\/","og:image":"https:\/\/teo.com.br\/wp-content\/uploads\/2024\/03\/cropped-teo.jpg","og:image:secure_url":"https:\/\/teo.com.br\/wp-content\/uploads\/2024\/03\/cropped-teo.jpg","article:published_time":"2023-06-10T12:29:59+00:00","article:modified_time":"2023-06-10T12:30:00+00:00","twitter:card":"summary_large_image","twitter:title":"Periclita\u00e7\u00e3o da vida: amea\u00e7a ou risco iminente de perda ou extin\u00e7\u00e3o da vida - Teo","twitter:description":"A periclita\u00e7\u00e3o da vida refere-se \u00e0 amea\u00e7a ou risco iminente de perda ou extin\u00e7\u00e3o da vida. \u00c9 uma express\u00e3o que pode ser usada para descrever situa\u00e7\u00f5es em que a vida est\u00e1 em perigo, seja devido a causas naturais, como desastres naturais ou doen\u00e7as, ou causas humanas, como conflitos armados ou destrui\u00e7\u00e3o ambiental. A periclita\u00e7\u00e3o da","twitter:image":"https:\/\/teo.com.br\/wp-content\/uploads\/2024\/03\/cropped-teo.jpg"},"aioseo_meta_data":{"post_id":"5728","title":null,"description":null,"keywords":null,"keyphrases":null,"primary_term":null,"canonical_url":null,"og_title":null,"og_description":null,"og_object_type":"default","og_image_type":"default","og_image_url":null,"og_image_width":null,"og_image_height":null,"og_image_custom_url":null,"og_image_custom_fields":null,"og_video":null,"og_custom_url":null,"og_article_section":null,"og_article_tags":null,"twitter_use_og":false,"twitter_card":"default","twitter_image_type":"default","twitter_image_url":null,"twitter_image_custom_url":null,"twitter_image_custom_fields":null,"twitter_title":null,"twitter_description":null,"schema":{"blockGraphs":[],"customGraphs":[],"default":{"data":{"Article":[],"Course":[],"Dataset":[],"FAQPage":[],"Movie":[],"Person":[],"Product":[],"ProductReview":[],"Car":[],"Recipe":[],"Service":[],"SoftwareApplication":[],"WebPage":[]},"graphName":"","isEnabled":true},"graphs":[]},"schema_type":"default","schema_type_options":null,"pillar_content":false,"robots_default":true,"robots_noindex":false,"robots_noarchive":false,"robots_nosnippet":false,"robots_nofollow":false,"robots_noimageindex":false,"robots_noodp":false,"robots_notranslate":false,"robots_max_snippet":null,"robots_max_videopreview":null,"robots_max_imagepreview":"large","priority":null,"frequency":null,"local_seo":null,"breadcrumb_settings":null,"limit_modified_date":false,"ai":null,"created":"2024-04-08 22:40:34","updated":"2025-09-12 21:46:24","seo_analyzer_scan_date":null,"focus_keyword":null,"additional_keywords":null,"truseo_locale":null},"aioseo_breadcrumb":"<div class=\"aioseo-breadcrumbs\"><span class=\"aioseo-breadcrumb\">\n\t\t\t<a href=\"https:\/\/teo.com.br\/noticias\" title=\"Home\">Home<\/a>\n\t\t<\/span><span class=\"aioseo-breadcrumb-separator\">&raquo;<\/span><span class=\"aioseo-breadcrumb\">\n\t\t\t<a href=\"https:\/\/teo.com.br\/noticias\/categoria\/licitacoes\/\" title=\"Licita\u00e7\u00f5es\">Licita\u00e7\u00f5es<\/a>\n\t\t<\/span><span class=\"aioseo-breadcrumb-separator\">&raquo;<\/span><span class=\"aioseo-breadcrumb\">\n\t\t\tPericlita\u00e7\u00e3o da vida: amea\u00e7a ou risco iminente de perda ou extin\u00e7\u00e3o da vida\n\t\t<\/span><\/div>","aioseo_breadcrumb_json":[{"label":"Home","link":"https:\/\/teo.com.br\/noticias"},{"label":"Licita\u00e7\u00f5es","link":"https:\/\/teo.com.br\/noticias\/categoria\/licitacoes\/"},{"label":"Periclita\u00e7\u00e3o da vida: amea\u00e7a ou risco iminente de perda ou extin\u00e7\u00e3o da vida","link":"https:\/\/teo.com.br\/noticias\/2023\/06\/10\/periclitacao-da-vida-ameaca-ou-risco-iminente-de-perda-ou-extincao-da-vida\/"}],"_links":{"self":[{"href":"https:\/\/teo.com.br\/noticias\/wp-json\/wp\/v2\/posts\/5728","targetHints":{"allow":["GET"]}}],"collection":[{"href":"https:\/\/teo.com.br\/noticias\/wp-json\/wp\/v2\/posts"}],"about":[{"href":"https:\/\/teo.com.br\/noticias\/wp-json\/wp\/v2\/types\/post"}],"author":[{"embeddable":true,"href":"https:\/\/teo.com.br\/noticias\/wp-json\/wp\/v2\/users\/1"}],"replies":[{"embeddable":true,"href":"https:\/\/teo.com.br\/noticias\/wp-json\/wp\/v2\/comments?post=5728"}],"version-history":[{"count":1,"href":"https:\/\/teo.com.br\/noticias\/wp-json\/wp\/v2\/posts\/5728\/revisions"}],"predecessor-version":[{"id":5729,"href":"https:\/\/teo.com.br\/noticias\/wp-json\/wp\/v2\/posts\/5728\/revisions\/5729"}],"wp:attachment":[{"href":"https:\/\/teo.com.br\/noticias\/wp-json\/wp\/v2\/media?parent=5728"}],"wp:term":[{"taxonomy":"category","embeddable":true,"href":"https:\/\/teo.com.br\/noticias\/wp-json\/wp\/v2\/categories?post=5728"},{"taxonomy":"post_tag","embeddable":true,"href":"https:\/\/teo.com.br\/noticias\/wp-json\/wp\/v2\/tags?post=5728"}],"curies":[{"name":"wp","href":"https:\/\/api.w.org\/{rel}","templated":true}]}}