{"id":6154,"date":"2025-06-25T14:58:54","date_gmt":"2025-06-25T17:58:54","guid":{"rendered":"https:\/\/teo.com.br\/noticias\/?p=6154"},"modified":"2025-06-22T14:59:31","modified_gmt":"2025-06-22T17:59:31","slug":"guerra-com-israel-e-palestina","status":"publish","type":"post","link":"https:\/\/teo.com.br\/noticias\/2025\/06\/25\/guerra-com-israel-e-palestina\/","title":{"rendered":"Guerra com Israel e Palestina"},"content":{"rendered":"\n<h2 class=\"wp-block-heading\">\ud83d\udcda <strong>Resumo Did\u00e1tico: Guerra com Israel<\/strong><\/h2>\n\n\n\n<h3 class=\"wp-block-heading\">\ud83d\uddfa\ufe0f 1. <strong>Onde tudo acontece?<\/strong><\/h3>\n\n\n\n<p class=\"wp-block-paragraph\">A guerra acontece principalmente entre <strong>Israel<\/strong> e os <strong>palestinos<\/strong>, principalmente na regi\u00e3o conhecida como:<\/p>\n\n\n\n<ul class=\"wp-block-list\">\n<li><strong>Faixa de Gaza<\/strong><\/li>\n\n\n\n<li><strong>Cisjord\u00e2nia<\/strong><\/li>\n\n\n\n<li><strong>Jerusal\u00e9m Oriental<\/strong><\/li>\n<\/ul>\n\n\n\n<hr class=\"wp-block-separator has-alpha-channel-opacity\"\/>\n\n\n\n<h3 class=\"wp-block-heading\">\ud83d\udd70\ufe0f 2. <strong>Como come\u00e7ou esse conflito? (Ra\u00edzes Hist\u00f3ricas)<\/strong><\/h3>\n\n\n\n<h4 class=\"wp-block-heading\">Antes de 1948:<\/h4>\n\n\n\n<ul class=\"wp-block-list\">\n<li>A regi\u00e3o era chamada de <strong>Palestina<\/strong> e era dominada pelo <strong>Imp\u00e9rio Otomano<\/strong> (at\u00e9 1917) e depois pelo <strong>Imp\u00e9rio Brit\u00e2nico<\/strong>.<\/li>\n\n\n\n<li>Vivia ali uma popula\u00e7\u00e3o <strong>\u00e1rabe<\/strong> (mu\u00e7ulmanos e crist\u00e3os) e uma minoria de judeus.<\/li>\n<\/ul>\n\n\n\n<h4 class=\"wp-block-heading\">Depois da Segunda Guerra Mundial:<\/h4>\n\n\n\n<ul class=\"wp-block-list\">\n<li>Os judeus, ap\u00f3s o <strong>Holocausto<\/strong>, pressionaram pela cria\u00e7\u00e3o de um <strong>Estado judeu<\/strong>.<\/li>\n\n\n\n<li>Em <strong>1947<\/strong>, a <strong>ONU prop\u00f4s dividir a Palestina em dois Estados<\/strong>: um <strong>judeu (Israel)<\/strong> e outro <strong>\u00e1rabe (Palestina)<\/strong>.<\/li>\n\n\n\n<li>Os <strong>judeus aceitaram<\/strong>, os <strong>\u00e1rabes rejeitaram<\/strong>.<\/li>\n<\/ul>\n\n\n\n<hr class=\"wp-block-separator has-alpha-channel-opacity\"\/>\n\n\n\n<h3 class=\"wp-block-heading\">\ud83e\udde8 3. <strong>Nascimento de Israel e a Primeira Guerra (1948)<\/strong><\/h3>\n\n\n\n<ul class=\"wp-block-list\">\n<li>Em <strong>1948<\/strong>, os judeus proclamaram o <strong>Estado de Israel<\/strong>.<\/li>\n\n\n\n<li>Pa\u00edses \u00e1rabes vizinhos (Egito, Jord\u00e2nia, S\u00edria, L\u00edbano) <strong>atacaram Israel<\/strong>, iniciando a <strong>Primeira Guerra \u00c1rabe-Israelense<\/strong>.<\/li>\n\n\n\n<li>Israel venceu e <strong>ampliou seu territ\u00f3rio<\/strong> al\u00e9m do que a ONU havia proposto.<\/li>\n\n\n\n<li><strong>Cerca de 700 mil palestinos foram expulsos ou fugiram<\/strong> \u2014 isso \u00e9 chamado de <strong>Nakba<\/strong> (\u201ccat\u00e1strofe\u201d em \u00e1rabe).<\/li>\n<\/ul>\n\n\n\n<hr class=\"wp-block-separator has-alpha-channel-opacity\"\/>\n\n\n\n<h3 class=\"wp-block-heading\">\ud83d\udca3 4. <strong>Conflitos Repetidos<\/strong><\/h3>\n\n\n\n<p class=\"wp-block-paragraph\">Desde ent\u00e3o, houve <strong>v\u00e1rias guerras e conflitos<\/strong>, por exemplo:<\/p>\n\n\n\n<h4 class=\"wp-block-heading\">\u25aa 1967 \u2013 Guerra dos Seis Dias:<\/h4>\n\n\n\n<ul class=\"wp-block-list\">\n<li>Israel tomou a <strong>Faixa de Gaza, a Cisjord\u00e2nia e Jerusal\u00e9m Oriental<\/strong>, que eram \u00e1reas \u00e1rabes.<\/li>\n\n\n\n<li>Esses territ\u00f3rios s\u00e3o <strong>ocupados por Israel at\u00e9 hoje<\/strong>, o que \u00e9 uma das maiores causas do conflito.<\/li>\n<\/ul>\n\n\n\n<h4 class=\"wp-block-heading\">\u25aa 1973 \u2013 Guerra do Yom Kippur:<\/h4>\n\n\n\n<ul class=\"wp-block-list\">\n<li>Ataque surpresa de pa\u00edses \u00e1rabes tentando recuperar os territ\u00f3rios.<\/li>\n\n\n\n<li>Israel venceu, mas houve press\u00e3o para negociar a paz.<\/li>\n<\/ul>\n\n\n\n<hr class=\"wp-block-separator has-alpha-channel-opacity\"\/>\n\n\n\n<h3 class=\"wp-block-heading\">\ud83c\uddf5\ud83c\uddf8 5. <strong>Quem s\u00e3o os palestinos hoje?<\/strong><\/h3>\n\n\n\n<ul class=\"wp-block-list\">\n<li>Os <strong>palestinos querem um pa\u00eds pr\u00f3prio<\/strong>, mas vivem em <strong>\u00e1reas controladas por Israel<\/strong>.<\/li>\n\n\n\n<li>Existem dois principais territ\u00f3rios palestinos:\n<ul class=\"wp-block-list\">\n<li><strong>Faixa de Gaza<\/strong> \u2013 controlada pelo grupo <strong>Hamas<\/strong> (considerado terrorista por Israel e outros pa\u00edses).<\/li>\n\n\n\n<li><strong>Cisjord\u00e2nia<\/strong> \u2013 parcialmente administrada pela <strong>Autoridade Palestina<\/strong>.<\/li>\n<\/ul>\n<\/li>\n<\/ul>\n\n\n\n<hr class=\"wp-block-separator has-alpha-channel-opacity\"\/>\n\n\n\n<h3 class=\"wp-block-heading\">\u2694\ufe0f 6. <strong>Conflitos Atuais (Ex: 2023-2024)<\/strong><\/h3>\n\n\n\n<ul class=\"wp-block-list\">\n<li><strong>O Hamas ataca Israel com foguetes<\/strong>.<\/li>\n\n\n\n<li><strong>Israel responde com bombardeios na Faixa de Gaza<\/strong>.<\/li>\n\n\n\n<li>Milhares de <strong>civis palestinos morrem<\/strong> nos ataques, gerando forte repercuss\u00e3o internacional.<\/li>\n\n\n\n<li>Israel diz que os ataques s\u00e3o para <strong>se defender<\/strong> e destruir <strong>infraestruturas terroristas<\/strong>.<\/li>\n\n\n\n<li>O Hamas diz que luta contra a <strong>ocupa\u00e7\u00e3o e bloqueio israelense<\/strong>.<\/li>\n<\/ul>\n\n\n\n<hr class=\"wp-block-separator has-alpha-channel-opacity\"\/>\n\n\n\n<h3 class=\"wp-block-heading\">\ud83d\udd4a\ufe0f 7. <strong>Por que ainda n\u00e3o acabou?<\/strong><\/h3>\n\n\n\n<ul class=\"wp-block-list\">\n<li>Israel <strong>ocupa territ\u00f3rios que os palestinos querem para seu futuro pa\u00eds<\/strong>.<\/li>\n\n\n\n<li>N\u00e3o h\u00e1 <strong>acordo sobre Jerusal\u00e9m<\/strong>, cidade sagrada para judeus, crist\u00e3os e mu\u00e7ulmanos.<\/li>\n\n\n\n<li>H\u00e1 <strong>\u00f3dio acumulado, desconfian\u00e7a m\u00fatua e interesses internacionais<\/strong>.<\/li>\n\n\n\n<li>Grupos extremistas de ambos os lados dificultam a paz.<\/li>\n<\/ul>\n\n\n\n<hr class=\"wp-block-separator has-alpha-channel-opacity\"\/>\n\n\n\n<h2 class=\"wp-block-heading\">\u2705 Resumo Final:<\/h2>\n\n\n\n<figure class=\"wp-block-table\"><table class=\"has-fixed-layout\"><thead><tr><th>Ponto<\/th><th>Explica\u00e7\u00e3o<\/th><\/tr><\/thead><tbody><tr><td>\ud83c\udfaf Principal disputa<\/td><td>Territ\u00f3rio e independ\u00eancia palestina<\/td><\/tr><tr><td>\u2694\ufe0f Causa imediata<\/td><td>Ocupa\u00e7\u00e3o de territ\u00f3rios palestinos por Israel<\/td><\/tr><tr><td>\ud83d\udca5 Atores-chave<\/td><td>Israel, Hamas, Autoridade Palestina<\/td><\/tr><tr><td>\ud83d\udd4a\ufe0f Solu\u00e7\u00e3o esperada<\/td><td>Cria\u00e7\u00e3o de dois Estados (Israel e Palestina) \u2013 mas sem acordo at\u00e9 hoje<\/td><\/tr><\/tbody><\/table><\/figure>\n","protected":false},"excerpt":{"rendered":"<p>\ud83d\udcda Resumo Did\u00e1tico: Guerra com Israel \ud83d\uddfa\ufe0f 1. Onde tudo acontece? A guerra acontece principalmente entre Israel e os palestinos, principalmente na regi\u00e3o conhecida como: \ud83d\udd70\ufe0f 2. Como come\u00e7ou esse&hellip;<\/p>\n","protected":false},"author":1,"featured_media":0,"comment_status":"open","ping_status":"closed","sticky":false,"template":"","format":"standard","meta":{"footnotes":""},"categories":[238],"tags":[],"class_list":["post-6154","post","type-post","status-publish","format-standard","hentry","category-diario"],"aioseo_notices":[],"aioseo_head":"\n\t\t<!-- All in One SEO 5.0.0.1 - aioseo.com -->\n\t<meta name=\"description\" content=\"\ud83d\udcda Resumo Did\u00e1tico: Guerra com Israel \ud83d\uddfa\ufe0f 1. Onde tudo acontece? A guerra acontece principalmente entre Israel e os palestinos, principalmente na regi\u00e3o conhecida como: Faixa de Gaza Cisjord\u00e2nia Jerusal\u00e9m Oriental \ud83d\udd70\ufe0f 2. Como come\u00e7ou esse conflito? (Ra\u00edzes Hist\u00f3ricas) Antes de 1948: A regi\u00e3o era chamada de Palestina e era dominada pelo Imp\u00e9rio Otomano (at\u00e9\" \/>\n\t<meta name=\"robots\" content=\"max-image-preview:large\" \/>\n\t<meta name=\"author\" content=\"teocosta\"\/>\n\t<link rel=\"canonical\" href=\"https:\/\/teo.com.br\/noticias\/2025\/06\/25\/guerra-com-israel-e-palestina\/\" \/>\n\t<meta name=\"generator\" content=\"All in One SEO (AIOSEO) 5.0.0.1\" \/>\n\t\t<meta property=\"og:locale\" content=\"pt_BR\" \/>\n\t\t<meta property=\"og:site_name\" content=\"Teo - Head TI - DPO\" \/>\n\t\t<meta property=\"og:type\" content=\"article\" \/>\n\t\t<meta property=\"og:title\" content=\"Guerra com Israel e Palestina - Teo\" \/>\n\t\t<meta property=\"og:description\" content=\"\ud83d\udcda Resumo Did\u00e1tico: Guerra com Israel \ud83d\uddfa\ufe0f 1. Onde tudo acontece? A guerra acontece principalmente entre Israel e os palestinos, principalmente na regi\u00e3o conhecida como: Faixa de Gaza Cisjord\u00e2nia Jerusal\u00e9m Oriental \ud83d\udd70\ufe0f 2. Como come\u00e7ou esse conflito? (Ra\u00edzes Hist\u00f3ricas) Antes de 1948: A regi\u00e3o era chamada de Palestina e era dominada pelo Imp\u00e9rio Otomano (at\u00e9\" \/>\n\t\t<meta property=\"og:url\" content=\"https:\/\/teo.com.br\/noticias\/2025\/06\/25\/guerra-com-israel-e-palestina\/\" \/>\n\t\t<meta property=\"og:image\" content=\"https:\/\/teo.com.br\/wp-content\/uploads\/2024\/03\/cropped-teo.jpg\" \/>\n\t\t<meta property=\"og:image:secure_url\" content=\"https:\/\/teo.com.br\/wp-content\/uploads\/2024\/03\/cropped-teo.jpg\" \/>\n\t\t<meta property=\"article:published_time\" content=\"2025-06-25T17:58:54+00:00\" \/>\n\t\t<meta property=\"article:modified_time\" content=\"2025-06-22T17:59:31+00:00\" \/>\n\t\t<meta name=\"twitter:card\" content=\"summary_large_image\" \/>\n\t\t<meta name=\"twitter:title\" content=\"Guerra com Israel e Palestina - Teo\" \/>\n\t\t<meta name=\"twitter:description\" content=\"\ud83d\udcda Resumo Did\u00e1tico: Guerra com Israel \ud83d\uddfa\ufe0f 1. Onde tudo acontece? A guerra acontece principalmente entre Israel e os palestinos, principalmente na regi\u00e3o conhecida como: Faixa de Gaza Cisjord\u00e2nia Jerusal\u00e9m Oriental \ud83d\udd70\ufe0f 2. Como come\u00e7ou esse conflito? (Ra\u00edzes Hist\u00f3ricas) Antes de 1948: A regi\u00e3o era chamada de Palestina e era dominada pelo Imp\u00e9rio Otomano (at\u00e9\" \/>\n\t\t<meta name=\"twitter:image\" content=\"https:\/\/teo.com.br\/wp-content\/uploads\/2024\/03\/cropped-teo.jpg\" \/>\n\t\t<script type=\"application\/ld+json\" class=\"aioseo-schema\">\n\t\t\t{\"@context\":\"https:\\\/\\\/schema.org\",\"@graph\":[{\"@type\":\"BlogPosting\",\"@id\":\"https:\\\/\\\/teo.com.br\\\/noticias\\\/2025\\\/06\\\/25\\\/guerra-com-israel-e-palestina\\\/#blogposting\",\"name\":\"Guerra com Israel e Palestina - Teo\",\"headline\":\"Guerra com Israel e Palestina\",\"author\":{\"@id\":\"https:\\\/\\\/teo.com.br\\\/noticias\\\/author\\\/temcosta\\\/#author\"},\"publisher\":{\"@id\":\"https:\\\/\\\/teo.com.br\\\/noticias\\\/#organization\"},\"datePublished\":\"2025-06-25T14:58:54-03:00\",\"dateModified\":\"2025-06-22T14:59:31-03:00\",\"inLanguage\":\"pt-BR\",\"mainEntityOfPage\":{\"@id\":\"https:\\\/\\\/teo.com.br\\\/noticias\\\/2025\\\/06\\\/25\\\/guerra-com-israel-e-palestina\\\/#webpage\"},\"isPartOf\":{\"@id\":\"https:\\\/\\\/teo.com.br\\\/noticias\\\/2025\\\/06\\\/25\\\/guerra-com-israel-e-palestina\\\/#webpage\"},\"articleSection\":\"diario\"},{\"@type\":\"BreadcrumbList\",\"@id\":\"https:\\\/\\\/teo.com.br\\\/noticias\\\/2025\\\/06\\\/25\\\/guerra-com-israel-e-palestina\\\/#breadcrumblist\",\"itemListElement\":[{\"@type\":\"ListItem\",\"@id\":\"https:\\\/\\\/teo.com.br\\\/noticias#listItem\",\"position\":1,\"name\":\"Home\",\"item\":\"https:\\\/\\\/teo.com.br\\\/noticias\",\"nextItem\":{\"@type\":\"ListItem\",\"@id\":\"https:\\\/\\\/teo.com.br\\\/noticias\\\/categoria\\\/diario\\\/#listItem\",\"name\":\"diario\"}},{\"@type\":\"ListItem\",\"@id\":\"https:\\\/\\\/teo.com.br\\\/noticias\\\/categoria\\\/diario\\\/#listItem\",\"position\":2,\"name\":\"diario\",\"item\":\"https:\\\/\\\/teo.com.br\\\/noticias\\\/categoria\\\/diario\\\/\",\"nextItem\":{\"@type\":\"ListItem\",\"@id\":\"https:\\\/\\\/teo.com.br\\\/noticias\\\/2025\\\/06\\\/25\\\/guerra-com-israel-e-palestina\\\/#listItem\",\"name\":\"Guerra com Israel e Palestina\"},\"previousItem\":{\"@type\":\"ListItem\",\"@id\":\"https:\\\/\\\/teo.com.br\\\/noticias#listItem\",\"name\":\"Home\"}},{\"@type\":\"ListItem\",\"@id\":\"https:\\\/\\\/teo.com.br\\\/noticias\\\/2025\\\/06\\\/25\\\/guerra-com-israel-e-palestina\\\/#listItem\",\"position\":3,\"name\":\"Guerra com Israel e Palestina\",\"previousItem\":{\"@type\":\"ListItem\",\"@id\":\"https:\\\/\\\/teo.com.br\\\/noticias\\\/categoria\\\/diario\\\/#listItem\",\"name\":\"diario\"}}]},{\"@type\":\"Organization\",\"@id\":\"https:\\\/\\\/teo.com.br\\\/noticias\\\/#organization\",\"name\":\"Teo Costa - Tecnologia e Solu\\u00e7\\u00f5es Corporativas em Seguran\\u00e7a Contra Inc\\u00eandio Pesquisa de Satisfa\\u00e7\\u00e3o\",\"description\":\"Head TI - DPO\",\"url\":\"https:\\\/\\\/teo.com.br\\\/noticias\\\/\"},{\"@type\":\"Person\",\"@id\":\"https:\\\/\\\/teo.com.br\\\/noticias\\\/author\\\/temcosta\\\/#author\",\"url\":\"https:\\\/\\\/teo.com.br\\\/noticias\\\/author\\\/temcosta\\\/\",\"name\":\"teocosta\",\"image\":{\"@type\":\"ImageObject\",\"@id\":\"https:\\\/\\\/teo.com.br\\\/noticias\\\/2025\\\/06\\\/25\\\/guerra-com-israel-e-palestina\\\/#authorImage\",\"url\":\"https:\\\/\\\/secure.gravatar.com\\\/avatar\\\/9eaa33a8942fc7cb0be99e3b8f5a8f798b4647876bd8c39ebfc4b1f5753beac2?s=96&d=mm&r=g\",\"width\":96,\"height\":96,\"caption\":\"teocosta\"}},{\"@type\":\"WebPage\",\"@id\":\"https:\\\/\\\/teo.com.br\\\/noticias\\\/2025\\\/06\\\/25\\\/guerra-com-israel-e-palestina\\\/#webpage\",\"url\":\"https:\\\/\\\/teo.com.br\\\/noticias\\\/2025\\\/06\\\/25\\\/guerra-com-israel-e-palestina\\\/\",\"name\":\"Guerra com Israel e Palestina - Teo\",\"description\":\"\\ud83d\\udcda Resumo Did\\u00e1tico: Guerra com Israel \\ud83d\\uddfa\\ufe0f 1. Onde tudo acontece? A guerra acontece principalmente entre Israel e os palestinos, principalmente na regi\\u00e3o conhecida como: Faixa de Gaza Cisjord\\u00e2nia Jerusal\\u00e9m Oriental \\ud83d\\udd70\\ufe0f 2. Como come\\u00e7ou esse conflito? (Ra\\u00edzes Hist\\u00f3ricas) Antes de 1948: A regi\\u00e3o era chamada de Palestina e era dominada pelo Imp\\u00e9rio Otomano (at\\u00e9\",\"inLanguage\":\"pt-BR\",\"isPartOf\":{\"@id\":\"https:\\\/\\\/teo.com.br\\\/noticias\\\/#website\"},\"breadcrumb\":{\"@id\":\"https:\\\/\\\/teo.com.br\\\/noticias\\\/2025\\\/06\\\/25\\\/guerra-com-israel-e-palestina\\\/#breadcrumblist\"},\"author\":{\"@id\":\"https:\\\/\\\/teo.com.br\\\/noticias\\\/author\\\/temcosta\\\/#author\"},\"creator\":{\"@id\":\"https:\\\/\\\/teo.com.br\\\/noticias\\\/author\\\/temcosta\\\/#author\"},\"datePublished\":\"2025-06-25T14:58:54-03:00\",\"dateModified\":\"2025-06-22T14:59:31-03:00\"},{\"@type\":\"WebSite\",\"@id\":\"https:\\\/\\\/teo.com.br\\\/noticias\\\/#website\",\"url\":\"https:\\\/\\\/teo.com.br\\\/noticias\\\/\",\"name\":\"Teo Costa - Tecnologia e Solu\\u00e7\\u00f5es Corporativas em Seguran\\u00e7a Contra Inc\\u00eandio Pesquisa de Satisfa\\u00e7\\u00e3o\",\"description\":\"Head TI - DPO\",\"inLanguage\":\"pt-BR\",\"publisher\":{\"@id\":\"https:\\\/\\\/teo.com.br\\\/noticias\\\/#organization\"}}]}\n\t\t<\/script>\n\t\t<!-- All in One SEO -->\n\n","aioseo_head_json":{"title":"Guerra com Israel e Palestina - Teo","description":"\ud83d\udcda Resumo Did\u00e1tico: Guerra com Israel \ud83d\uddfa\ufe0f 1. Onde tudo acontece? A guerra acontece principalmente entre Israel e os palestinos, principalmente na regi\u00e3o conhecida como: Faixa de Gaza Cisjord\u00e2nia Jerusal\u00e9m Oriental \ud83d\udd70\ufe0f 2. Como come\u00e7ou esse conflito? (Ra\u00edzes Hist\u00f3ricas) Antes de 1948: A regi\u00e3o era chamada de Palestina e era dominada pelo Imp\u00e9rio Otomano (at\u00e9","canonical_url":"https:\/\/teo.com.br\/noticias\/2025\/06\/25\/guerra-com-israel-e-palestina\/","robots":"max-image-preview:large","keywords":"","webmasterTools":{"miscellaneous":""},"schema":{"@context":"https:\/\/schema.org","@graph":[{"@type":"BlogPosting","@id":"https:\/\/teo.com.br\/noticias\/2025\/06\/25\/guerra-com-israel-e-palestina\/#blogposting","name":"Guerra com Israel e Palestina - Teo","headline":"Guerra com Israel e Palestina","author":{"@id":"https:\/\/teo.com.br\/noticias\/author\/temcosta\/#author"},"publisher":{"@id":"https:\/\/teo.com.br\/noticias\/#organization"},"datePublished":"2025-06-25T14:58:54-03:00","dateModified":"2025-06-22T14:59:31-03:00","inLanguage":"pt-BR","mainEntityOfPage":{"@id":"https:\/\/teo.com.br\/noticias\/2025\/06\/25\/guerra-com-israel-e-palestina\/#webpage"},"isPartOf":{"@id":"https:\/\/teo.com.br\/noticias\/2025\/06\/25\/guerra-com-israel-e-palestina\/#webpage"},"articleSection":"diario"},{"@type":"BreadcrumbList","@id":"https:\/\/teo.com.br\/noticias\/2025\/06\/25\/guerra-com-israel-e-palestina\/#breadcrumblist","itemListElement":[{"@type":"ListItem","@id":"https:\/\/teo.com.br\/noticias#listItem","position":1,"name":"Home","item":"https:\/\/teo.com.br\/noticias","nextItem":{"@type":"ListItem","@id":"https:\/\/teo.com.br\/noticias\/categoria\/diario\/#listItem","name":"diario"}},{"@type":"ListItem","@id":"https:\/\/teo.com.br\/noticias\/categoria\/diario\/#listItem","position":2,"name":"diario","item":"https:\/\/teo.com.br\/noticias\/categoria\/diario\/","nextItem":{"@type":"ListItem","@id":"https:\/\/teo.com.br\/noticias\/2025\/06\/25\/guerra-com-israel-e-palestina\/#listItem","name":"Guerra com Israel e Palestina"},"previousItem":{"@type":"ListItem","@id":"https:\/\/teo.com.br\/noticias#listItem","name":"Home"}},{"@type":"ListItem","@id":"https:\/\/teo.com.br\/noticias\/2025\/06\/25\/guerra-com-israel-e-palestina\/#listItem","position":3,"name":"Guerra com Israel e Palestina","previousItem":{"@type":"ListItem","@id":"https:\/\/teo.com.br\/noticias\/categoria\/diario\/#listItem","name":"diario"}}]},{"@type":"Organization","@id":"https:\/\/teo.com.br\/noticias\/#organization","name":"Teo Costa - Tecnologia e Solu\u00e7\u00f5es Corporativas em Seguran\u00e7a Contra Inc\u00eandio Pesquisa de Satisfa\u00e7\u00e3o","description":"Head TI - DPO","url":"https:\/\/teo.com.br\/noticias\/"},{"@type":"Person","@id":"https:\/\/teo.com.br\/noticias\/author\/temcosta\/#author","url":"https:\/\/teo.com.br\/noticias\/author\/temcosta\/","name":"teocosta","image":{"@type":"ImageObject","@id":"https:\/\/teo.com.br\/noticias\/2025\/06\/25\/guerra-com-israel-e-palestina\/#authorImage","url":"https:\/\/secure.gravatar.com\/avatar\/9eaa33a8942fc7cb0be99e3b8f5a8f798b4647876bd8c39ebfc4b1f5753beac2?s=96&d=mm&r=g","width":96,"height":96,"caption":"teocosta"}},{"@type":"WebPage","@id":"https:\/\/teo.com.br\/noticias\/2025\/06\/25\/guerra-com-israel-e-palestina\/#webpage","url":"https:\/\/teo.com.br\/noticias\/2025\/06\/25\/guerra-com-israel-e-palestina\/","name":"Guerra com Israel e Palestina - Teo","description":"\ud83d\udcda Resumo Did\u00e1tico: Guerra com Israel \ud83d\uddfa\ufe0f 1. Onde tudo acontece? A guerra acontece principalmente entre Israel e os palestinos, principalmente na regi\u00e3o conhecida como: Faixa de Gaza Cisjord\u00e2nia Jerusal\u00e9m Oriental \ud83d\udd70\ufe0f 2. Como come\u00e7ou esse conflito? (Ra\u00edzes Hist\u00f3ricas) Antes de 1948: A regi\u00e3o era chamada de Palestina e era dominada pelo Imp\u00e9rio Otomano (at\u00e9","inLanguage":"pt-BR","isPartOf":{"@id":"https:\/\/teo.com.br\/noticias\/#website"},"breadcrumb":{"@id":"https:\/\/teo.com.br\/noticias\/2025\/06\/25\/guerra-com-israel-e-palestina\/#breadcrumblist"},"author":{"@id":"https:\/\/teo.com.br\/noticias\/author\/temcosta\/#author"},"creator":{"@id":"https:\/\/teo.com.br\/noticias\/author\/temcosta\/#author"},"datePublished":"2025-06-25T14:58:54-03:00","dateModified":"2025-06-22T14:59:31-03:00"},{"@type":"WebSite","@id":"https:\/\/teo.com.br\/noticias\/#website","url":"https:\/\/teo.com.br\/noticias\/","name":"Teo Costa - Tecnologia e Solu\u00e7\u00f5es Corporativas em Seguran\u00e7a Contra Inc\u00eandio Pesquisa de Satisfa\u00e7\u00e3o","description":"Head TI - DPO","inLanguage":"pt-BR","publisher":{"@id":"https:\/\/teo.com.br\/noticias\/#organization"}}]},"og:locale":"pt_BR","og:site_name":"Teo - Head TI - DPO","og:type":"article","og:title":"Guerra com Israel e Palestina - Teo","og:description":"\ud83d\udcda Resumo Did\u00e1tico: Guerra com Israel \ud83d\uddfa\ufe0f 1. Onde tudo acontece? A guerra acontece principalmente entre Israel e os palestinos, principalmente na regi\u00e3o conhecida como: Faixa de Gaza Cisjord\u00e2nia Jerusal\u00e9m Oriental \ud83d\udd70\ufe0f 2. Como come\u00e7ou esse conflito? (Ra\u00edzes Hist\u00f3ricas) Antes de 1948: A regi\u00e3o era chamada de Palestina e era dominada pelo Imp\u00e9rio Otomano (at\u00e9","og:url":"https:\/\/teo.com.br\/noticias\/2025\/06\/25\/guerra-com-israel-e-palestina\/","og:image":"https:\/\/teo.com.br\/wp-content\/uploads\/2024\/03\/cropped-teo.jpg","og:image:secure_url":"https:\/\/teo.com.br\/wp-content\/uploads\/2024\/03\/cropped-teo.jpg","article:published_time":"2025-06-25T17:58:54+00:00","article:modified_time":"2025-06-22T17:59:31+00:00","twitter:card":"summary_large_image","twitter:title":"Guerra com Israel e Palestina - Teo","twitter:description":"\ud83d\udcda Resumo Did\u00e1tico: Guerra com Israel \ud83d\uddfa\ufe0f 1. Onde tudo acontece? A guerra acontece principalmente entre Israel e os palestinos, principalmente na regi\u00e3o conhecida como: Faixa de Gaza Cisjord\u00e2nia Jerusal\u00e9m Oriental \ud83d\udd70\ufe0f 2. Como come\u00e7ou esse conflito? (Ra\u00edzes Hist\u00f3ricas) Antes de 1948: A regi\u00e3o era chamada de Palestina e era dominada pelo Imp\u00e9rio Otomano (at\u00e9","twitter:image":"https:\/\/teo.com.br\/wp-content\/uploads\/2024\/03\/cropped-teo.jpg"},"aioseo_meta_data":{"post_id":"6154","title":null,"description":null,"keywords":null,"keyphrases":{"focus":{"keyphrase":"","score":0,"analysis":{"keyphraseInTitle":{"score":0,"maxScore":9,"error":1}}},"additional":[]},"primary_term":null,"canonical_url":null,"og_title":null,"og_description":null,"og_object_type":"default","og_image_type":"default","og_image_url":null,"og_image_width":null,"og_image_height":null,"og_image_custom_url":null,"og_image_custom_fields":null,"og_video":"","og_custom_url":null,"og_article_section":null,"og_article_tags":null,"twitter_use_og":false,"twitter_card":"default","twitter_image_type":"default","twitter_image_url":null,"twitter_image_custom_url":null,"twitter_image_custom_fields":null,"twitter_title":null,"twitter_description":null,"schema":{"blockGraphs":[],"customGraphs":[],"default":{"data":{"Article":[],"Course":[],"Dataset":[],"FAQPage":[],"Movie":[],"Person":[],"Product":[],"ProductReview":[],"Car":[],"Recipe":[],"Service":[],"SoftwareApplication":[],"WebPage":[]},"graphName":"BlogPosting","isEnabled":true},"graphs":[]},"schema_type":"default","schema_type_options":null,"pillar_content":false,"robots_default":true,"robots_noindex":false,"robots_noarchive":false,"robots_nosnippet":false,"robots_nofollow":false,"robots_noimageindex":false,"robots_noodp":false,"robots_notranslate":false,"robots_max_snippet":"-1","robots_max_videopreview":"-1","robots_max_imagepreview":"large","priority":null,"frequency":"default","local_seo":null,"breadcrumb_settings":null,"limit_modified_date":false,"ai":null,"created":"2025-06-22 17:59:31","updated":"2025-09-12 23:05:50","seo_analyzer_scan_date":null,"focus_keyword":null,"additional_keywords":null,"truseo_locale":null},"aioseo_breadcrumb":"<div class=\"aioseo-breadcrumbs\"><span class=\"aioseo-breadcrumb\">\n\t\t\t<a href=\"https:\/\/teo.com.br\/noticias\" title=\"Home\">Home<\/a>\n\t\t<\/span><span class=\"aioseo-breadcrumb-separator\">&raquo;<\/span><span class=\"aioseo-breadcrumb\">\n\t\t\t<a href=\"https:\/\/teo.com.br\/noticias\/categoria\/diario\/\" title=\"diario\">diario<\/a>\n\t\t<\/span><span class=\"aioseo-breadcrumb-separator\">&raquo;<\/span><span class=\"aioseo-breadcrumb\">\n\t\t\tGuerra com Israel e Palestina\n\t\t<\/span><\/div>","aioseo_breadcrumb_json":[{"label":"Home","link":"https:\/\/teo.com.br\/noticias"},{"label":"diario","link":"https:\/\/teo.com.br\/noticias\/categoria\/diario\/"},{"label":"Guerra com Israel e Palestina","link":"https:\/\/teo.com.br\/noticias\/2025\/06\/25\/guerra-com-israel-e-palestina\/"}],"_links":{"self":[{"href":"https:\/\/teo.com.br\/noticias\/wp-json\/wp\/v2\/posts\/6154","targetHints":{"allow":["GET"]}}],"collection":[{"href":"https:\/\/teo.com.br\/noticias\/wp-json\/wp\/v2\/posts"}],"about":[{"href":"https:\/\/teo.com.br\/noticias\/wp-json\/wp\/v2\/types\/post"}],"author":[{"embeddable":true,"href":"https:\/\/teo.com.br\/noticias\/wp-json\/wp\/v2\/users\/1"}],"replies":[{"embeddable":true,"href":"https:\/\/teo.com.br\/noticias\/wp-json\/wp\/v2\/comments?post=6154"}],"version-history":[{"count":1,"href":"https:\/\/teo.com.br\/noticias\/wp-json\/wp\/v2\/posts\/6154\/revisions"}],"predecessor-version":[{"id":6155,"href":"https:\/\/teo.com.br\/noticias\/wp-json\/wp\/v2\/posts\/6154\/revisions\/6155"}],"wp:attachment":[{"href":"https:\/\/teo.com.br\/noticias\/wp-json\/wp\/v2\/media?parent=6154"}],"wp:term":[{"taxonomy":"category","embeddable":true,"href":"https:\/\/teo.com.br\/noticias\/wp-json\/wp\/v2\/categories?post=6154"},{"taxonomy":"post_tag","embeddable":true,"href":"https:\/\/teo.com.br\/noticias\/wp-json\/wp\/v2\/tags?post=6154"}],"curies":[{"name":"wp","href":"https:\/\/api.w.org\/{rel}","templated":true}]}}