{"id":6189,"date":"2025-09-19T10:30:06","date_gmt":"2025-09-19T13:30:06","guid":{"rendered":"https:\/\/teo.com.br\/noticias\/?p=6189"},"modified":"2025-10-08T13:15:28","modified_gmt":"2025-10-08T16:15:28","slug":"sua-empresa-de-tecnologia-precisa-de-um-dpo-encarregado-de-dados-e-a-lei-agora-deixa-isso-ainda-mais-claro","status":"publish","type":"post","link":"https:\/\/teo.com.br\/noticias\/2025\/09\/19\/sua-empresa-de-tecnologia-precisa-de-um-dpo-encarregado-de-dados-e-a-lei-agora-deixa-isso-ainda-mais-claro\/","title":{"rendered":"Sua empresa de tecnologia precisa de um DPO (Encarregado de Dados) \u2013 e a lei agora deixa isso ainda mais claro!"},"content":{"rendered":"\n<h1 class=\"wp-block-heading\">\ud83d\udea8 Sua empresa de tecnologia precisa de um DPO (Encarregado de Dados) \u2013 e a lei agora deixa isso ainda mais claro!<\/h1>\n\n\n\n<p class=\"wp-block-paragraph\">A <strong>Lei Geral de Prote\u00e7\u00e3o de Dados (LGPD)<\/strong> j\u00e1 exigia a figura do <strong>Encarregado pelo Tratamento de Dados Pessoais (DPO)<\/strong>.<br>Mas com a publica\u00e7\u00e3o da <strong>Resolu\u00e7\u00e3o CD\/ANPD n\u00ba 18, de 16 de julho de 2024<\/strong>, no Di\u00e1rio Oficial da Uni\u00e3o, a Autoridade Nacional de Prote\u00e7\u00e3o de Dados (ANPD) estabeleceu regras detalhadas sobre a <strong>indica\u00e7\u00e3o, atua\u00e7\u00e3o e responsabilidades do DPO<\/strong>.<\/p>\n\n\n\n<p class=\"wp-block-paragraph\">Isso impacta diretamente <strong>empresas de tecnologia<\/strong>, em especial <strong>SaaS<\/strong>, que lidam diariamente com grandes volumes de dados pessoais de clientes, usu\u00e1rios e parceiros.<\/p>\n\n\n\n<hr class=\"wp-block-separator has-alpha-channel-opacity\"\/>\n\n\n\n<h2 class=\"wp-block-heading\">\ud83d\udccc O que a lei determina?<\/h2>\n\n\n\n<p class=\"wp-block-paragraph\">A Resolu\u00e7\u00e3o refor\u00e7a pontos cruciais:<br>\u2705 A indica\u00e7\u00e3o do DPO deve ser feita por <strong>ato formal<\/strong>, registrado por escrito e dispon\u00edvel para a ANPD quando solicitado.<br>\u2705 A identidade e os contatos do DPO precisam ser <strong>divulgados publicamente<\/strong> no site da empresa.<br>\u2705 O DPO atua como <strong>canal de comunica\u00e7\u00e3o<\/strong> entre empresa, titulares de dados e ANPD.<br>\u2705 Cabe ao DPO <strong>orientar a empresa<\/strong>, treinar colaboradores e auxiliar em incidentes de seguran\u00e7a, relat\u00f3rios de impacto, pol\u00edticas internas e governan\u00e7a em privacidade.<br>\u2705 O DPO deve ter <strong>autonomia t\u00e9cnica<\/strong>, evitando conflitos de interesse, e pode ser tanto uma <strong>pessoa f\u00edsica ou jur\u00eddica<\/strong>.<\/p>\n\n\n\n<hr class=\"wp-block-separator has-alpha-channel-opacity\"\/>\n\n\n\n<h2 class=\"wp-block-heading\">\ud83d\ude80 Por que isso \u00e9 vital para SaaS e tecnologia?<\/h2>\n\n\n\n<p class=\"wp-block-paragraph\">Empresas SaaS lidam com dados em <strong>escala massiva<\/strong>:<\/p>\n\n\n\n<ul class=\"wp-block-list\">\n<li>Cadastros de clientes<\/li>\n\n\n\n<li>Dados de pagamento<\/li>\n\n\n\n<li>Logs de acesso e comportamento de uso<\/li>\n\n\n\n<li>Integra\u00e7\u00f5es com terceiros<\/li>\n<\/ul>\n\n\n\n<p class=\"wp-block-paragraph\">Uma falha pode gerar <strong>multas de at\u00e9 2% do faturamento<\/strong>, perda de credibilidade e at\u00e9 bloqueio de bancos de dados pela ANPD.<br>Ter um DPO bem estruturado n\u00e3o \u00e9 s\u00f3 cumprir a lei: \u00e9 garantir <strong>seguran\u00e7a jur\u00eddica, transpar\u00eancia e confian\u00e7a<\/strong>.<\/p>\n\n\n\n<hr class=\"wp-block-separator has-alpha-channel-opacity\"\/>\n\n\n\n<h2 class=\"wp-block-heading\">\u2696\ufe0f Benef\u00edcios de contratar um DPO para sua empresa SaaS<\/h2>\n\n\n\n<p class=\"wp-block-paragraph\">\ud83d\udd12 <strong>Seguran\u00e7a de dados:<\/strong> Implementa\u00e7\u00e3o de pol\u00edticas que reduzem riscos de incidentes.<br>\ud83d\udcca <strong>Governan\u00e7a:<\/strong> Conformidade com a LGPD e normas internacionais de prote\u00e7\u00e3o de dados.<br>\ud83d\udcde <strong>Canal direto com ANPD e clientes:<\/strong> Comunica\u00e7\u00e3o clara e formalizada.<br>\ud83d\udcbc <strong>Credibilidade no mercado:<\/strong> Clientes confiam mais em empresas que mostram cuidado com a privacidade.<br>\ud83d\ude80 <strong>Escalabilidade respons\u00e1vel:<\/strong> Crescimento sustent\u00e1vel sem riscos legais.<\/p>\n\n\n\n<hr class=\"wp-block-separator has-alpha-channel-opacity\"\/>\n\n\n\n<h2 class=\"wp-block-heading\">\ud83d\udce2 Resumindo:<\/h2>\n\n\n\n<p class=\"wp-block-paragraph\">A Resolu\u00e7\u00e3o n\u00ba 18\/2024 deixa claro: <strong>n\u00e3o \u00e9 mais opcional<\/strong>.<br>Empresas de tecnologia e SaaS <strong>precisam formalizar a indica\u00e7\u00e3o do DPO<\/strong> e garantir que ele atue de forma estrat\u00e9gica na governan\u00e7a de dados.<\/p>\n\n\n\n<p class=\"wp-block-paragraph\">\ud83d\udc49 Se a sua empresa ainda n\u00e3o tem um DPO, este \u00e9 o momento de agir.<br>Mais do que cumprir a lei, \u00e9 investir em <strong>confian\u00e7a, seguran\u00e7a e sustentabilidade digital<\/strong>.<\/p>\n","protected":false},"excerpt":{"rendered":"<p>\ud83d\udea8 Sua empresa de tecnologia precisa de um DPO (Encarregado de Dados) \u2013 e a lei agora deixa isso ainda mais claro! A Lei Geral de Prote\u00e7\u00e3o de Dados (LGPD)&hellip;<\/p>\n","protected":false},"author":1,"featured_media":0,"comment_status":"open","ping_status":"closed","sticky":false,"template":"","format":"standard","meta":{"footnotes":""},"categories":[9,461,17,4],"tags":[458,301,305,459],"class_list":["post-6189","post","type-post","status-publish","format-standard","hentry","category-adwords","category-dicas","category-seo","category-teo-costa-consultor","tag-anpd","tag-direito","tag-juridica","tag-lgdp"],"aioseo_notices":[],"aioseo_head":"\n\t\t<!-- All in One SEO 5.0.0.1 - aioseo.com -->\n\t<meta name=\"description\" content=\"\ud83d\udea8 Sua empresa de tecnologia precisa de um DPO (Encarregado de Dados) \u2013 e a lei agora deixa isso ainda mais claro! A Lei Geral de Prote\u00e7\u00e3o de Dados (LGPD) j\u00e1 exigia a figura do Encarregado pelo Tratamento de Dados Pessoais (DPO).Mas com a publica\u00e7\u00e3o da Resolu\u00e7\u00e3o CD\/ANPD n\u00ba 18, de 16 de julho de\" \/>\n\t<meta name=\"robots\" content=\"max-image-preview:large\" \/>\n\t<meta name=\"author\" content=\"teocosta\"\/>\n\t<link rel=\"canonical\" href=\"https:\/\/teo.com.br\/noticias\/2025\/09\/19\/sua-empresa-de-tecnologia-precisa-de-um-dpo-encarregado-de-dados-e-a-lei-agora-deixa-isso-ainda-mais-claro\/\" \/>\n\t<meta name=\"generator\" content=\"All in One SEO (AIOSEO) 5.0.0.1\" \/>\n\t\t<meta property=\"og:locale\" content=\"pt_BR\" \/>\n\t\t<meta property=\"og:site_name\" content=\"Teo - Head TI - DPO\" \/>\n\t\t<meta property=\"og:type\" content=\"article\" \/>\n\t\t<meta property=\"og:title\" content=\"Sua empresa de tecnologia precisa de um DPO (Encarregado de Dados) \u2013 e a lei agora deixa isso ainda mais claro! - Teo\" \/>\n\t\t<meta property=\"og:description\" content=\"\ud83d\udea8 Sua empresa de tecnologia precisa de um DPO (Encarregado de Dados) \u2013 e a lei agora deixa isso ainda mais claro! A Lei Geral de Prote\u00e7\u00e3o de Dados (LGPD) j\u00e1 exigia a figura do Encarregado pelo Tratamento de Dados Pessoais (DPO).Mas com a publica\u00e7\u00e3o da Resolu\u00e7\u00e3o CD\/ANPD n\u00ba 18, de 16 de julho de\" \/>\n\t\t<meta property=\"og:url\" content=\"https:\/\/teo.com.br\/noticias\/2025\/09\/19\/sua-empresa-de-tecnologia-precisa-de-um-dpo-encarregado-de-dados-e-a-lei-agora-deixa-isso-ainda-mais-claro\/\" \/>\n\t\t<meta property=\"og:image\" content=\"https:\/\/teo.com.br\/wp-content\/uploads\/2024\/03\/cropped-teo.jpg\" \/>\n\t\t<meta property=\"og:image:secure_url\" content=\"https:\/\/teo.com.br\/wp-content\/uploads\/2024\/03\/cropped-teo.jpg\" \/>\n\t\t<meta property=\"article:published_time\" content=\"2025-09-19T13:30:06+00:00\" \/>\n\t\t<meta property=\"article:modified_time\" content=\"2025-10-08T16:15:28+00:00\" \/>\n\t\t<meta name=\"twitter:card\" content=\"summary_large_image\" \/>\n\t\t<meta name=\"twitter:title\" content=\"Sua empresa de tecnologia precisa de um DPO (Encarregado de Dados) \u2013 e a lei agora deixa isso ainda mais claro! - Teo\" \/>\n\t\t<meta name=\"twitter:description\" content=\"\ud83d\udea8 Sua empresa de tecnologia precisa de um DPO (Encarregado de Dados) \u2013 e a lei agora deixa isso ainda mais claro! A Lei Geral de Prote\u00e7\u00e3o de Dados (LGPD) j\u00e1 exigia a figura do Encarregado pelo Tratamento de Dados Pessoais (DPO).Mas com a publica\u00e7\u00e3o da Resolu\u00e7\u00e3o CD\/ANPD n\u00ba 18, de 16 de julho de\" \/>\n\t\t<meta name=\"twitter:image\" content=\"https:\/\/teo.com.br\/wp-content\/uploads\/2024\/03\/cropped-teo.jpg\" \/>\n\t\t<script type=\"application\/ld+json\" class=\"aioseo-schema\">\n\t\t\t{\"@context\":\"https:\\\/\\\/schema.org\",\"@graph\":[{\"@type\":\"BlogPosting\",\"@id\":\"https:\\\/\\\/teo.com.br\\\/noticias\\\/2025\\\/09\\\/19\\\/sua-empresa-de-tecnologia-precisa-de-um-dpo-encarregado-de-dados-e-a-lei-agora-deixa-isso-ainda-mais-claro\\\/#blogposting\",\"name\":\"Sua empresa de tecnologia precisa de um DPO (Encarregado de Dados) \\u2013 e a lei agora deixa isso ainda mais claro! - Teo\",\"headline\":\"Sua empresa de tecnologia precisa de um DPO (Encarregado de Dados) \\u2013 e a lei agora deixa isso ainda mais claro!\",\"author\":{\"@id\":\"https:\\\/\\\/teo.com.br\\\/noticias\\\/author\\\/temcosta\\\/#author\"},\"publisher\":{\"@id\":\"https:\\\/\\\/teo.com.br\\\/noticias\\\/#organization\"},\"datePublished\":\"2025-09-19T10:30:06-03:00\",\"dateModified\":\"2025-10-08T13:15:28-03:00\",\"inLanguage\":\"pt-BR\",\"mainEntityOfPage\":{\"@id\":\"https:\\\/\\\/teo.com.br\\\/noticias\\\/2025\\\/09\\\/19\\\/sua-empresa-de-tecnologia-precisa-de-um-dpo-encarregado-de-dados-e-a-lei-agora-deixa-isso-ainda-mais-claro\\\/#webpage\"},\"isPartOf\":{\"@id\":\"https:\\\/\\\/teo.com.br\\\/noticias\\\/2025\\\/09\\\/19\\\/sua-empresa-de-tecnologia-precisa-de-um-dpo-encarregado-de-dados-e-a-lei-agora-deixa-isso-ainda-mais-claro\\\/#webpage\"},\"articleSection\":\"Adwords, Dicas, Seo, Teo Costa Consultor, anpd, direito, Jur\\u00eddica, lgdp\"},{\"@type\":\"BreadcrumbList\",\"@id\":\"https:\\\/\\\/teo.com.br\\\/noticias\\\/2025\\\/09\\\/19\\\/sua-empresa-de-tecnologia-precisa-de-um-dpo-encarregado-de-dados-e-a-lei-agora-deixa-isso-ainda-mais-claro\\\/#breadcrumblist\",\"itemListElement\":[{\"@type\":\"ListItem\",\"@id\":\"https:\\\/\\\/teo.com.br\\\/noticias#listItem\",\"position\":1,\"name\":\"Home\",\"item\":\"https:\\\/\\\/teo.com.br\\\/noticias\",\"nextItem\":{\"@type\":\"ListItem\",\"@id\":\"https:\\\/\\\/teo.com.br\\\/noticias\\\/categoria\\\/teo-costa-consultor\\\/#listItem\",\"name\":\"Teo Costa Consultor\"}},{\"@type\":\"ListItem\",\"@id\":\"https:\\\/\\\/teo.com.br\\\/noticias\\\/categoria\\\/teo-costa-consultor\\\/#listItem\",\"position\":2,\"name\":\"Teo Costa Consultor\",\"item\":\"https:\\\/\\\/teo.com.br\\\/noticias\\\/categoria\\\/teo-costa-consultor\\\/\",\"nextItem\":{\"@type\":\"ListItem\",\"@id\":\"https:\\\/\\\/teo.com.br\\\/noticias\\\/2025\\\/09\\\/19\\\/sua-empresa-de-tecnologia-precisa-de-um-dpo-encarregado-de-dados-e-a-lei-agora-deixa-isso-ainda-mais-claro\\\/#listItem\",\"name\":\"Sua empresa de tecnologia precisa de um DPO (Encarregado de Dados) \\u2013 e a lei agora deixa isso ainda mais claro!\"},\"previousItem\":{\"@type\":\"ListItem\",\"@id\":\"https:\\\/\\\/teo.com.br\\\/noticias#listItem\",\"name\":\"Home\"}},{\"@type\":\"ListItem\",\"@id\":\"https:\\\/\\\/teo.com.br\\\/noticias\\\/2025\\\/09\\\/19\\\/sua-empresa-de-tecnologia-precisa-de-um-dpo-encarregado-de-dados-e-a-lei-agora-deixa-isso-ainda-mais-claro\\\/#listItem\",\"position\":3,\"name\":\"Sua empresa de tecnologia precisa de um DPO (Encarregado de Dados) \\u2013 e a lei agora deixa isso ainda mais claro!\",\"previousItem\":{\"@type\":\"ListItem\",\"@id\":\"https:\\\/\\\/teo.com.br\\\/noticias\\\/categoria\\\/teo-costa-consultor\\\/#listItem\",\"name\":\"Teo Costa Consultor\"}}]},{\"@type\":\"Organization\",\"@id\":\"https:\\\/\\\/teo.com.br\\\/noticias\\\/#organization\",\"name\":\"Teo Costa - Tecnologia e Solu\\u00e7\\u00f5es Corporativas em Seguran\\u00e7a Contra Inc\\u00eandio Pesquisa de Satisfa\\u00e7\\u00e3o\",\"description\":\"Head TI - DPO\",\"url\":\"https:\\\/\\\/teo.com.br\\\/noticias\\\/\"},{\"@type\":\"Person\",\"@id\":\"https:\\\/\\\/teo.com.br\\\/noticias\\\/author\\\/temcosta\\\/#author\",\"url\":\"https:\\\/\\\/teo.com.br\\\/noticias\\\/author\\\/temcosta\\\/\",\"name\":\"teocosta\",\"image\":{\"@type\":\"ImageObject\",\"@id\":\"https:\\\/\\\/teo.com.br\\\/noticias\\\/2025\\\/09\\\/19\\\/sua-empresa-de-tecnologia-precisa-de-um-dpo-encarregado-de-dados-e-a-lei-agora-deixa-isso-ainda-mais-claro\\\/#authorImage\",\"url\":\"https:\\\/\\\/secure.gravatar.com\\\/avatar\\\/9eaa33a8942fc7cb0be99e3b8f5a8f798b4647876bd8c39ebfc4b1f5753beac2?s=96&d=mm&r=g\",\"width\":96,\"height\":96,\"caption\":\"teocosta\"}},{\"@type\":\"WebPage\",\"@id\":\"https:\\\/\\\/teo.com.br\\\/noticias\\\/2025\\\/09\\\/19\\\/sua-empresa-de-tecnologia-precisa-de-um-dpo-encarregado-de-dados-e-a-lei-agora-deixa-isso-ainda-mais-claro\\\/#webpage\",\"url\":\"https:\\\/\\\/teo.com.br\\\/noticias\\\/2025\\\/09\\\/19\\\/sua-empresa-de-tecnologia-precisa-de-um-dpo-encarregado-de-dados-e-a-lei-agora-deixa-isso-ainda-mais-claro\\\/\",\"name\":\"Sua empresa de tecnologia precisa de um DPO (Encarregado de Dados) \\u2013 e a lei agora deixa isso ainda mais claro! - Teo\",\"description\":\"\\ud83d\\udea8 Sua empresa de tecnologia precisa de um DPO (Encarregado de Dados) \\u2013 e a lei agora deixa isso ainda mais claro! A Lei Geral de Prote\\u00e7\\u00e3o de Dados (LGPD) j\\u00e1 exigia a figura do Encarregado pelo Tratamento de Dados Pessoais (DPO).Mas com a publica\\u00e7\\u00e3o da Resolu\\u00e7\\u00e3o CD\\\/ANPD n\\u00ba 18, de 16 de julho de\",\"inLanguage\":\"pt-BR\",\"isPartOf\":{\"@id\":\"https:\\\/\\\/teo.com.br\\\/noticias\\\/#website\"},\"breadcrumb\":{\"@id\":\"https:\\\/\\\/teo.com.br\\\/noticias\\\/2025\\\/09\\\/19\\\/sua-empresa-de-tecnologia-precisa-de-um-dpo-encarregado-de-dados-e-a-lei-agora-deixa-isso-ainda-mais-claro\\\/#breadcrumblist\"},\"author\":{\"@id\":\"https:\\\/\\\/teo.com.br\\\/noticias\\\/author\\\/temcosta\\\/#author\"},\"creator\":{\"@id\":\"https:\\\/\\\/teo.com.br\\\/noticias\\\/author\\\/temcosta\\\/#author\"},\"datePublished\":\"2025-09-19T10:30:06-03:00\",\"dateModified\":\"2025-10-08T13:15:28-03:00\"},{\"@type\":\"WebSite\",\"@id\":\"https:\\\/\\\/teo.com.br\\\/noticias\\\/#website\",\"url\":\"https:\\\/\\\/teo.com.br\\\/noticias\\\/\",\"name\":\"Teo Costa - Tecnologia e Solu\\u00e7\\u00f5es Corporativas em Seguran\\u00e7a Contra Inc\\u00eandio Pesquisa de Satisfa\\u00e7\\u00e3o\",\"description\":\"Head TI - DPO\",\"inLanguage\":\"pt-BR\",\"publisher\":{\"@id\":\"https:\\\/\\\/teo.com.br\\\/noticias\\\/#organization\"}}]}\n\t\t<\/script>\n\t\t<!-- All in One SEO -->\n\n","aioseo_head_json":{"title":"Sua empresa de tecnologia precisa de um DPO (Encarregado de Dados) \u2013 e a lei agora deixa isso ainda mais claro! - Teo","description":"\ud83d\udea8 Sua empresa de tecnologia precisa de um DPO (Encarregado de Dados) \u2013 e a lei agora deixa isso ainda mais claro! A Lei Geral de Prote\u00e7\u00e3o de Dados (LGPD) j\u00e1 exigia a figura do Encarregado pelo Tratamento de Dados Pessoais (DPO).Mas com a publica\u00e7\u00e3o da Resolu\u00e7\u00e3o CD\/ANPD n\u00ba 18, de 16 de julho de","canonical_url":"https:\/\/teo.com.br\/noticias\/2025\/09\/19\/sua-empresa-de-tecnologia-precisa-de-um-dpo-encarregado-de-dados-e-a-lei-agora-deixa-isso-ainda-mais-claro\/","robots":"max-image-preview:large","keywords":"","webmasterTools":{"miscellaneous":""},"schema":{"@context":"https:\/\/schema.org","@graph":[{"@type":"BlogPosting","@id":"https:\/\/teo.com.br\/noticias\/2025\/09\/19\/sua-empresa-de-tecnologia-precisa-de-um-dpo-encarregado-de-dados-e-a-lei-agora-deixa-isso-ainda-mais-claro\/#blogposting","name":"Sua empresa de tecnologia precisa de um DPO (Encarregado de Dados) \u2013 e a lei agora deixa isso ainda mais claro! - Teo","headline":"Sua empresa de tecnologia precisa de um DPO (Encarregado de Dados) \u2013 e a lei agora deixa isso ainda mais claro!","author":{"@id":"https:\/\/teo.com.br\/noticias\/author\/temcosta\/#author"},"publisher":{"@id":"https:\/\/teo.com.br\/noticias\/#organization"},"datePublished":"2025-09-19T10:30:06-03:00","dateModified":"2025-10-08T13:15:28-03:00","inLanguage":"pt-BR","mainEntityOfPage":{"@id":"https:\/\/teo.com.br\/noticias\/2025\/09\/19\/sua-empresa-de-tecnologia-precisa-de-um-dpo-encarregado-de-dados-e-a-lei-agora-deixa-isso-ainda-mais-claro\/#webpage"},"isPartOf":{"@id":"https:\/\/teo.com.br\/noticias\/2025\/09\/19\/sua-empresa-de-tecnologia-precisa-de-um-dpo-encarregado-de-dados-e-a-lei-agora-deixa-isso-ainda-mais-claro\/#webpage"},"articleSection":"Adwords, Dicas, Seo, Teo Costa Consultor, anpd, direito, Jur\u00eddica, lgdp"},{"@type":"BreadcrumbList","@id":"https:\/\/teo.com.br\/noticias\/2025\/09\/19\/sua-empresa-de-tecnologia-precisa-de-um-dpo-encarregado-de-dados-e-a-lei-agora-deixa-isso-ainda-mais-claro\/#breadcrumblist","itemListElement":[{"@type":"ListItem","@id":"https:\/\/teo.com.br\/noticias#listItem","position":1,"name":"Home","item":"https:\/\/teo.com.br\/noticias","nextItem":{"@type":"ListItem","@id":"https:\/\/teo.com.br\/noticias\/categoria\/teo-costa-consultor\/#listItem","name":"Teo Costa Consultor"}},{"@type":"ListItem","@id":"https:\/\/teo.com.br\/noticias\/categoria\/teo-costa-consultor\/#listItem","position":2,"name":"Teo Costa Consultor","item":"https:\/\/teo.com.br\/noticias\/categoria\/teo-costa-consultor\/","nextItem":{"@type":"ListItem","@id":"https:\/\/teo.com.br\/noticias\/2025\/09\/19\/sua-empresa-de-tecnologia-precisa-de-um-dpo-encarregado-de-dados-e-a-lei-agora-deixa-isso-ainda-mais-claro\/#listItem","name":"Sua empresa de tecnologia precisa de um DPO (Encarregado de Dados) \u2013 e a lei agora deixa isso ainda mais claro!"},"previousItem":{"@type":"ListItem","@id":"https:\/\/teo.com.br\/noticias#listItem","name":"Home"}},{"@type":"ListItem","@id":"https:\/\/teo.com.br\/noticias\/2025\/09\/19\/sua-empresa-de-tecnologia-precisa-de-um-dpo-encarregado-de-dados-e-a-lei-agora-deixa-isso-ainda-mais-claro\/#listItem","position":3,"name":"Sua empresa de tecnologia precisa de um DPO (Encarregado de Dados) \u2013 e a lei agora deixa isso ainda mais claro!","previousItem":{"@type":"ListItem","@id":"https:\/\/teo.com.br\/noticias\/categoria\/teo-costa-consultor\/#listItem","name":"Teo Costa Consultor"}}]},{"@type":"Organization","@id":"https:\/\/teo.com.br\/noticias\/#organization","name":"Teo Costa - Tecnologia e Solu\u00e7\u00f5es Corporativas em Seguran\u00e7a Contra Inc\u00eandio Pesquisa de Satisfa\u00e7\u00e3o","description":"Head TI - DPO","url":"https:\/\/teo.com.br\/noticias\/"},{"@type":"Person","@id":"https:\/\/teo.com.br\/noticias\/author\/temcosta\/#author","url":"https:\/\/teo.com.br\/noticias\/author\/temcosta\/","name":"teocosta","image":{"@type":"ImageObject","@id":"https:\/\/teo.com.br\/noticias\/2025\/09\/19\/sua-empresa-de-tecnologia-precisa-de-um-dpo-encarregado-de-dados-e-a-lei-agora-deixa-isso-ainda-mais-claro\/#authorImage","url":"https:\/\/secure.gravatar.com\/avatar\/9eaa33a8942fc7cb0be99e3b8f5a8f798b4647876bd8c39ebfc4b1f5753beac2?s=96&d=mm&r=g","width":96,"height":96,"caption":"teocosta"}},{"@type":"WebPage","@id":"https:\/\/teo.com.br\/noticias\/2025\/09\/19\/sua-empresa-de-tecnologia-precisa-de-um-dpo-encarregado-de-dados-e-a-lei-agora-deixa-isso-ainda-mais-claro\/#webpage","url":"https:\/\/teo.com.br\/noticias\/2025\/09\/19\/sua-empresa-de-tecnologia-precisa-de-um-dpo-encarregado-de-dados-e-a-lei-agora-deixa-isso-ainda-mais-claro\/","name":"Sua empresa de tecnologia precisa de um DPO (Encarregado de Dados) \u2013 e a lei agora deixa isso ainda mais claro! - Teo","description":"\ud83d\udea8 Sua empresa de tecnologia precisa de um DPO (Encarregado de Dados) \u2013 e a lei agora deixa isso ainda mais claro! A Lei Geral de Prote\u00e7\u00e3o de Dados (LGPD) j\u00e1 exigia a figura do Encarregado pelo Tratamento de Dados Pessoais (DPO).Mas com a publica\u00e7\u00e3o da Resolu\u00e7\u00e3o CD\/ANPD n\u00ba 18, de 16 de julho de","inLanguage":"pt-BR","isPartOf":{"@id":"https:\/\/teo.com.br\/noticias\/#website"},"breadcrumb":{"@id":"https:\/\/teo.com.br\/noticias\/2025\/09\/19\/sua-empresa-de-tecnologia-precisa-de-um-dpo-encarregado-de-dados-e-a-lei-agora-deixa-isso-ainda-mais-claro\/#breadcrumblist"},"author":{"@id":"https:\/\/teo.com.br\/noticias\/author\/temcosta\/#author"},"creator":{"@id":"https:\/\/teo.com.br\/noticias\/author\/temcosta\/#author"},"datePublished":"2025-09-19T10:30:06-03:00","dateModified":"2025-10-08T13:15:28-03:00"},{"@type":"WebSite","@id":"https:\/\/teo.com.br\/noticias\/#website","url":"https:\/\/teo.com.br\/noticias\/","name":"Teo Costa - Tecnologia e Solu\u00e7\u00f5es Corporativas em Seguran\u00e7a Contra Inc\u00eandio Pesquisa de Satisfa\u00e7\u00e3o","description":"Head TI - DPO","inLanguage":"pt-BR","publisher":{"@id":"https:\/\/teo.com.br\/noticias\/#organization"}}]},"og:locale":"pt_BR","og:site_name":"Teo - Head TI - DPO","og:type":"article","og:title":"Sua empresa de tecnologia precisa de um DPO (Encarregado de Dados) \u2013 e a lei agora deixa isso ainda mais claro! - Teo","og:description":"\ud83d\udea8 Sua empresa de tecnologia precisa de um DPO (Encarregado de Dados) \u2013 e a lei agora deixa isso ainda mais claro! A Lei Geral de Prote\u00e7\u00e3o de Dados (LGPD) j\u00e1 exigia a figura do Encarregado pelo Tratamento de Dados Pessoais (DPO).Mas com a publica\u00e7\u00e3o da Resolu\u00e7\u00e3o CD\/ANPD n\u00ba 18, de 16 de julho de","og:url":"https:\/\/teo.com.br\/noticias\/2025\/09\/19\/sua-empresa-de-tecnologia-precisa-de-um-dpo-encarregado-de-dados-e-a-lei-agora-deixa-isso-ainda-mais-claro\/","og:image":"https:\/\/teo.com.br\/wp-content\/uploads\/2024\/03\/cropped-teo.jpg","og:image:secure_url":"https:\/\/teo.com.br\/wp-content\/uploads\/2024\/03\/cropped-teo.jpg","article:published_time":"2025-09-19T13:30:06+00:00","article:modified_time":"2025-10-08T16:15:28+00:00","twitter:card":"summary_large_image","twitter:title":"Sua empresa de tecnologia precisa de um DPO (Encarregado de Dados) \u2013 e a lei agora deixa isso ainda mais claro! - Teo","twitter:description":"\ud83d\udea8 Sua empresa de tecnologia precisa de um DPO (Encarregado de Dados) \u2013 e a lei agora deixa isso ainda mais claro! A Lei Geral de Prote\u00e7\u00e3o de Dados (LGPD) j\u00e1 exigia a figura do Encarregado pelo Tratamento de Dados Pessoais (DPO).Mas com a publica\u00e7\u00e3o da Resolu\u00e7\u00e3o CD\/ANPD n\u00ba 18, de 16 de julho de","twitter:image":"https:\/\/teo.com.br\/wp-content\/uploads\/2024\/03\/cropped-teo.jpg"},"aioseo_meta_data":{"post_id":"6189","title":null,"description":null,"keywords":null,"keyphrases":{"focus":{"keyphrase":"","score":0,"analysis":{"keyphraseInTitle":{"score":0,"maxScore":9,"error":1}}},"additional":[]},"primary_term":null,"canonical_url":null,"og_title":null,"og_description":null,"og_object_type":"default","og_image_type":"default","og_image_url":null,"og_image_width":null,"og_image_height":null,"og_image_custom_url":null,"og_image_custom_fields":null,"og_video":"","og_custom_url":null,"og_article_section":null,"og_article_tags":null,"twitter_use_og":false,"twitter_card":"default","twitter_image_type":"default","twitter_image_url":null,"twitter_image_custom_url":null,"twitter_image_custom_fields":null,"twitter_title":null,"twitter_description":null,"schema":{"blockGraphs":[],"customGraphs":[],"default":{"data":{"Article":[],"Course":[],"Dataset":[],"FAQPage":[],"Movie":[],"Person":[],"Product":[],"ProductReview":[],"Car":[],"Recipe":[],"Service":[],"SoftwareApplication":[],"WebPage":[]},"graphName":"BlogPosting","isEnabled":true},"graphs":[]},"schema_type":"default","schema_type_options":null,"pillar_content":false,"robots_default":true,"robots_noindex":false,"robots_noarchive":false,"robots_nosnippet":false,"robots_nofollow":false,"robots_noimageindex":false,"robots_noodp":false,"robots_notranslate":false,"robots_max_snippet":"-1","robots_max_videopreview":"-1","robots_max_imagepreview":"large","priority":null,"frequency":"default","local_seo":null,"breadcrumb_settings":null,"limit_modified_date":false,"ai":{"faqs":[],"keyPoints":[],"titles":[],"descriptions":[],"socialPosts":{"email":[],"linkedin":[],"twitter":[],"facebook":[],"instagram":[]}},"created":"2025-09-16 13:31:03","updated":"2025-10-08 16:30:48","seo_analyzer_scan_date":null,"focus_keyword":null,"additional_keywords":null,"truseo_locale":null},"aioseo_breadcrumb":"<div class=\"aioseo-breadcrumbs\"><span class=\"aioseo-breadcrumb\">\n\t\t\t<a href=\"https:\/\/teo.com.br\/noticias\" title=\"Home\">Home<\/a>\n\t\t<\/span><span class=\"aioseo-breadcrumb-separator\">&raquo;<\/span><span class=\"aioseo-breadcrumb\">\n\t\t\t<a href=\"https:\/\/teo.com.br\/noticias\/categoria\/teo-costa-consultor\/\" title=\"Teo Costa Consultor\">Teo Costa Consultor<\/a>\n\t\t<\/span><span class=\"aioseo-breadcrumb-separator\">&raquo;<\/span><span class=\"aioseo-breadcrumb\">\n\t\t\tSua empresa de tecnologia precisa de um DPO (Encarregado de Dados) \u2013 e a lei agora deixa isso ainda mais claro!\n\t\t<\/span><\/div>","aioseo_breadcrumb_json":[{"label":"Home","link":"https:\/\/teo.com.br\/noticias"},{"label":"Teo Costa Consultor","link":"https:\/\/teo.com.br\/noticias\/categoria\/teo-costa-consultor\/"},{"label":"Sua empresa de tecnologia precisa de um DPO (Encarregado de Dados) \u2013 e a lei agora deixa isso ainda mais claro!","link":"https:\/\/teo.com.br\/noticias\/2025\/09\/19\/sua-empresa-de-tecnologia-precisa-de-um-dpo-encarregado-de-dados-e-a-lei-agora-deixa-isso-ainda-mais-claro\/"}],"_links":{"self":[{"href":"https:\/\/teo.com.br\/noticias\/wp-json\/wp\/v2\/posts\/6189","targetHints":{"allow":["GET"]}}],"collection":[{"href":"https:\/\/teo.com.br\/noticias\/wp-json\/wp\/v2\/posts"}],"about":[{"href":"https:\/\/teo.com.br\/noticias\/wp-json\/wp\/v2\/types\/post"}],"author":[{"embeddable":true,"href":"https:\/\/teo.com.br\/noticias\/wp-json\/wp\/v2\/users\/1"}],"replies":[{"embeddable":true,"href":"https:\/\/teo.com.br\/noticias\/wp-json\/wp\/v2\/comments?post=6189"}],"version-history":[{"count":1,"href":"https:\/\/teo.com.br\/noticias\/wp-json\/wp\/v2\/posts\/6189\/revisions"}],"predecessor-version":[{"id":6190,"href":"https:\/\/teo.com.br\/noticias\/wp-json\/wp\/v2\/posts\/6189\/revisions\/6190"}],"wp:attachment":[{"href":"https:\/\/teo.com.br\/noticias\/wp-json\/wp\/v2\/media?parent=6189"}],"wp:term":[{"taxonomy":"category","embeddable":true,"href":"https:\/\/teo.com.br\/noticias\/wp-json\/wp\/v2\/categories?post=6189"},{"taxonomy":"post_tag","embeddable":true,"href":"https:\/\/teo.com.br\/noticias\/wp-json\/wp\/v2\/tags?post=6189"}],"curies":[{"name":"wp","href":"https:\/\/api.w.org\/{rel}","templated":true}]}}